{"id":205177,"date":"2015-01-29T16:52:12","date_gmt":"2015-01-29T14:52:12","guid":{"rendered":"http:\/\/www.nationalturk.com\/?p=205177"},"modified":"2015-01-29T16:52:12","modified_gmt":"2015-01-29T14:52:12","slug":"fransada-le-pen-soku-anketlerde-birinci-cikti-205177","status":"publish","type":"post","link":"https:\/\/www.nationalturk.com\/tr\/fransada-le-pen-soku-anketlerde-birinci-cikti-205177\/","title":{"rendered":"Fransa&#8217;da Le Pen \u015foku! Anketlerde birinci \u00e7\u0131kt\u0131"},"content":{"rendered":"<p><img loading=\"lazy\" decoding=\"async\" class=\"alignnone size-large wp-image-205181\" src=\"http:\/\/www.nationalturk.com\/tr\/wp-content\/uploads\/2015\/01\/marine_le_pen-610x354.jpg\" alt=\"Marine Le Pen\" width=\"610\" height=\"354\" title=\"\" srcset=\"https:\/\/www.nationalturk.com\/tr\/wp-content\/uploads\/2015\/01\/marine_le_pen-610x354.jpg 610w, https:\/\/www.nationalturk.com\/tr\/wp-content\/uploads\/2015\/01\/marine_le_pen-280x162.jpg 280w, https:\/\/www.nationalturk.com\/tr\/wp-content\/uploads\/2015\/01\/marine_le_pen-900x522.jpg 900w, https:\/\/www.nationalturk.com\/tr\/wp-content\/uploads\/2015\/01\/marine_le_pen.jpg 1000w\" sizes=\"auto, (max-width: 610px) 100vw, 610px\" \/><\/p>\n<h1>Fransa\u2019da cumhurba\u015fkanl\u0131\u011f\u0131 se\u00e7imi i\u00e7in yap\u0131lan son ankette a\u015f\u0131r\u0131 sa\u011fc\u0131 Ulusal Cephe lideri Marine Le Pen, Fran\u00e7ois Hollande ve eski Cumhurba\u015fkan\u0131 Nicolas Sarkozy\u2019nin \u00f6n\u00fcnde birinci s\u0131rada \u00e7\u0131kt\u0131!<\/h1>\n<p>\u00dclkenin sayg\u0131n kamuoyu kurulu\u015flar\u0131ndan IFOP\u2019un anketine g\u00f6re, Le Pen, Cumhurba\u015fkanl\u0131\u011f\u0131 se\u00e7iminin ilk turunda y\u00fczde 29 ile 31 aras\u0131nda oy alarak yar\u0131\u015f\u0131 ilk s\u0131rada bitiriyor.<\/p>\n<p>Ankete g\u00f6re, muhalefetteki Eski Cumhurba\u015fkan\u0131 Nicolas Sarkozy y\u00fczde 23, g\u00f6revdeki Cumhurba\u015fkan\u0131 Fran\u00e7ois Hollande ise y\u00fczde 21 oran\u0131nda oy al\u0131yor.<\/p>\n<p>Sosyalist Parti\u2019nin Hollande\u2019\u0131n yerine Ba\u015fbakan Manuel Valls\u2019i aday g\u00f6stermesi halinde ise Ba\u015fbakan, bu oran\u0131 sadece y\u00fczde 23\u2019e \u00e7\u0131kartabiliyor.<\/p>\n<p>Merkez sa\u011f\u0131n, Sarkozy yerine eski Ba\u015fbakan Alain Juppe\u2019yi aday g\u00f6stermesi halinde ise bu siyaset\u00e7i de partisinin oylar\u0131n\u0131 y\u00fczde 23\u2019ten yukar\u0131 \u00e7\u0131kartam\u0131yor.<\/p>\n<p>Anket ayr\u0131ca, Le Pen&#8217;in iki turlu se\u00e7imde, y\u00fczde 45\u2019ten fazla oy alamayaca\u011f\u0131 i\u00e7in Elysee Saray\u0131\u2019na se\u00e7ilemeyece\u011fini de g\u00f6steriyor.<\/p>\n<p>Fransa&#8217;da Cumhurba\u015fkanl\u0131\u011f\u0131 se\u00e7iminin 2017 y\u0131l\u0131nda yap\u0131lmas\u0131 \u00f6ng\u00f6r\u00fcl\u00fcyor.<\/p>\n<p>A\u015f\u0131r\u0131 sa\u011f, ge\u00e7ti\u011fimiz y\u0131l may\u0131s ay\u0131nda d\u00fczenlenen Avrupa Parlamentosu se\u00e7imlerini ilk s\u0131rada bitirme ba\u015far\u0131s\u0131 g\u00f6stermi\u015fti.<\/p>\n<p>Frans\u0131z siyaset sisteminde genel ve yerel se\u00e7imler iki turlu d\u00fczenlendi\u011fi i\u00e7in, a\u015f\u0131r\u0131 sa\u011f oy potansiyelini tam olarak se\u00e7im sonucuna yans\u0131tam\u0131yor. Merkez sa\u011f se\u00e7menin, ikinci turda aday olmamas\u0131 halinde genelde a\u015f\u0131r\u0131 sa\u011f yerine sol aday\u0131 tercih etme yoluna gitti\u011fi g\u00f6r\u00fcn\u00fcyor. (AA)<\/p>\n<!-- Error, Advert is not available at this time due to schedule\/geolocation restrictions! -->\n","protected":false},"excerpt":{"rendered":"<p>Fransa\u2019da cumhurba\u015fkanl\u0131\u011f\u0131 se\u00e7imi i\u00e7in yap\u0131lan son ankette a\u015f\u0131r\u0131 sa\u011fc\u0131 Ulusal Cephe lideri Marine Le Pen, Fran\u00e7ois Hollande ve eski Cumhurba\u015fkan\u0131 Nicolas Sarkozy\u2019nin \u00f6n\u00fcnde birinci s\u0131rada \u00e7\u0131kt\u0131!<\/p>\n","protected":false},"author":4,"featured_media":205183,"comment_status":"open","ping_status":"open","sticky":false,"template":"","format":"standard","meta":{"_acf_changed":false,"footnotes":""},"categories":[6770,6665,6155,5005,6202,349],"tags":[92241,17,173493,94788,161426,56452,106214],"class_list":["post-205177","post","type-post","status-publish","format-standard","has-post-thumbnail","hentry","category-avrupa","category-dunya","category-gundem","category-manset","category-politika","category-son-dakika","tag-elysee-sarayi","tag-fransa","tag-fransa-cumhurbaskanligi-secimi","tag-fransa-secim","tag-le-pen","tag-marine-le-pen","tag-marine-le-pen-fransa"],"acf":[],"_links":{"self":[{"href":"https:\/\/www.nationalturk.com\/tr\/wp-json\/wp\/v2\/posts\/205177","targetHints":{"allow":["GET"]}}],"collection":[{"href":"https:\/\/www.nationalturk.com\/tr\/wp-json\/wp\/v2\/posts"}],"about":[{"href":"https:\/\/www.nationalturk.com\/tr\/wp-json\/wp\/v2\/types\/post"}],"author":[{"embeddable":true,"href":"https:\/\/www.nationalturk.com\/tr\/wp-json\/wp\/v2\/users\/4"}],"replies":[{"embeddable":true,"href":"https:\/\/www.nationalturk.com\/tr\/wp-json\/wp\/v2\/comments?post=205177"}],"version-history":[{"count":0,"href":"https:\/\/www.nationalturk.com\/tr\/wp-json\/wp\/v2\/posts\/205177\/revisions"}],"wp:featuredmedia":[{"embeddable":true,"href":"https:\/\/www.nationalturk.com\/tr\/wp-json\/wp\/v2\/media\/205183"}],"wp:attachment":[{"href":"https:\/\/www.nationalturk.com\/tr\/wp-json\/wp\/v2\/media?parent=205177"}],"wp:term":[{"taxonomy":"category","embeddable":true,"href":"https:\/\/www.nationalturk.com\/tr\/wp-json\/wp\/v2\/categories?post=205177"},{"taxonomy":"post_tag","embeddable":true,"href":"https:\/\/www.nationalturk.com\/tr\/wp-json\/wp\/v2\/tags?post=205177"}],"curies":[{"name":"wp","href":"https:\/\/api.w.org\/{rel}","templated":true}]}}