{"id":205362,"date":"2015-02-02T15:45:31","date_gmt":"2015-02-02T13:45:31","guid":{"rendered":"http:\/\/www.nationalturk.com\/?p=205362"},"modified":"2022-09-20T01:44:50","modified_gmt":"2022-09-19T22:44:50","slug":"fuat-yaman-yazdi-kolay-olmadi-205362","status":"publish","type":"post","link":"https:\/\/www.nationalturk.com\/tr\/fuat-yaman-yazdi-kolay-olmadi-205362\/","title":{"rendered":"Fuat Yaman yazd\u0131: Kolay olmad\u0131"},"content":{"rendered":"<p><img loading=\"lazy\" decoding=\"async\" class=\"alignleft size-medium wp-image-205363\" src=\"http:\/\/www.nationalturk.com\/tr\/wp-content\/uploads\/2015\/02\/fy-anasayfa-206x220.jpg\" alt=\"Fuat Yaman\" width=\"206\" height=\"220\" title=\"\" srcset=\"https:\/\/www.nationalturk.com\/tr\/wp-content\/uploads\/2015\/02\/fy-anasayfa-206x220.jpg 206w, https:\/\/www.nationalturk.com\/tr\/wp-content\/uploads\/2015\/02\/fy-anasayfa.jpg 300w\" sizes=\"auto, (max-width: 206px) 100vw, 206px\" \/><\/p>\n<h1>NationalTurk yorumcusu Fuat Yaman, d\u00fcn oynanan ve siyah beyazl\u0131lar\u0131n 2-1 kazand\u0131\u011f\u0131 Be\u015fikta\u015f Mersin \u0130dman Yurdu ma\u00e7\u0131n\u0131 yorumlad\u0131:<\/h1>\n<p><strong>Kolay Olmad\u0131<\/strong><\/p>\n<p>Tak\u0131r tak\u0131r oynanan tipik bir lig ma\u00e7\u0131 oynand\u0131. Atiba&#8217;n\u0131n yoklu\u011funda savunma zaaf\u0131 g\u00f6stermesi muhtemel tak\u0131mda Veli 2 hatta 3 ki\u015filik oynay\u0131nca fazla problem olmad\u0131.<\/p>\n<p>Tita&#8217;y\u0131 kul\u00fcbede ba\u015flat\u0131p yerine direnci art\u0131racak orta alan oyuncusunu tercih eden R\u0131za hoca da i\u015fi sert m\u00fccadeleye d\u00f6ken anlay\u0131\u015f\u0131 benimsemi\u015fti.<\/p>\n<p>Atak ve bask\u0131l\u0131 oynayan Be\u015fikta\u015f pozisyon bulmakta zorland\u0131. Tart\u0131\u015f\u0131lan penalt\u0131 pozisyonu d\u0131\u015f\u0131nda organize geli\u015fen ilk atakta gol geldi. Golden sonra kar\u015f\u0131 atakta 2. yi bulacak elveri\u015fli pozisyonlar\u0131 final paslar\u0131ndaki hatalar sonuca \u00e7evirmedi. Mersin orta alandan oyuncu eksiltip h\u00fccuma Sinan&#8217;\u0131 al\u0131nca oyun az da olsa rahatlad\u0131.<\/p>\n<p>\u0130kili m\u00fccadele anlay\u0131\u015f\u0131 yerini organize oynamaya \u00e7al\u0131\u015fan iki tak\u0131m\u0131n oyununa d\u00f6nd\u00fc. Be\u015fikta\u015f daha etkin oynarken kalesinde tehlike de ya\u015famaya ba\u015flad\u0131. Kaleci Tolga&#8217;n\u0131n zamanlama hatalar\u0131 ve topu elinden ka\u00e7\u0131rma problemleri g\u00f6r\u00fcld\u00fc. Be\u015fikta\u015f&#8217;\u0131n yedi\u011fi golden hemen sonra g\u00f6l\u00fc bulmas\u0131 da iyi bir \u015fanst\u0131. T\u0131pk\u0131 gol\u00fcn kendisi gibi. Sonra, yine klasik \u015feyler ya\u015fand\u0131. Gereksiz geriye yasland\u0131. Sahadaki oyunculara panik yollayan At\u0131n\u00e7 de\u011fi\u015fikli\u011fi yapt\u0131. Oysa Tak\u0131m\u0131 \u00f6ne \u00e7\u0131kar\u0131p oyunu \u00f6nde oynama anlay\u0131\u015f\u0131n\u0131n geli\u015fmesi gerekiyor. Bili\u00e7&#8217;in bu konuda hala farkl\u0131 bir uygulamaya gitmemesi \u015fa\u015f\u0131rt\u0131c\u0131. Bu y\u00fczden kaybedilmi\u015f bir dolu ma\u00e7 varken, b\u00fct\u00fcn derbileri bu y\u00fczden kaybetmi\u015fken, bu yanl\u0131\u015fta bu \u0131srar anla\u015f\u0131lam\u0131yor. Sosa oynad\u0131\u011f\u0131 b\u00f6l\u00fcmlerde oyuna kalitesini yans\u0131tan yegane oyuncuydu. \u00c7abuk ve do\u011fru oyun anlay\u0131\u015f\u0131ndan \u00f6rnekler verdi. \u0130kinci yar\u0131 Serdar \u00e7ok iyi oynad\u0131. Atakta ve savunmada gereken ne varsa yapt\u0131. Ersan da savunmada iyi oynad\u0131. Demba Ba ve Olcay \u00e7ok \u00e7al\u0131\u015ft\u0131. G\u00f6khan etkisiz ve temposuzdu. Veli Be\u015fikta\u015f&#8217;\u0131 bir ki\u015fi fazla oynatan ve sahan\u0131n en iyi futbolcusuydu tart\u0131\u015fmas\u0131z. Mersin bekledi\u011fimin \u00fcst\u00fcnde bir oyun oynad\u0131. S\u0131n\u0131rl\u0131 kadrosuyla oyunun b\u00fcy\u00fck b\u00f6l\u00fcm\u00fcnde tehdit olu\u015fturdu.<\/p>\n<p><strong>Fuat Yaman \/ NationalTurk<\/strong><\/p>\n<!-- Error, Advert is not available at this time due to schedule\/geolocation restrictions! -->\n","protected":false},"excerpt":{"rendered":"<p>NationalTurk yorumcusu Fuat Yaman, d\u00fcn oynanan ve siyah beyazl\u0131lar\u0131n 2-1 kazand\u0131\u011f\u0131 Be\u015fikta\u015f Mersin \u0130dman Yurdu ma\u00e7\u0131n\u0131 yorumlad\u0131:<\/p>\n","protected":false},"author":9192207,"featured_media":205365,"comment_status":"open","ping_status":"open","sticky":false,"template":"","format":"standard","meta":{"_acf_changed":false,"footnotes":""},"categories":[6774,6194],"tags":[183721,1748,5186,50933,133101,195967,181821,8495,60184,42484],"class_list":["post-205362","post","type-post","status-publish","format-standard","has-post-thumbnail","hentry","category-futbol","category-spor","tag-atinc","tag-besiktas","tag-besiktas-maci","tag-besiktas-mersin-idman-yurdu","tag-bilic","tag-fuat-yaman","tag-fuat-yaman-yazi","tag-fuat-yaman-yazilari","tag-veli","tag-veli-kavlak"],"acf":[],"_links":{"self":[{"href":"https:\/\/www.nationalturk.com\/tr\/wp-json\/wp\/v2\/posts\/205362","targetHints":{"allow":["GET"]}}],"collection":[{"href":"https:\/\/www.nationalturk.com\/tr\/wp-json\/wp\/v2\/posts"}],"about":[{"href":"https:\/\/www.nationalturk.com\/tr\/wp-json\/wp\/v2\/types\/post"}],"author":[{"embeddable":true,"href":"https:\/\/www.nationalturk.com\/tr\/wp-json\/wp\/v2\/users\/9192207"}],"replies":[{"embeddable":true,"href":"https:\/\/www.nationalturk.com\/tr\/wp-json\/wp\/v2\/comments?post=205362"}],"version-history":[{"count":0,"href":"https:\/\/www.nationalturk.com\/tr\/wp-json\/wp\/v2\/posts\/205362\/revisions"}],"wp:featuredmedia":[{"embeddable":true,"href":"https:\/\/www.nationalturk.com\/tr\/wp-json\/wp\/v2\/media\/205365"}],"wp:attachment":[{"href":"https:\/\/www.nationalturk.com\/tr\/wp-json\/wp\/v2\/media?parent=205362"}],"wp:term":[{"taxonomy":"category","embeddable":true,"href":"https:\/\/www.nationalturk.com\/tr\/wp-json\/wp\/v2\/categories?post=205362"},{"taxonomy":"post_tag","embeddable":true,"href":"https:\/\/www.nationalturk.com\/tr\/wp-json\/wp\/v2\/tags?post=205362"}],"curies":[{"name":"wp","href":"https:\/\/api.w.org\/{rel}","templated":true}]}}