{"id":205368,"date":"2015-02-02T16:45:02","date_gmt":"2015-02-02T14:45:02","guid":{"rendered":"http:\/\/www.nationalturk.com\/?p=205368"},"modified":"2015-02-02T16:45:02","modified_gmt":"2015-02-02T14:45:02","slug":"nicolas-maduro-abd-venezuelada-venezuelada-darbe-planliyor-205368","status":"publish","type":"post","link":"https:\/\/www.nationalturk.com\/tr\/nicolas-maduro-abd-venezuelada-venezuelada-darbe-planliyor-205368\/","title":{"rendered":"Nicolas Maduro: ABD Venezuela&#8217;da Venezuela&#8217;da darbe planl\u0131yor"},"content":{"rendered":"<p><img loading=\"lazy\" decoding=\"async\" class=\"alignnone size-large wp-image-205369\" src=\"http:\/\/www.nationalturk.com\/tr\/wp-content\/uploads\/2015\/02\/nicolas_maduro_239847222-551x360.jpg\" alt=\"Nicolas Maduro\" width=\"610\" height=\"390\" title=\"\"><\/p>\n<h1>Venezuela Devlet Ba\u015fkan\u0131 Nicolas Maduro, ABD Ba\u015fkan Yard\u0131mc\u0131s\u0131 Joe Biden&#8217;\u0131n, \u00fclkesindeki muhalefetle i\u015fbirli\u011fi yaparak darbe planlad\u0131\u011f\u0131n\u0131 ileri s\u00fcrd\u00fc.<\/h1>\n<p>Venezuela&#8217;da muhalefeti s\u0131k s\u0131k ABD ile i\u015fbirli\u011fi yapmakla su\u00e7layan Devlet Ba\u015fkan\u0131 Nicolas Maduro ilk kez do\u011frudan su\u00e7lama y\u00f6neltti.\u00a0Cua kentinde ulusal kahraman Ezequiel Zamora&#8217;n\u0131n 198. ya\u015f g\u00fcn\u00fc kutlamalar\u0131nda konu\u015fan Maduro, ABD&#8217;nin Venezuela&#8217;ya darbe giri\u015fiminde bulundu\u011funu, operasyonun arkas\u0131nda da ABD Ba\u015fkan Yard\u0131mc\u0131s\u0131 Joe Biden oldu\u011funu iddia etti.<\/p>\n<p>Maduro &#8220;Kuzeydeki emperyalist g\u00fc\u00e7 tehlikeli bir umutsuzluk s\u00fcrecine girdi. K\u0131tadaki di\u011fer \u00fclkelerin h\u00fck\u00fcmetleriyle i\u015fbirli\u011fi yap\u0131p bizim h\u00fck\u00fcmetimizin devrildi\u011fini s\u00f6yleyecek. Bunun sorumlusu da Ba\u015fkan Yard\u0131mc\u0131s\u0131 Joe Biden. Acaba bu planlardan Obama&#8217;n\u0131n haberi var m\u0131d\u0131r?&#8221; ifadelerini kulland\u0131.<\/p>\n<!-- Error, Advert is not available at this time due to schedule\/geolocation restrictions! -->\n","protected":false},"excerpt":{"rendered":"<p>Venezuela Devlet Ba\u015fkan\u0131 Nicolas Maduro, ABD Ba\u015fkan Yard\u0131mc\u0131s\u0131 Joe Biden&#8217;\u0131n, \u00fclkesindeki muhalefetle i\u015fbirli\u011fi yaparak darbe planlad\u0131\u011f\u0131n\u0131 ileri s\u00fcrd\u00fc.<\/p>\n","protected":false},"author":4,"featured_media":205370,"comment_status":"open","ping_status":"open","sticky":false,"template":"","format":"standard","meta":{"_acf_changed":false,"footnotes":""},"categories":[6768,6665,6155,6771,5005,6202],"tags":[4763,56701,119580,71336,154182,7013],"class_list":["post-205368","post","type-post","status-publish","format-standard","has-post-thumbnail","hentry","category-amerika","category-dunya","category-gundem","category-latin-amerika","category-manset","category-politika","tag-amerika","tag-joe-biden","tag-maduro","tag-nicolas-maduro","tag-nicolas-maduro-abd","tag-venezuela"],"acf":[],"_links":{"self":[{"href":"https:\/\/www.nationalturk.com\/tr\/wp-json\/wp\/v2\/posts\/205368","targetHints":{"allow":["GET"]}}],"collection":[{"href":"https:\/\/www.nationalturk.com\/tr\/wp-json\/wp\/v2\/posts"}],"about":[{"href":"https:\/\/www.nationalturk.com\/tr\/wp-json\/wp\/v2\/types\/post"}],"author":[{"embeddable":true,"href":"https:\/\/www.nationalturk.com\/tr\/wp-json\/wp\/v2\/users\/4"}],"replies":[{"embeddable":true,"href":"https:\/\/www.nationalturk.com\/tr\/wp-json\/wp\/v2\/comments?post=205368"}],"version-history":[{"count":0,"href":"https:\/\/www.nationalturk.com\/tr\/wp-json\/wp\/v2\/posts\/205368\/revisions"}],"wp:featuredmedia":[{"embeddable":true,"href":"https:\/\/www.nationalturk.com\/tr\/wp-json\/wp\/v2\/media\/205370"}],"wp:attachment":[{"href":"https:\/\/www.nationalturk.com\/tr\/wp-json\/wp\/v2\/media?parent=205368"}],"wp:term":[{"taxonomy":"category","embeddable":true,"href":"https:\/\/www.nationalturk.com\/tr\/wp-json\/wp\/v2\/categories?post=205368"},{"taxonomy":"post_tag","embeddable":true,"href":"https:\/\/www.nationalturk.com\/tr\/wp-json\/wp\/v2\/tags?post=205368"}],"curies":[{"name":"wp","href":"https:\/\/api.w.org\/{rel}","templated":true}]}}