{"id":205614,"date":"2015-02-06T11:47:41","date_gmt":"2015-02-06T09:47:41","guid":{"rendered":"http:\/\/www.nationalturk.com\/?p=205614"},"modified":"2015-02-06T11:47:41","modified_gmt":"2015-02-06T09:47:41","slug":"besiktasli-yonetici-john-carew-transferinde-600-bin-dolari-cebe-atti-205614","status":"publish","type":"post","link":"https:\/\/www.nationalturk.com\/tr\/besiktasli-yonetici-john-carew-transferinde-600-bin-dolari-cebe-atti-205614\/","title":{"rendered":"&#8220;Be\u015fikta\u015fl\u0131 y\u00f6netici John Carew transferinde 600 bin dolar\u0131 cebe att\u0131&#8221;"},"content":{"rendered":"<p><img loading=\"lazy\" decoding=\"async\" class=\"alignnone size-large wp-image-205615\" src=\"http:\/\/www.nationalturk.com\/tr\/wp-content\/uploads\/2015\/02\/carew_transferi-610x314.jpeg\" alt=\"John Carew\" width=\"610\" height=\"314\" title=\"\" srcset=\"https:\/\/www.nationalturk.com\/tr\/wp-content\/uploads\/2015\/02\/carew_transferi-610x314.jpeg 610w, https:\/\/www.nationalturk.com\/tr\/wp-content\/uploads\/2015\/02\/carew_transferi-280x144.jpeg 280w, https:\/\/www.nationalturk.com\/tr\/wp-content\/uploads\/2015\/02\/carew_transferi.jpeg 640w\" sizes=\"auto, (max-width: 610px) 100vw, 610px\" \/><\/p>\n<h1>T\u00fcrk futbolundaki menajer rezaletini yaz\u0131lar\u0131yla ortaya d\u00f6ken Habert\u00fcrk yazar\u0131 Atilla T\u00fcrker, bug\u00fcnk\u00fc yaz\u0131s\u0131nda da Be\u015fikta\u015f\u2019\u0131n John Carew transferinde siyah beyazl\u0131 bir y\u00f6neticinin 600 bin dolar\u0131 cebine att\u0131\u011f\u0131n\u0131 ileri s\u00fcrd\u00fc.<\/h1>\n<p>Atilla T\u00fcrker\u2019in yaz\u0131s\u0131 \u015f\u00f6yle;<\/p>\n<p>\u201cGe\u00e7en hafta\u2026 G\u00f6rev gere\u011fi Antalya\u2019dayd\u0131m. Foto muhabiri dostum H\u00fcseyin Yavuz ile otelin lobisinde oturuyordum. Yan\u0131m\u0131za \u00e7ok sevdi\u011fimiz bir meslekta\u015f\u0131m\u0131z geldi. Be\u015fikta\u015f\u2019a yak\u0131nl\u0131\u011f\u0131 ile bilinen bu meslekta\u015f\u0131m\u0131z, konuya do\u011frudan girdi:<br \/>\n\u2013 \u201cAtilla a\u011fabey, size John Carew\u2019in transferini anlatmak istiyorum. Biliyorsunuz 10-11 y\u0131l \u00f6nce Carew, Be\u015fikta\u015f\u2019a geldi. Carew ile y\u0131ll\u0131k 2 milyon dolar \u00fczerinden anla\u015fma yap\u0131ld\u0131. \u0130\u015f tamamen bittikten sonra\u2026 Be\u015fikta\u015f\u2019tan bir y\u00f6netici, uluslararas\u0131 d\u00fczeyde \u00e7al\u0131\u015fan bir menajere telefon a\u00e7t\u0131, \u2018Gel sana menajerlik \u00fccreti verelim\u2019 dedi.\u201d<br \/>\nBen ve H\u00fcseyin, \u015fa\u015fk\u0131nl\u0131kla dinlerken, meslekta\u015f\u0131m\u0131z devam etti:<br \/>\n\u2013 \u201cMenajer ilk u\u00e7akla geldi. Kendisine 400 bin dolarl\u0131k menajerlik \u00fccreti verildi. Durduk yere verildi. Ama kar\u015f\u0131l\u0131\u011f\u0131nda da kendisinden 1 milyon dolarl\u0131k menajerlik faturas\u0131 al\u0131nd\u0131. Aradaki 600 bin dolar, o y\u00f6neticinin cebine girdi\u2026\u201d<br \/>\nBiraz daha detay verdi meslekta\u015f\u0131m\u0131z:<br \/>\n\u2013 \u201cBu y\u00f6netici, bu transferi ger\u00e7ekle\u015ftirdi\u011fi i\u00e7in, camiadan b\u00fcy\u00fck \u00f6vg\u00fc ald\u0131. Takdir toplad\u0131. Medya da g\u00f6klere \u00e7\u0131kartt\u0131.\u201d<br \/>\nAynen b\u00f6yle\u2026 \u0130simleri de tek tek s\u00f6yledi bu meslekta\u015f\u0131m\u0131z.<br \/>\nSonra ara\u015ft\u0131rd\u0131\u011f\u0131mda\u2026 S\u00f6ylediklerinin birebir tuttu\u011funu g\u00f6rd\u00fcm.<br \/>\nMeslekta\u015f\u0131m\u0131z\u0131 kutlamak isterim, haf\u0131zas\u0131 ger\u00e7ekten \u00e7ok iyiymi\u015f\u2026<\/p>\n<p>\u2018D\u00fcn\u2026 Sabah\u0131n erken saatleri\u2026 \u00c7ok sevdi\u011fim ve g\u00fcvendi\u011fim bir menajer arad\u0131.<\/p>\n<p>Aynen \u015funlar\u0131 s\u00f6yledi:<br \/>\n\u201cMenajer oyunlar\u0131n\u0131 haftalard\u0131r yaz\u0131yorsun. \u0130yi de yap\u0131yorsun. Bu yazd\u0131klar\u0131na bu memlekette itiraz edebilecek tek bir ki\u015fi bile yok\u2026 Piyasa her ge\u00e7en g\u00fcn daha k\u00f6t\u00fcye gidiyor. Baz\u0131 kul\u00fcpler birileri taraf\u0131ndan resmen soyuluyor. Bu y\u00fczden d\u00fcr\u00fcst insanlar\u0131n can\u0131 yan\u0131yor. K\u00f6t\u00fcler, iyileri kovuyor\u2026 \u0130\u015f yapamaz hale geldik. Cepten yiyoruz\u2026\u201d<br \/>\nKonuyu biraz daha a\u00e7t\u0131:<br \/>\n\u201cLisansl\u0131 menajer olarak T\u00fcrkiye\u2019de 197 ki\u015fiyiz. Her birimiz her y\u0131l 1200 Euro poli\u00e7e \u00fccreti \u00f6d\u00fcyoruz. Mesleki sorumluluk poli\u00e7esi bu\u2026 FIFA talimat\u0131 gere\u011fi \u00f6demek zorunday\u0131z. Ayr\u0131ca her y\u0131l kart yenileme ve vize \u00fccreti olarak da Futbol Federasyonu\u2019na 2\u2019\u015fer bin lira yat\u0131r\u0131yoruz. Sonra ne oluyor? A\u00e7 geziyoruz\u2026 \u00d6n\u00fcne gelen menajerlik yapmaya ba\u015flad\u0131. Hani, d\u00fcr\u00fcst yapsalar, kimsenin laf\u0131 olamaz. Ama maalesef, inan\u0131lmaz bir soygun var\u2026\u201d<br \/>\nSon bir vurgu yapt\u0131 menajer dostum:<\/p>\n<p>\u201cLisanss\u0131z menajerler aras\u0131nda \u00f6yle taklac\u0131lar var ki\u2026 \u0130nsan bu i\u015fi yapt\u0131\u011f\u0131na utan\u0131yor. \u00dclke futbolunun selameti a\u00e7\u0131s\u0131ndan bu sahtekar menajerlerin ay\u0131klanmas\u0131 gerekiyor.\u201d<br \/>\n\u00c7ok ilgin\u00e7 detaylara da girdi bu menajer dostum\u2026 Ve hatta, piyasadaki taklac\u0131 menajerlerin takla atma y\u00f6ntemlerini \u00f6yle bir anlatt\u0131 ki\u2026 \u015ea\u015fk\u0131nl\u0131kla dinledim. Bu m\u00fcthi\u015f y\u00f6ntemleri en k\u0131sa zamanda dile getirece\u011fimi de kendisine s\u00f6yledim.<\/p>\n<p>\u015eu hususu vurgulamamda fayda var:<\/p>\n<p>Menajerlerle ilgili yaz\u0131lar\u0131 kaleme ald\u0131\u011f\u0131m \u015fu s\u00fcre\u00e7te, \u015fahs\u0131ma inan\u0131lmaz say\u0131da bilgi ya\u011fmaya ba\u015flad\u0131. Okumakla ya da konu\u015fmakla bitmiyor. Hepsi \u00e7ok ilgin\u00e7\u2026 Mesela, menajer arkada\u015flardan birisi bir mail yollad\u0131, hangi teknik adam, hangi menajerle \u00e7al\u0131\u015f\u0131yor, hangi kul\u00fcp, hangi menajer \u00fczerinden i\u015f yap\u0131yor, detayl\u0131 bir \u015fekilde yazm\u0131\u015f\u2026 Sa\u011f olsun!\u2026<br \/>\nOkudum, ara\u015ft\u0131rd\u0131m, edindi\u011fim bilgiler do\u011frultusunda s\u00f6yl\u00fcyorum, neredeyse tamam\u0131 do\u011fru. Ve bana bu maili yollayan menajer arkada\u015f, \u015fu notu eklemeyi de ihmal etmemi\u015f:<br \/>\n\u2013 \u00c7ark \u00f6yle bir i\u015fliyor ki\u2026 T\u0131k\u0131r t\u0131k\u0131r\u2026 Herkes hayat\u0131ndan memnun\u2026 Bu teknik adamlar ve y\u00f6neticiler, aralar\u0131na ba\u015fka menajeri kesinlikle almazlar\u2026 Pastay\u0131 ba\u015fkalar\u0131na yedirmezler\u2026 Birlikte yerler\u2026\u201d<\/p>\n<!-- Error, Advert is not available at this time due to schedule\/geolocation restrictions! -->\n","protected":false},"excerpt":{"rendered":"<p>T\u00fcrk futbolundaki menajer rezaletini yaz\u0131lar\u0131yla ortaya d\u00f6ken Habert\u00fcrk yazar\u0131 Atilla T\u00fcrker, bug\u00fcnk\u00fc yaz\u0131s\u0131nda da Be\u015fikta\u015f\u2019\u0131n John Carew transferinde siyah beyazl\u0131 bir y\u00f6neticinin 600 bin dolar\u0131 cebine att\u0131\u011f\u0131n\u0131 ileri s\u00fcrd\u00fc.<\/p>\n","protected":false},"author":4,"featured_media":205616,"comment_status":"open","ping_status":"open","sticky":false,"template":"","format":"standard","meta":{"_acf_changed":false,"footnotes":""},"categories":[6774,5005,6194],"tags":[175286,1748,8263,4110,34500],"class_list":["post-205614","post","type-post","status-publish","format-standard","has-post-thumbnail","hentry","category-futbol","category-manset","category-spor","tag-atilla-turker","tag-besiktas","tag-besiktas-transfer","tag-haberturk","tag-john-carew"],"acf":[],"_links":{"self":[{"href":"https:\/\/www.nationalturk.com\/tr\/wp-json\/wp\/v2\/posts\/205614","targetHints":{"allow":["GET"]}}],"collection":[{"href":"https:\/\/www.nationalturk.com\/tr\/wp-json\/wp\/v2\/posts"}],"about":[{"href":"https:\/\/www.nationalturk.com\/tr\/wp-json\/wp\/v2\/types\/post"}],"author":[{"embeddable":true,"href":"https:\/\/www.nationalturk.com\/tr\/wp-json\/wp\/v2\/users\/4"}],"replies":[{"embeddable":true,"href":"https:\/\/www.nationalturk.com\/tr\/wp-json\/wp\/v2\/comments?post=205614"}],"version-history":[{"count":0,"href":"https:\/\/www.nationalturk.com\/tr\/wp-json\/wp\/v2\/posts\/205614\/revisions"}],"wp:featuredmedia":[{"embeddable":true,"href":"https:\/\/www.nationalturk.com\/tr\/wp-json\/wp\/v2\/media\/205616"}],"wp:attachment":[{"href":"https:\/\/www.nationalturk.com\/tr\/wp-json\/wp\/v2\/media?parent=205614"}],"wp:term":[{"taxonomy":"category","embeddable":true,"href":"https:\/\/www.nationalturk.com\/tr\/wp-json\/wp\/v2\/categories?post=205614"},{"taxonomy":"post_tag","embeddable":true,"href":"https:\/\/www.nationalturk.com\/tr\/wp-json\/wp\/v2\/tags?post=205614"}],"curies":[{"name":"wp","href":"https:\/\/api.w.org\/{rel}","templated":true}]}}