{"id":205680,"date":"2015-02-07T15:24:50","date_gmt":"2015-02-07T13:24:50","guid":{"rendered":"http:\/\/www.nationalturk.com\/?p=205680"},"modified":"2015-02-07T15:24:50","modified_gmt":"2015-02-07T13:24:50","slug":"basbakan-davutoglu-hakan-fidan-istifa-205680","status":"publish","type":"post","link":"https:\/\/www.nationalturk.com\/tr\/basbakan-davutoglu-hakan-fidan-istifa-205680\/","title":{"rendered":"Ba\u015fbakan Davuto\u011flu, Hakan Fidan&#8217;\u0131n istifas\u0131 hakk\u0131nda ilk kez konu\u015ftu"},"content":{"rendered":"<h1><img loading=\"lazy\" decoding=\"async\" class=\"aligncenter size-full wp-image-205683\" src=\"http:\/\/www.nationalturk.com\/tr\/wp-content\/uploads\/2015\/02\/ahmet-davutoglu-hakan-fidan-istifa.jpg\" alt=\"\" width=\"610\" height=\"375\" title=\"\" srcset=\"https:\/\/www.nationalturk.com\/tr\/wp-content\/uploads\/2015\/02\/ahmet-davutoglu-hakan-fidan-istifa.jpg 610w, https:\/\/www.nationalturk.com\/tr\/wp-content\/uploads\/2015\/02\/ahmet-davutoglu-hakan-fidan-istifa-280x172.jpg 280w, https:\/\/www.nationalturk.com\/tr\/wp-content\/uploads\/2015\/02\/ahmet-davutoglu-hakan-fidan-istifa-585x360.jpg 585w\" sizes=\"auto, (max-width: 610px) 100vw, 610px\" \/>Ba\u015fbakan Ahmet Davuto\u011flu, M\u0130T M\u00fcste\u015far\u0131 Hakan Fidan&#8217;\u0131n milletvekili aday aday\u0131 olmak i\u00e7in istifa etmesini de\u011ferlendirdi.<\/h1>\n<p>AK Parti Genel Ba\u015fkan\u0131 ve Ba\u015fbakan Ahmet Davuto\u011flu, Sakarya Spor Salonu&#8217;nda d\u00fczenlenen partisinin Sakarya 5&#8217;inci Ola\u011fan \u0130l Kongresi&#8217;nde, M\u0130T M\u00fcste\u015far\u0131 Hakan Fidan&#8217;\u0131n milletvekili aday aday\u0131 olmak i\u00e7in istifa etmesi hakk\u0131nda ilk kez konultu.<\/p>\n<p>Davuto\u011flu, &#8220;D\u00fcn kendisi istifas\u0131n\u0131, dilek\u00e7esini sundu. 10 \u015eubat&#8217;tan ge\u00e7erli olmak \u00fczere biz de bunu i\u015fleme koyduk. 7 \u015eubat olmas\u0131 tevafuktur, tabii anlaml\u0131 bir tevafuk olarak de\u011ferlendirilebilir. Millete ve devlete hizmet etmi\u015f olanlar ister siyasi olsun, ister b\u00fcrokrat, bir \u015fekilde tarihe onunla adlar\u0131 ge\u00e7er&#8221; \u015feklinde konu\u015ftu.<\/p>\n<!-- Error, Advert is not available at this time due to schedule\/geolocation restrictions! -->\n","protected":false},"excerpt":{"rendered":"<p>Ba\u015fbakan Ahmet Davuto\u011flu, M\u0130T M\u00fcste\u015far\u0131 Hakan Fidan&#8217;\u0131n milletvekili aday\u0131 olmak i\u00e7in istifa etmesini de\u011ferlendirdi.<\/p>\n","protected":false},"author":3,"featured_media":205683,"comment_status":"open","ping_status":"open","sticky":false,"template":"","format":"standard","meta":{"_acf_changed":false,"footnotes":""},"categories":[6155,5005,6202],"tags":[8773,3557,171314,8952,163123,27155,184068,184069,184072,89499,27157],"class_list":["post-205680","post","type-post","status-publish","format-standard","has-post-thumbnail","hentry","category-gundem","category-manset","category-politika","tag-ahmet-davutoglu","tag-ak-parti","tag-ak-parti-genel-baskani","tag-basbakan","tag-basbakan-ahmet-davutoglu","tag-hakan-fidan","tag-hakan-fidan-istifa","tag-hakan-fidan-kimdir","tag-hakan-fidan-milletvekili","tag-mit-mustesari","tag-mit-mustesari-hakan-fidan"],"acf":[],"_links":{"self":[{"href":"https:\/\/www.nationalturk.com\/tr\/wp-json\/wp\/v2\/posts\/205680","targetHints":{"allow":["GET"]}}],"collection":[{"href":"https:\/\/www.nationalturk.com\/tr\/wp-json\/wp\/v2\/posts"}],"about":[{"href":"https:\/\/www.nationalturk.com\/tr\/wp-json\/wp\/v2\/types\/post"}],"author":[{"embeddable":true,"href":"https:\/\/www.nationalturk.com\/tr\/wp-json\/wp\/v2\/users\/3"}],"replies":[{"embeddable":true,"href":"https:\/\/www.nationalturk.com\/tr\/wp-json\/wp\/v2\/comments?post=205680"}],"version-history":[{"count":0,"href":"https:\/\/www.nationalturk.com\/tr\/wp-json\/wp\/v2\/posts\/205680\/revisions"}],"wp:featuredmedia":[{"embeddable":true,"href":"https:\/\/www.nationalturk.com\/tr\/wp-json\/wp\/v2\/media\/205683"}],"wp:attachment":[{"href":"https:\/\/www.nationalturk.com\/tr\/wp-json\/wp\/v2\/media?parent=205680"}],"wp:term":[{"taxonomy":"category","embeddable":true,"href":"https:\/\/www.nationalturk.com\/tr\/wp-json\/wp\/v2\/categories?post=205680"},{"taxonomy":"post_tag","embeddable":true,"href":"https:\/\/www.nationalturk.com\/tr\/wp-json\/wp\/v2\/tags?post=205680"}],"curies":[{"name":"wp","href":"https:\/\/api.w.org\/{rel}","templated":true}]}}