{"id":205809,"date":"2015-02-10T10:33:35","date_gmt":"2015-02-10T08:33:35","guid":{"rendered":"http:\/\/www.nationalturk.com\/?p=205809"},"modified":"2015-02-10T10:43:09","modified_gmt":"2015-02-10T08:43:09","slug":"son-dakika-anayasa-mahkemesi-baskani-zuhtu-arslan-oldu-205809","status":"publish","type":"post","link":"https:\/\/www.nationalturk.com\/tr\/son-dakika-anayasa-mahkemesi-baskani-zuhtu-arslan-oldu-205809\/","title":{"rendered":"Son Dakika! Anayasa Mahkemesi Ba\u015fkan\u0131 Z\u00fcht\u00fc Arslan oldu"},"content":{"rendered":"<p><img loading=\"lazy\" decoding=\"async\" class=\"alignnone size-full wp-image-205810\" src=\"http:\/\/www.nationalturk.com\/tr\/wp-content\/uploads\/2015\/02\/zuhtu_arslan_.jpg\" alt=\"Z\u00fcht\u00fc Arslan\" width=\"610\" height=\"340\" title=\"\"><\/p>\n<h1>Ha\u015fim K\u0131l\u0131\u00e7&#8217;\u0131n emekliye ayr\u0131lmas\u0131yla bo\u015falan Anayasa Mahkemesi Ba\u015fkanl\u0131\u011f\u0131na bug\u00fcn yap\u0131lan se\u00e7imle Z\u00fcht\u00fc Arslan se\u00e7ildi. \/ Son Dakika&#8230;<\/h1>\n<p>Anayasa Mahkemesi Ba\u015fkanl\u0131\u011f\u0131na Z\u00fcht\u00fc Arslan se\u00e7ildi. Anayasa Mahkemesi&#8217;nde Ba\u015fkan Ha\u015fim K\u0131l\u0131\u00e7&#8217;\u0131n Mart ay\u0131nda emekliye ayr\u0131lmas\u0131yla nedeniyle bug\u00fcn ba\u015fkanl\u0131k se\u00e7imi yap\u0131ld\u0131. Y\u00fcksek Mahkeme&#8217;nin yeni ba\u015fkan\u0131 Z\u00fcht\u00fc Arslan oldu.<\/p>\n<p>Se\u00e7imin ilk turunda, 17 \u00fcyenin 11&#8217;inin oyunu alan Z\u00fcht\u00fc Arslan ba\u015fkanl\u0131\u011fa se\u00e7ildi. Di\u011fer aday Ba\u015fkanvekili Serruh Kaleli ise 6 oy ald\u0131. 13 Mart&#8217;ta ya\u015f haddinden emekliye ayr\u0131lacak Anayasa Mahkemesi Ba\u015fkan\u0131 Ha\u015fim K\u0131l\u0131\u00e7&#8217;\u0131n a\u00e7\u0131klama yapmas\u0131 bekleniyor.<\/p>\n<h2>Z\u00fcht\u00fc Arslan kimdir?<\/h2>\n<p>H\u00fcrriyet yazar\u0131 \u015e\u00fckr\u00fc K\u00fc\u00e7\u00fck\u015fahin, Anayasa Mahkemesi Ba\u015fkan se\u00e7imlerinde Abdullah G\u00fcl&#8217;\u00fcn aday g\u00f6sterdi\u011fi ve h\u00fck\u00fcmetin destekledi\u011fi Z\u00fcht\u00fc Arslan&#8217;\u0131n ilgin\u00e7 ge\u00e7mi\u015fini k\u00f6\u015fesine ta\u015f\u0131d\u0131.K\u00fc\u00e7\u00fck\u015fahin, AYM Ba\u015fkan\u0131 Ha\u015fim K\u0131l\u0131\u00e7 ile AKP&#8217;nin ters d\u00fc\u015fmesinin ard\u0131ndan AKP&#8217;nin AYM&#8217;ye se\u00e7ilecek olan ba\u015fkana odakland\u0131\u011f\u0131n\u0131 yazd\u0131.<\/p>\n<p>K\u00fc\u00e7\u00fck\u015fahin yaz\u0131s\u0131nda, AKP&#8217;nin destekledi\u011fi isim olan Z\u00fcht\u00fc Arslan&#8217;\u0131n Leicester \u00dcniversitesi Hukuk Fak\u00fcltesi&#8217;nde y\u00fcksek lisans ve doktora yapt\u0131\u011f\u0131n\u0131 ve AKP&#8217;nin Polis Akademisi&#8217;ne atad\u0131\u011f\u0131 ilk sivil rekt\u00f6r oldu\u011funa yer verdi.<\/p>\n<p>\u0130\u015fin daha ilgin\u00e7 yan\u0131 ise, Arslan&#8217;\u0131n Cemaat ile ba\u011flant\u0131l\u0131 oldu\u011fu iddia edilen polislerin \u00e7o\u011funda oldu\u011fu gibi ABD&#8217;nin Utah eyaletinde e\u011fitim almas\u0131 ve &#8216;Dinleraras\u0131 \u0130li\u015fkiler&#8217; ba\u015fl\u0131kl\u0131 projesinin Cemaat&#8217;ten ilgi g\u00f6rmesi.<\/p>\n<p>\u0130\u015fte K\u00fc\u00e7\u00fck\u015fahin&#8217;in yaz\u0131s\u0131nda Z\u00fcht\u00fc Arslan ile ilgili o b\u00f6l\u00fcm:<\/p>\n<p>&#8220;Cumhurba\u015fkan\u0131 Erdo\u011fan da 25 Nisan 2013 g\u00fcn\u00fc \u015funu dedi: &#8216;\u00dclkem ad\u0131na iftiharla ifade etmeliyim ki \u015fu anda \u00f6zg\u00fcrl\u00fckleri daraltan, siyasete s\u0131n\u0131r \u00e7izen, birey kar\u015f\u0131s\u0131nda devleti koruyan bir Anayasa Mahkemesi de\u011fil, \u00f6zg\u00fcrl\u00fckleri, demokrasiyi, milli egemenli\u011fi g\u00fc\u00e7l\u00fc \u015fekilde muhafaza eden bir Anayasa Mahkemesi var.&#8217;<\/p>\n<p>BA\u015eKANVEK\u0130L\u0130 GELENE\u011e\u0130<\/p>\n<p>Bu s\u00f6zlerden \u00f6nce de AYM Ba\u015fkan\u0131 Ha\u015fim K\u0131l\u0131\u00e7 dahil, y\u00fcksek yarg\u0131n\u0131n ba\u015fkanlar\u0131na at\u0131fla B\u00fclent Ar\u0131n\u00e7, &#8216;Rabbim verdik\u00e7e veriyor&#8217; demi\u015f, AKP&#8217;nin kapanma davas\u0131ndaki tavr\u0131 nedeniyle K\u0131l\u0131\u00e7, &#8216;kahraman&#8217; ilan edilmi\u015f, o g\u00fcnlerde bakanlarla birlikte g\u00f6r\u00fcnmesine tek itiraz gelmemi\u015fti. \u0130ktidar\u0131 memnun eden bu tablo, YouTube, Twitter benzeri &#8216;\u00f6zg\u00fcrl\u00fckleri muhafaza&#8217; eden kararlar\u0131n ard\u0131ndan bozuldu ve AYM&#8217;yi Erdo\u011fan&#8217;\u0131n hedefine oturttu. K\u0131l\u0131\u00e7&#8217;\u0131n konu\u015fmalar\u0131na bazen siyasi sos eklemesi de g\u00f6z ard\u0131 edilemez\u037e ama i\u015fin \u00f6z\u00fcnde mahkemenin, \u00f6zg\u00fcrl\u00fcklerin lehine, Anayasa d\u0131\u015f\u0131 g\u00f6rd\u00fc\u011f\u00fc h\u00fck\u00fcmetin baz\u0131 uygulamalar\u0131n\u0131n ise aleyhine kararlar almas\u0131 yat\u0131yordu. AYM&#8217;ye iktidar tepkisi &#8216;paralel yap\u0131n\u0131n uzant\u0131s\u0131&#8217; su\u00e7lamas\u0131na kadar vard\u0131. Yarg\u0131n\u0131n her noktas\u0131n\u0131 \u015fekillendirdi\u011fi g\u00f6r\u00fclen iktidar, AYM&#8217;nin de ayn\u0131 noktaya gelmesi i\u00e7in ba\u015fkan se\u00e7imine odaklanm\u0131\u015f gibi. Oysa, Ahmet Necdet Sezer&#8217;in se\u00e7imi hari\u00e7, AYM&#8217;de g\u00fczel bir gelenek olu\u015fmu\u015f. Ba\u015fkanvekili bir sonraki ba\u015fkan se\u00e7iliyor, b\u00f6ylece tecr\u00fcbe ve i\u015fleyi\u015f noktas\u0131nda yeterlilik kazanm\u0131\u015f biri g\u00f6revi devralm\u0131\u015f oluyor.<\/p>\n<p>ARSLAN&#8217;IN GE\u00c7M\u0130\u015e\u0130<\/p>\n<p>Ayn\u0131 gelene\u011fin yine s\u00fcrmesi, Ba\u015fkanvekili Serruh Kaleli&#8217;nin ba\u015fkan se\u00e7ilmesi bekleniyordu, ama s\u00fcre\u00e7 ans\u0131z\u0131n durduruldu. Abdullah G\u00fcl&#8217;\u00fcn se\u00e7ti\u011fi Z\u00fcht\u00fc Arslan&#8217;\u0131n, iktidar\u0131n deste\u011fi ile aday oldu\u011fu haberleri yay\u0131l\u0131nca da kafalar iyice kar\u0131\u015ft\u0131. Neden mi? \u00c7\u00fcnk\u00fc, y\u00fcksek lisans ve doktoras\u0131n\u0131 Leicester \u00dcniversitesi Hukuk Fak\u00fcltesi&#8217;nde yapan Arslan, AKP&#8217;nin Polis Akademisi&#8217;ne atad\u0131\u011f\u0131 ilk sivil rekt\u00f6r oldu. Polis Akademisi&#8217;ni, AKP d\u00f6nemine g\u00f6re \u015fekillendiren en \u00f6nemli kurmayd\u0131, ama bug\u00fcn ayn\u0131 AKP, Polis Akademisi&#8217;ni &#8216;Cemaat yata\u011f\u0131&#8217; diyerek tasfiye ediyor. (Bak\u0131n\u0131z, TBMM&#8217;deki i\u00e7 g\u00fcvenlik yasa paketi.) &#8216;G\u00fcvenlik Sekt\u00f6r\u00fc ve Demokratik G\u00f6zetim&#8217; ba\u015fl\u0131kl\u0131 TESEV raporuna b\u00f6l\u00fcm yazan, AKP&#8217;nin haz\u0131rlatt\u0131\u011f\u0131 anayasa tasla\u011f\u0131n\u0131n mimarlar\u0131ndan biri de Arslan&#8217;d\u0131. (TESEV raporu nedeniyle d\u00f6nemin Genelkurmay Ba\u015fkan\u0131, sonraki g\u00fcnlerin Ergenekon san\u0131\u011f\u0131 \u0130lker Ba\u015fbu\u011f taraf\u0131ndan da mahkemeye verilmi\u015f.) Malum\u037e bug\u00fcn Cemaat ile ba\u011flant\u0131l\u0131 denen polislerin \u00e7o\u011fu ABD&#8217;nin Utah eyaletinde e\u011fitime yollanm\u0131\u015f isimler\u037e \u0130lgin\u00e7tir, Arslan da Utah&#8217;da e\u011fitim ald\u0131. &#8216;Dinleraras\u0131 \u0130li\u015fkiler&#8217; ba\u015fl\u0131kl\u0131 projesi de Cemaat&#8217;ten b\u00fcy\u00fck ilgi g\u00f6rd\u00fc. Bir de d\u00fcn &#8216;Rabbim verdik\u00e7e veriyor&#8217; denen isimlerle bug\u00fcn selam sabah dahi kesilmi\u015fse, y\u00fcksek yarg\u0131ya gelenek d\u0131\u015f\u0131 b\u00f6ylesi m\u00fcdahaleleri s\u00fcrd\u00fcrmenin amac\u0131 \u015f\u00fcphe \u00e7ekmez, kafalar\u0131 kar\u0131\u015ft\u0131rmaz m\u0131?&#8221;<\/p>\n<!-- Error, Advert is not available at this time due to schedule\/geolocation restrictions! -->\n","protected":false},"excerpt":{"rendered":"<p>Ha\u015fim K\u0131l\u0131\u00e7&#8217;\u0131n emekliye ayr\u0131lmas\u0131yla bo\u015falan Anayasa Mahkemesi Ba\u015fkanl\u0131\u011f\u0131na bug\u00fcn yap\u0131lan se\u00e7imle Z\u00fcht\u00fc Arslan se\u00e7ildi. \/ Son Dakika&#8230;<\/p>\n","protected":false},"author":4,"featured_media":205810,"comment_status":"open","ping_status":"open","sticky":false,"template":"","format":"standard","meta":{"_acf_changed":false,"footnotes":""},"categories":[6155,5005,6202,349,6805],"tags":[18479,111875,11198,80574,148047,184195],"class_list":["post-205809","post","type-post","status-publish","format-standard","has-post-thumbnail","hentry","category-gundem","category-manset","category-politika","category-son-dakika","category-turkiye","tag-anayasa","tag-anayasa-mahkemesi-son-dakika","tag-hasim-kilic","tag-prof-dr-zuhtu-arslan","tag-son-dakika-anayasa-mahkemesi","tag-zuhtu-arslan"],"acf":[],"_links":{"self":[{"href":"https:\/\/www.nationalturk.com\/tr\/wp-json\/wp\/v2\/posts\/205809","targetHints":{"allow":["GET"]}}],"collection":[{"href":"https:\/\/www.nationalturk.com\/tr\/wp-json\/wp\/v2\/posts"}],"about":[{"href":"https:\/\/www.nationalturk.com\/tr\/wp-json\/wp\/v2\/types\/post"}],"author":[{"embeddable":true,"href":"https:\/\/www.nationalturk.com\/tr\/wp-json\/wp\/v2\/users\/4"}],"replies":[{"embeddable":true,"href":"https:\/\/www.nationalturk.com\/tr\/wp-json\/wp\/v2\/comments?post=205809"}],"version-history":[{"count":0,"href":"https:\/\/www.nationalturk.com\/tr\/wp-json\/wp\/v2\/posts\/205809\/revisions"}],"wp:featuredmedia":[{"embeddable":true,"href":"https:\/\/www.nationalturk.com\/tr\/wp-json\/wp\/v2\/media\/205810"}],"wp:attachment":[{"href":"https:\/\/www.nationalturk.com\/tr\/wp-json\/wp\/v2\/media?parent=205809"}],"wp:term":[{"taxonomy":"category","embeddable":true,"href":"https:\/\/www.nationalturk.com\/tr\/wp-json\/wp\/v2\/categories?post=205809"},{"taxonomy":"post_tag","embeddable":true,"href":"https:\/\/www.nationalturk.com\/tr\/wp-json\/wp\/v2\/tags?post=205809"}],"curies":[{"name":"wp","href":"https:\/\/api.w.org\/{rel}","templated":true}]}}