{"id":20583,"date":"2010-04-22T19:42:12","date_gmt":"2010-04-22T17:42:12","guid":{"rendered":"http:\/\/www.nationalturk.com\/?p=20583"},"modified":"2011-01-05T22:04:55","modified_gmt":"2011-01-05T20:04:55","slug":"tarkan-uyusturucu-hapis-7492874","status":"publish","type":"post","link":"https:\/\/www.nationalturk.com\/tr\/tarkan-uyusturucu-hapis-7492874\/","title":{"rendered":"Fla\u015f! Tarkan&#8217;a hapis istemi"},"content":{"rendered":"<p><strong>\u015eubat ay\u0131nda \u0130stanbul&#8217;da d\u00fczenlenen uyu\u015fturucu operasyonunda g\u00f6zalt\u0131na al\u0131nd\u0131ktan sonra serbest b\u0131rak\u0131lan pop star Tarkan hakk\u0131ndaki iddianame haz\u0131rland\u0131.<\/strong><\/p>\n<p>\u0130ddianameye g\u00f6re uyu\u015fturucu kullanmak ve temin etmekle su\u00e7lanan Tarkan hakk\u0131nda 2 y\u0131l hapis isteniyor.<\/p>\n<p>Tarkan Teveto\u011flu&#8217;nun, &#8220;Kullanmak i\u00e7in uyu\u015fturucu veya uyar\u0131c\u0131 madde sat\u0131n almak, kabul etmek veya bulundurmak&#8221; su\u00e7unu d\u00fczenleyen ve 1 ile 2 y\u0131l aras\u0131nda hapis cezas\u0131 \u00f6ng\u00f6ren TCK&#8217;n\u0131n 191. maddesinin 1. f\u0131kras\u0131 uyar\u0131nca yarg\u0131lanmas\u0131 talep edilen iddianamede, Teveto\u011flu hakk\u0131nda ayn\u0131 maddenin 2.\u00a0f\u0131kras\u0131nda yer alan &#8220;Bu su\u00e7tan dolay\u0131 a\u00e7\u0131lan davada mahkeme, birinci f\u0131kraya g\u00f6re h\u00fck\u00fcm vermeden \u00f6nce uyu\u015fturucu veya uyar\u0131c\u0131 madde kullanan ki\u015fi hakk\u0131nda tedaviye ve denetimli serbestlik tedbirine, kullanmamakla birlikte, kullanmak i\u00e7in uyu\u015fturucu veya uyar\u0131c\u0131 madde sat\u0131n alan, kabul eden veya bulunduran ki\u015fi hakk\u0131nda denetimli serbestlik tedbirine karar verilebilir&#8221; h\u00fckm\u00fcn\u00fcn de uygulanmas\u0131 istendi.<\/p>\n","protected":false},"excerpt":{"rendered":"<p>Fla\u015f! Tarkan&#8217;a hapis istemi<\/p>\n","protected":false},"author":4,"featured_media":20584,"comment_status":"open","ping_status":"open","sticky":false,"template":"","format":"standard","meta":{"_acf_changed":false,"footnotes":""},"categories":[6155,6232,349,6805],"tags":[3277,22100,16965,16964,22101,16966,16967,16963],"class_list":["post-20583","post","type-post","status-publish","format-standard","has-post-thumbnail","hentry","category-gundem","category-magazin","category-son-dakika","category-turkiye","tag-tarkan","tag-tarkan-2-yil-hapis","tag-tarkan-gozaltina-alindi","tag-tarkan-gozaltinda","tag-tarkan-hapis-cezasi","tag-tarkan-kokain","tag-tarkan-kokain-gozalti","tag-tarkan-uyusturucu"],"acf":[],"_links":{"self":[{"href":"https:\/\/www.nationalturk.com\/tr\/wp-json\/wp\/v2\/posts\/20583","targetHints":{"allow":["GET"]}}],"collection":[{"href":"https:\/\/www.nationalturk.com\/tr\/wp-json\/wp\/v2\/posts"}],"about":[{"href":"https:\/\/www.nationalturk.com\/tr\/wp-json\/wp\/v2\/types\/post"}],"author":[{"embeddable":true,"href":"https:\/\/www.nationalturk.com\/tr\/wp-json\/wp\/v2\/users\/4"}],"replies":[{"embeddable":true,"href":"https:\/\/www.nationalturk.com\/tr\/wp-json\/wp\/v2\/comments?post=20583"}],"version-history":[{"count":0,"href":"https:\/\/www.nationalturk.com\/tr\/wp-json\/wp\/v2\/posts\/20583\/revisions"}],"wp:featuredmedia":[{"embeddable":true,"href":"https:\/\/www.nationalturk.com\/tr\/wp-json\/wp\/v2\/media\/20584"}],"wp:attachment":[{"href":"https:\/\/www.nationalturk.com\/tr\/wp-json\/wp\/v2\/media?parent=20583"}],"wp:term":[{"taxonomy":"category","embeddable":true,"href":"https:\/\/www.nationalturk.com\/tr\/wp-json\/wp\/v2\/categories?post=20583"},{"taxonomy":"post_tag","embeddable":true,"href":"https:\/\/www.nationalturk.com\/tr\/wp-json\/wp\/v2\/tags?post=20583"}],"curies":[{"name":"wp","href":"https:\/\/api.w.org\/{rel}","templated":true}]}}