{"id":205922,"date":"2015-02-11T12:26:54","date_gmt":"2015-02-11T10:26:54","guid":{"rendered":"http:\/\/www.nationalturk.com\/?p=205922"},"modified":"2015-02-11T12:26:54","modified_gmt":"2015-02-11T10:26:54","slug":"latin-amerika-pazari-icin-yeni-firsatlar-205922","status":"publish","type":"post","link":"https:\/\/www.nationalturk.com\/tr\/latin-amerika-pazari-icin-yeni-firsatlar-205922\/","title":{"rendered":"Latin Amerika pazar\u0131 i\u00e7in yeni f\u0131rsatlar"},"content":{"rendered":"<p><img loading=\"lazy\" decoding=\"async\" class=\"alignnone size-large wp-image-205923\" src=\"http:\/\/www.nationalturk.com\/tr\/wp-content\/uploads\/2015\/02\/kuba_arabalari_2983472-610x354.jpg\" alt=\"K\u00fcba\" width=\"610\" height=\"354\" title=\"\" srcset=\"https:\/\/www.nationalturk.com\/tr\/wp-content\/uploads\/2015\/02\/kuba_arabalari_2983472-610x354.jpg 610w, https:\/\/www.nationalturk.com\/tr\/wp-content\/uploads\/2015\/02\/kuba_arabalari_2983472-280x162.jpg 280w, https:\/\/www.nationalturk.com\/tr\/wp-content\/uploads\/2015\/02\/kuba_arabalari_2983472-900x522.jpg 900w, https:\/\/www.nationalturk.com\/tr\/wp-content\/uploads\/2015\/02\/kuba_arabalari_2983472.jpg 1384w\" sizes=\"auto, (max-width: 610px) 100vw, 610px\" \/><\/p>\n<h1>Cumhurba\u015fkan\u0131 Recep Tayyip Erdo\u011fan&#8217;\u0131n, <a href=\"http:\/\/www.wts.com.tr\/guney-amerika-turlari.htm\" target=\"_blank\" rel=\"noopener\">Kolombiya<\/a>, <a href=\"http:\/\/www.wts.com.tr\/hot_Kuba.htm\" target=\"_blank\" rel=\"noopener\">K\u00fcba<\/a> ve <a href=\"http:\/\/www.wts.com.tr\/hot_Meksika.htm\" target=\"_blank\" rel=\"noopener\">Meksika<\/a>&#8216;y\u0131 kapsayan turuyla g\u00fcndeme gelen <a href=\"http:\/\/www.wts.com.tr\/Hot_latin_amerika.html\" target=\"_blank\" rel=\"noopener\">Latin Amerika<\/a> \u00fclkeleri, 2023 y\u0131l\u0131 i\u00e7in 500 milyar dolarl\u0131k ihracat hedefi koyan T\u00fcrkiye i\u00e7in yeni f\u0131rsatlar i\u00e7eriyor.<\/h1>\n<p>AA muhabirinin Ekonomi Bakanl\u0131\u011f\u0131 ve T\u00fcrkiye \u0130hracat\u00e7\u0131lar Meclisi (T\u0130M) verilerinden derledi\u011fi bilgiye g\u00f6re, Meksika, Arjantin, Brezilya ve \u015eili&#8217;nin ba\u015f\u0131 \u00e7ekti\u011fi toplam 34 \u00fclkeden olu\u015fan Latin Amerika pazar\u0131, 1 trilyon dolar\u0131 a\u015fk\u0131n d\u0131\u015f al\u0131m ger\u00e7ekle\u015ftiriyor.<\/p>\n<p>\u00dclkelere g\u00f6re de\u011fi\u015fmekle birlikte genel olarak stey\u015f\u0131n vagon tipinde otomobil, otomotiv yedek par\u00e7a, demir \u00e7elik, elektronik \u00fcr\u00fcnler, i\u015flenmi\u015f petrol \u00fcr\u00fcnleri, iletken kablo-tel, tar\u0131m ve g\u0131da \u00fcr\u00fcnleri, t\u0131bbi malzeme ve dozlanm\u0131\u015f ila\u00e7 t\u00fcrlerinde \u00fcr\u00fcn ithal edilen pazar, hemen her kalemde T\u00fcrk ihracat\u00e7\u0131lar\u0131 yeni imkanlar sunuyor.<\/p>\n<p>Meksika&#8217;n\u0131n 381 milyar dolar seviyesinde ithalatla pazardaki en b\u00fcy\u00fck al\u0131c\u0131 konumunda bulundu\u011fu Latin Amerika pazar\u0131nda, ihracat\u00e7\u0131lar i\u00e7in Brezilya 239 milyar, \u015eili 79 milyar, Arjantin 68 milyar, Kolombiya 59 milyar, Panama 62 milyar dolar b\u00fcy\u00fckl\u00fc\u011f\u00fcne sahip.<\/p>\n<p>&#8211; T\u00fcrkiye ihracat\u0131n\u0131n 1,74&#8217;\u00fc Latin Amerika&#8217;ya<\/p>\n<p>Ge\u00e7en y\u0131l 151 milyar 292 milyon dolar ihracat ger\u00e7ekle\u015ftiren T\u00fcrkiye i\u00e7in Latin Amerika pazar\u0131, toplam ihracat\u0131nda sadece y\u00fczde 1,74&#8217;l\u00fck yere sahip bulunuyor.<\/p>\n<p>YIll\u0131k d\u0131\u015f al\u0131m b\u00fcy\u00fckl\u00fc\u011f\u00fc 1 trilyon dolar\u0131 a\u015fan Latin Amerika&#8217;ya ge\u00e7en y\u0131lki ihracat\u0131 2 milyar 641 milyon dolar da kalan T\u00fcrkiye&#8217;nin bu b\u00fcy\u00fck pazardan elde eti\u011fi pay ise binde 22 seviyesinde kald\u0131.<\/p>\n<p>&#8211; Erdo\u011fan&#8217;\u0131n program\u0131ndaki 3 \u00fclke<\/p>\n<p>Latin Amerika \u00fclkeleriyle ticari ili\u015fkilerin geli\u015ftirilmesi amac\u0131yla son y\u0131llarda artan giri\u015fimler kapmas\u0131nda Cumhurba\u015fkan\u0131 Recep Tayyip Erdo\u011fan&#8217;\u0131n ziyaret ger\u00e7ekle\u015ftirdi\u011fi Meksika, Kolombiya ve K\u00fcba, son verilere g\u00f6re toplam 447 milyar 585 milyon dolar pazar b\u00fcy\u00fckl\u00fc\u011f\u00fcne sahip bulunuyor.<\/p>\n<p>T\u00fcrkiye 2014 y\u0131l\u0131nda bu \u00fclkelerden Meksika&#8217;ya 309 milyon, Kolombiya&#8217;ya 184 milyon, K\u00fcba&#8217;ya da 20 milyon dolar tutar\u0131nda ihracat yapt\u0131. T\u00fcrkiye&#8217;nin bu ihracat rakamlar\u0131yla s\u00f6z konusu \u00fclkelerin d\u0131\u015f al\u0131mlar\u0131 i\u00e7inde elde etti\u011fi pay Meksika i\u00e7in y\u00fczde 0,08, Kolombiya ve K\u00fcba&#8217;da ise y\u00fczde 0,03 seviyesinde, \u00fc\u00e7 \u00fclkenin toplam d\u0131\u015f al\u0131m\u0131ndan elde etti\u011fi pay ise y\u00fczde 0,12&#8217;de kald\u0131.<\/p>\n<p>-Ticaretteki sorunlar f\u0131rsatlarla a\u015f\u0131labilir<\/p>\n<p>Meksika&#8217;n\u0131n \u0130zmir Fahir Konsolosu Kemal \u00c7olako\u011flu da Cumhurba\u015fkan\u0131 Erdo\u011fan&#8217;\u0131n Meksika&#8217;y\u0131 da kapsayan Latin Amerika turuna ili\u015fkin AA muhabirine yapt\u0131\u011f\u0131 a\u00e7\u0131klamada, G-20&#8217;ler gurubunun kurulmas\u0131 ve bu grupta Meksika ile T\u00fcrkiye&#8217;nin yer almas\u0131yla birlikte iki \u00fclkenin birbirine olan bak\u0131\u015f a\u00e7\u0131s\u0131nda fevkalade pozitif geli\u015fme oldu\u011funu s\u00f6yledi.<\/p>\n<p>Bu olumlu geli\u015fmenin Meksika Cumhurba\u015fkan\u0131 Enrique Pena Nieto&#8217;nun T\u00fcrkiye&#8217;ye 2013 y\u0131l\u0131nda ger\u00e7ekle\u015ftirdi\u011fi \u00f6zel ziyarette, Ankara ve \u0130zmir&#8217;de imzalanan ikili ticari anla\u015fma ve turizm anla\u015fmas\u0131n\u0131n, iki \u00fclke aras\u0131ndaki ili\u015fkilerde \u00e7ok \u00f6nemli geli\u015fmeler olaca\u011f\u0131n\u0131n i\u015faretlerini verdi\u011fini ifade eden \u00c7olako\u011flu, &#8220;\u015eimdi Say\u0131n Cumhurba\u015fkan\u0131m\u0131z\u0131n da Meksika&#8217;ya gidi\u015finin bu konuda \u00e7ok \u00f6nemli oldu\u011funu d\u00fc\u015f\u00fcn\u00fcyorum&#8221; dedi.<\/p>\n<p>\u00c7olako\u011flu, Meksika ile T\u00fcrkiye ticaretinde, iki \u00fclke aras\u0131ndaki mesafeden kaynaklanan navlun \u00fccretlerinin y\u00fcksekli\u011fi ve ayn\u0131 alanlarda \u00fcretim yap\u0131lmas\u0131 sorunlar\u0131n\u0131n bulundu\u011funu ama bunun ba\u015fka f\u0131rsatlarla a\u015f\u0131labilece\u011fini dile getirerek, \u015funlar\u0131 kaydetti:<\/p>\n<p>&#8220;Meksika&#8217;n\u0131n Kuzey Amerika \u00dclkeleri Serbest Ticaret Anla\u015fmas\u0131 (NAFTA) \u00fcyesi olmas\u0131, T\u00fcrkiye&#8217;nin de AB G\u00fcmr\u00fck Birli\u011fi \u00fcyesi olmas\u0131, her iki \u00fclkenin buralarda yapacaklar\u0131 ihracatta birbirlerine destek olmas\u0131 anlam\u0131nda \u00e7ok \u00f6nem ta\u015f\u0131yor, yani T\u00fcrkiye, NAFTA&#8217;ya Meksika \u00fczerinden, Meksika da AB&#8217;ye T\u00fcrkiye \u00fczerinden ihracat yapabilir. \u00c7ok b\u00fcy\u00fck bir potansiyel var. \u00c7\u00fcnk\u00fc bir tarafta 111 milyonluk, di\u011fer tarafta 77 milyonluk \u00fclke, toplam 188 milyon n\u00fcfus var. Adam ba\u015f\u0131na 10 dolarl\u0131k ihracat yapt\u0131\u011f\u0131n\u0131z zaman yakla\u015f\u0131k 2 milyar toplam d\u0131\u015f ticaret hacmi yap\u0131yor bunu de\u011ferlendirmek laz\u0131m.&#8221; (AA)<\/p>\n<!-- Error, Advert is not available at this time due to schedule\/geolocation restrictions! -->\n","protected":false},"excerpt":{"rendered":"<p>Cumhurba\u015fkan\u0131 Recep Tayyip Erdo\u011fan&#8217;\u0131n, Kolombiya, K\u00fcba ve Meksika&#8217;y\u0131 kapsayan turuyla g\u00fcndeme gelen Latin Amerika \u00fclkeleri, 2023 y\u0131l\u0131 i\u00e7in 500 milyar dolarl\u0131k ihracat hedefi koyan T\u00fcrkiye i\u00e7in yeni f\u0131rsatlar i\u00e7eriyor.<\/p>\n","protected":false},"author":4,"featured_media":205924,"comment_status":"open","ping_status":"open","sticky":false,"template":"","format":"standard","meta":{"_acf_changed":false,"footnotes":""},"categories":[6665,6199,6155,6771,5005,6202],"tags":[184119,5209,14,827,787],"class_list":["post-205922","post","type-post","status-publish","format-standard","has-post-thumbnail","hentry","category-dunya","category-ekonomi","category-gundem","category-latin-amerika","category-manset","category-politika","tag-erdogan-kolombiya","tag-kolombiya","tag-kuba","tag-meksika","tag-recep-tayyip-erdogan"],"acf":[],"_links":{"self":[{"href":"https:\/\/www.nationalturk.com\/tr\/wp-json\/wp\/v2\/posts\/205922","targetHints":{"allow":["GET"]}}],"collection":[{"href":"https:\/\/www.nationalturk.com\/tr\/wp-json\/wp\/v2\/posts"}],"about":[{"href":"https:\/\/www.nationalturk.com\/tr\/wp-json\/wp\/v2\/types\/post"}],"author":[{"embeddable":true,"href":"https:\/\/www.nationalturk.com\/tr\/wp-json\/wp\/v2\/users\/4"}],"replies":[{"embeddable":true,"href":"https:\/\/www.nationalturk.com\/tr\/wp-json\/wp\/v2\/comments?post=205922"}],"version-history":[{"count":0,"href":"https:\/\/www.nationalturk.com\/tr\/wp-json\/wp\/v2\/posts\/205922\/revisions"}],"wp:featuredmedia":[{"embeddable":true,"href":"https:\/\/www.nationalturk.com\/tr\/wp-json\/wp\/v2\/media\/205924"}],"wp:attachment":[{"href":"https:\/\/www.nationalturk.com\/tr\/wp-json\/wp\/v2\/media?parent=205922"}],"wp:term":[{"taxonomy":"category","embeddable":true,"href":"https:\/\/www.nationalturk.com\/tr\/wp-json\/wp\/v2\/categories?post=205922"},{"taxonomy":"post_tag","embeddable":true,"href":"https:\/\/www.nationalturk.com\/tr\/wp-json\/wp\/v2\/tags?post=205922"}],"curies":[{"name":"wp","href":"https:\/\/api.w.org\/{rel}","templated":true}]}}