{"id":206195,"date":"2015-02-16T09:51:52","date_gmt":"2015-02-16T07:51:52","guid":{"rendered":"http:\/\/www.nationalturk.com\/?p=206195"},"modified":"2015-02-16T09:51:52","modified_gmt":"2015-02-16T07:51:52","slug":"soguk-kar-geliyor-sicaklik-dusecek-206195","status":"publish","type":"post","link":"https:\/\/www.nationalturk.com\/tr\/soguk-kar-geliyor-sicaklik-dusecek-206195\/","title":{"rendered":"So\u011fuk ve kar geri geliyor! S\u0131cakl\u0131k 6-10 derece d\u00fc\u015fecek"},"content":{"rendered":"<h1><img loading=\"lazy\" decoding=\"async\" class=\"aligncenter size-full wp-image-206196\" src=\"http:\/\/www.nationalturk.com\/tr\/wp-content\/uploads\/2015\/02\/kar-geri-geliyor.jpg\" alt=\"\" width=\"610\" height=\"384\" title=\"\" srcset=\"https:\/\/www.nationalturk.com\/tr\/wp-content\/uploads\/2015\/02\/kar-geri-geliyor.jpg 610w, https:\/\/www.nationalturk.com\/tr\/wp-content\/uploads\/2015\/02\/kar-geri-geliyor-280x176.jpg 280w, https:\/\/www.nationalturk.com\/tr\/wp-content\/uploads\/2015\/02\/kar-geri-geliyor-571x360.jpg 571w\" sizes=\"auto, (max-width: 610px) 100vw, 610px\" \/>T\u00fcrkiye hafta ba\u015f\u0131ndan itibaren Sibirya \u00fczerinden gelen so\u011fuk ve kar ya\u011f\u0131\u015fl\u0131 havan\u0131n etkisine giriyor. S\u0131cakl\u0131klar 6-10 derece d\u00fc\u015fecek.<\/h1>\n<p>Meteoroloji Genel M\u00fcd\u00fcrl\u00fc\u011f\u00fcnden yap\u0131lan yaz\u0131l\u0131 a\u00e7\u0131klamada, T\u00fcrkiye&#8217;nin bug\u00fcnden itibaren Karadeniz \u00fczerinden gelen Sibirya k\u00f6kenli \u00e7ok so\u011fuk ve ya\u011f\u0131\u015fl\u0131 havan\u0131n etkisine girece\u011fi, bug\u00fcn G\u00fcney ve K\u0131y\u0131 Ege ile Van ve Hakkari d\u0131\u015f\u0131nda kalan yerlerde ya\u011f\u0131\u015f beklendi\u011fi bildirildi.<\/p>\n<p>A\u00e7\u0131klamaya g\u00f6re, ya\u011f\u0131\u015flar, i\u00e7 b\u00f6lgelerde karla kar\u0131\u015f\u0131k ya\u011fmur ve kar, k\u0131y\u0131 kesimlerde ya\u011fmur, ak\u015fam saatlerinden sonra Bat\u0131 Karadeniz k\u0131y\u0131 kesiminde de kar \u015feklinde olmas\u0131 bekleniyor.<\/p>\n<p>Sal\u0131 g\u00fcn\u00fc Marmara&#8217;n\u0131n g\u00fcney ve do\u011fusu, Karadeniz, \u0130\u00e7 Anadolu, Do\u011fu ve G\u00fcneydo\u011fu Anadolu, Do\u011fu Akdeniz ile \u0130\u00e7 Ege ve G\u00f6ller y\u00f6resinde g\u00f6r\u00fclecek ya\u011f\u0131\u015flar genellikle kar, Do\u011fu Akdeniz k\u0131y\u0131lar\u0131 ile G\u00fcneydo\u011fu Anadolu&#8217;nun g\u00fcney kesimlerinde ise ya\u011fmur \u015feklinde olacak.<\/p>\n<p>Kar ya\u011f\u0131\u015f\u0131, \u00c7ar\u015famba ve Per\u015fembe g\u00fcnleri Marmara&#8217;n\u0131n bat\u0131s\u0131, K\u0131y\u0131 Ege ve Bat\u0131 Akdeniz k\u0131y\u0131 kesimi d\u0131\u015f\u0131nda \u00fclke genelinde devam edecek. Ya\u011f\u0131\u015flar, Do\u011fu Akdeniz k\u0131y\u0131lar\u0131 ile G\u00fcneydo\u011fu Anadolu&#8217;nun g\u00fcney kesimlerinde ya\u011fmur \u015feklinde g\u00f6r\u00fclecek.<\/p>\n<p>Kar ya\u011f\u0131\u015f\u0131, Sal\u0131 ve \u00c7ar\u015famba, Marmara&#8217;n\u0131n do\u011fusu, Karadeniz ile Do\u011fu Anadolu b\u00f6lgelerinde kuvvetli ve yer yer yo\u011fun olacak.<\/p>\n<p>Ya\u011f\u0131\u015fl\u0131 sistemin, Cuma g\u00fcn\u00fc do\u011fu b\u00f6lgelerinde etkili olduktan sonra yurdu terk etmesi bekleniyor.<\/p>\n<p>Hava s\u0131cakl\u0131\u011f\u0131 Sal\u0131 g\u00fcn\u00fcnden itibaren kuzey ve bat\u0131 kesimlerinde hissedilir derecede (6 ila 10 derece) azalacak ve mevsim normallerinin alt\u0131nda seyredecek.<\/p>\n<p>R\u00fczgar; bug\u00fcn ak\u015fam saatlerinden itibaren h\u0131z\u0131n\u0131 art\u0131rarak, Sal\u0131 ve \u00c7ar\u015famba g\u00fcnleri Marmara, Ege, Bat\u0131 Akdeniz ve Bat\u0131 Karadeniz&#8217;de kuzey ve kuzeydo\u011fu y\u00f6nlerden kuvvetli ve zaman zaman f\u0131rt\u0131na \u015feklinde esecek.<\/p>\n<p>A\u00e7\u0131klamada, kuvvetli ve yer yer yo\u011fun kar ya\u011f\u0131\u015flar\u0131 ile hissedilir derecede azalacak hava s\u0131cakl\u0131\u011f\u0131na kar\u015f\u0131 dikkatli ve tedbirli olunmas\u0131 da istendi.<\/p>\n<!-- Error, Advert is not available at this time due to schedule\/geolocation restrictions! -->\n","protected":false},"excerpt":{"rendered":"<p>T\u00fcrkiye hafta ba\u015f\u0131ndan itibaren Sibirya \u00fczerinden gelen so\u011fuk ve kar ya\u011f\u0131\u015fl\u0131 havan\u0131n etkisine giriyor. S\u0131cakl\u0131klar 6-10 derece d\u00fc\u015fecek.<\/p>\n","protected":false},"author":3,"featured_media":206196,"comment_status":"open","ping_status":"open","sticky":false,"template":"","format":"standard","meta":{"_acf_changed":false,"footnotes":""},"categories":[6155,5005,6805],"tags":[143533,14415,55549,158175,14898,25815,184620,14896,110447,41328,57285,56801],"class_list":["post-206195","post","type-post","status-publish","format-standard","has-post-thumbnail","hentry","category-gundem","category-manset","category-turkiye","tag-dogu-anadolu-kar","tag-istanbul-kar-yagisi","tag-kar-yagisi","tag-karadeniz-kar-yagisi","tag-marmara","tag-marmara-bolgesi","tag-marmara-bolgesi-kar","tag-meteoroloji","tag-meteoroloji-genel-mudurlugu","tag-sibirya","tag-sibirya-soguklari","tag-soguk-hava"],"acf":[],"_links":{"self":[{"href":"https:\/\/www.nationalturk.com\/tr\/wp-json\/wp\/v2\/posts\/206195","targetHints":{"allow":["GET"]}}],"collection":[{"href":"https:\/\/www.nationalturk.com\/tr\/wp-json\/wp\/v2\/posts"}],"about":[{"href":"https:\/\/www.nationalturk.com\/tr\/wp-json\/wp\/v2\/types\/post"}],"author":[{"embeddable":true,"href":"https:\/\/www.nationalturk.com\/tr\/wp-json\/wp\/v2\/users\/3"}],"replies":[{"embeddable":true,"href":"https:\/\/www.nationalturk.com\/tr\/wp-json\/wp\/v2\/comments?post=206195"}],"version-history":[{"count":0,"href":"https:\/\/www.nationalturk.com\/tr\/wp-json\/wp\/v2\/posts\/206195\/revisions"}],"wp:featuredmedia":[{"embeddable":true,"href":"https:\/\/www.nationalturk.com\/tr\/wp-json\/wp\/v2\/media\/206196"}],"wp:attachment":[{"href":"https:\/\/www.nationalturk.com\/tr\/wp-json\/wp\/v2\/media?parent=206195"}],"wp:term":[{"taxonomy":"category","embeddable":true,"href":"https:\/\/www.nationalturk.com\/tr\/wp-json\/wp\/v2\/categories?post=206195"},{"taxonomy":"post_tag","embeddable":true,"href":"https:\/\/www.nationalturk.com\/tr\/wp-json\/wp\/v2\/tags?post=206195"}],"curies":[{"name":"wp","href":"https:\/\/api.w.org\/{rel}","templated":true}]}}