{"id":206279,"date":"2015-02-17T09:58:13","date_gmt":"2015-02-17T07:58:13","guid":{"rendered":"http:\/\/www.nationalturk.com\/?p=206279"},"modified":"2022-09-24T19:39:43","modified_gmt":"2022-09-24T16:39:43","slug":"japonyada-6-9luk-depremde-olu-ve-yarali-yok-206279","status":"publish","type":"post","link":"https:\/\/www.nationalturk.com\/tr\/japonyada-6-9luk-depremde-olu-ve-yarali-yok-206279\/","title":{"rendered":"Japonya&#8217;da 6.9&#8217;luk depremde \u00f6l\u00fc ve yaral\u0131 yok"},"content":{"rendered":"<p><img loading=\"lazy\" decoding=\"async\" class=\"alignnone size-full wp-image-206280\" src=\"http:\/\/www.nationalturk.com\/tr\/wp-content\/uploads\/2015\/02\/japonya_depremi.jpg\" alt=\"\" width=\"610\" height=\"394\" title=\"\"><\/p>\n<h1><a href=\"http:\/\/www.wts.com.tr\/hot_japonya.htm\" target=\"_blank\" rel=\"noopener\">Japonya<\/a>&#8216;n\u0131n kuzeydo\u011fu sahili a\u00e7\u0131klar\u0131nda 6,9 b\u00fcy\u00fckl\u00fc\u011f\u00fcnde deprem meydana geldi. Depremde \u00f6len ya da yaralanan olmad\u0131. Deprem sonras\u0131 kuzeydo\u011fu sahillerinde 20 santimetrelik tsunami olu\u015ftu.<\/h1>\n<p>Japon Meteoroloji Ajans\u0131, depremin yerel saatle sabah 08.00&#8217;de Miyako kentinin 210 kilometre do\u011fusunda B\u00fcy\u00fck Okyanus&#8217;da, 10 kilometre derinlikte kaydedildi\u011fini a\u00e7\u0131klad\u0131.<\/p>\n<p>Depremin \u00fclkenin kuzeydo\u011fu sahillerinde 20 santimetrelik ufak tsunamilere neden oldu\u011fu belirtildi. Sars\u0131nt\u0131n\u0131n ard\u0131ndan yap\u0131lan tsunami uyar\u0131s\u0131 k\u0131sa s\u00fcre sonra kald\u0131r\u0131ld\u0131.<\/p>\n<p>Yakla\u015f\u0131k 690 kilometre uzakl\u0131ktaki Tokyo&#8217;da da hissedilen depremden birka\u00e7 saat sonra deniz y\u00fczeyinden 50 kilometre derinlikte 5,7 b\u00fcy\u00fckl\u00fc\u011f\u00fcnde art\u00e7\u0131 sars\u0131nt\u0131 meydana geldi.<\/p>\n<p>Kyodo Haber Ajans\u0131, depremde ve tsunamilerde \u00f6len ya da yaralanan olmad\u0131\u011f\u0131n\u0131 duyurdu. Sahile yak\u0131n yerle\u015fim birimlerinde oturanlar\u0131n tahliye edildi\u011fi belirtildi.<\/p>\n<p>&#8220;Pasifik ate\u015f \u00e7emberi&#8221; deprem ve volkan ku\u015fa\u011f\u0131nda yer alan Japonya, 11 Mart 2011&#8217;de tarihinin en b\u00fcy\u00fck deprem felaketlerinden birini ya\u015fam\u0131\u015ft\u0131. Richter \u00f6l\u00e7e\u011fine g\u00f6re 9 b\u00fcy\u00fckl\u00fc\u011f\u00fcndeki deprem ve ard\u0131ndan olu\u015fan dev tsunami, 18 bin ki\u015finin ya\u015fam\u0131n\u0131 yitirmesine, binlercesinin yaralanmas\u0131na ve \u00fclkenin kuzeydo\u011fu k\u0131y\u0131lar\u0131nda b\u00fcy\u00fck hasara yol a\u00e7m\u0131\u015ft\u0131.<\/p>\n<p>Deprem ve tsunami, Fuku\u015fima santralinde de radyoaktif s\u0131z\u0131nt\u0131ya yol a\u00e7arak \u00c7ernobil&#8217;den 25 y\u0131l sonra d\u00fcnyan\u0131n en b\u00fcy\u00fck ikinci n\u00fckleer felaketine neden olmu\u015ftu. \u00dc\u00e7 reakt\u00f6r\u00fcn erimesi sonucu ortaya \u00e7\u0131kan radyasyon s\u0131z\u0131nt\u0131s\u0131n\u0131n ard\u0131ndan b\u00f6lgede ya\u015fayan 160 bin ki\u015fi tahliye edilmi\u015fti.<\/p>\n<p>Richter \u00f6l\u00e7e\u011fine g\u00f6re 6 ve daha b\u00fcy\u00fck depremlerin y\u00fczde 20&#8217;si, d\u00fcnyan\u0131n sismik olarak en aktif b\u00f6lgelerinden biri kabul edilen Japonya&#8217;da meydana geliyor. (AA)<\/p>\n<p><strong>T\u00fcm G\u00fczelli\u011fiyle Japonya Hakk\u0131nda Video<\/strong><\/p>\n<div style=\"width: 640px;\" class=\"wp-video\"><video class=\"wp-video-shortcode\" id=\"video-206279-1\" width=\"640\" height=\"360\" preload=\"metadata\" controls=\"controls\"><source type=\"video\/x-flv\" src=\"http:\/\/www.nationalturk.com\/tr\/wp-content\/uploads\/2015\/02\/Japonya-Sakura-Turlari.flv?_=1\" \/><a href=\"http:\/\/www.nationalturk.com\/tr\/wp-content\/uploads\/2015\/02\/Japonya-Sakura-Turlari.flv\">http:\/\/www.nationalturk.com\/tr\/wp-content\/uploads\/2015\/02\/Japonya-Sakura-Turlari.flv<\/a><\/video><\/div>\n<!-- Error, Advert is not available at this time due to schedule\/geolocation restrictions! -->\n","protected":false},"excerpt":{"rendered":"<p>Japonya&#8217;n\u0131n kuzeydo\u011fu sahili a\u00e7\u0131klar\u0131nda 6,9 b\u00fcy\u00fckl\u00fc\u011f\u00fcnde deprem meydana geldi. Depremde \u00f6len ya da yaralanan olmad\u0131. Deprem sonras\u0131 kuzeydo\u011fu sahillerinde 20 santimetrelik tsunami olu\u015ftu.<\/p>\n","protected":false},"author":4,"featured_media":206280,"comment_status":"open","ping_status":"open","sticky":false,"template":"","format":"standard","meta":{"_acf_changed":false,"footnotes":""},"categories":[6769,6665,6155,5005,349,220816],"tags":[863,4146,64470,184765,64479,184763,184707,184764],"class_list":["post-206279","post","type-post","status-publish","format-standard","has-post-thumbnail","hentry","category-asya","category-dunya","category-gundem","category-manset","category-son-dakika","category-uzak-dogu","tag-japonya","tag-japonya-deprem","tag-japonya-depremi","tag-japonya-sakura-video","tag-japonya-video","tag-japonya-videolari","tag-kyodo","tag-sakura-video"],"acf":[],"_links":{"self":[{"href":"https:\/\/www.nationalturk.com\/tr\/wp-json\/wp\/v2\/posts\/206279","targetHints":{"allow":["GET"]}}],"collection":[{"href":"https:\/\/www.nationalturk.com\/tr\/wp-json\/wp\/v2\/posts"}],"about":[{"href":"https:\/\/www.nationalturk.com\/tr\/wp-json\/wp\/v2\/types\/post"}],"author":[{"embeddable":true,"href":"https:\/\/www.nationalturk.com\/tr\/wp-json\/wp\/v2\/users\/4"}],"replies":[{"embeddable":true,"href":"https:\/\/www.nationalturk.com\/tr\/wp-json\/wp\/v2\/comments?post=206279"}],"version-history":[{"count":0,"href":"https:\/\/www.nationalturk.com\/tr\/wp-json\/wp\/v2\/posts\/206279\/revisions"}],"wp:featuredmedia":[{"embeddable":true,"href":"https:\/\/www.nationalturk.com\/tr\/wp-json\/wp\/v2\/media\/206280"}],"wp:attachment":[{"href":"https:\/\/www.nationalturk.com\/tr\/wp-json\/wp\/v2\/media?parent=206279"}],"wp:term":[{"taxonomy":"category","embeddable":true,"href":"https:\/\/www.nationalturk.com\/tr\/wp-json\/wp\/v2\/categories?post=206279"},{"taxonomy":"post_tag","embeddable":true,"href":"https:\/\/www.nationalturk.com\/tr\/wp-json\/wp\/v2\/tags?post=206279"}],"curies":[{"name":"wp","href":"https:\/\/api.w.org\/{rel}","templated":true}]}}