{"id":206284,"date":"2015-02-17T11:03:03","date_gmt":"2015-02-17T09:03:03","guid":{"rendered":"http:\/\/www.nationalturk.com\/?p=206284"},"modified":"2022-09-11T16:36:42","modified_gmt":"2022-09-11T13:36:42","slug":"kuzey-koreden-washingtondaki-konferansa-sert-tepki-206284","status":"publish","type":"post","link":"https:\/\/www.nationalturk.com\/tr\/kuzey-koreden-washingtondaki-konferansa-sert-tepki-206284\/","title":{"rendered":"Kuzey Kore&#8217;den Washington&#8217;daki konferansa sert tepki"},"content":{"rendered":"<p><img loading=\"lazy\" decoding=\"async\" class=\"alignnone size-full wp-image-206285\" src=\"http:\/\/www.nationalturk.com\/tr\/wp-content\/uploads\/2015\/02\/kim_yong.jpeg\" alt=\"Kim Jong\" width=\"610\" height=\"330\" title=\"\"><\/p>\n<h1>Kuzey Kore, bug\u00fcn ABD&#8217;nin ba\u015fkenti Washington&#8217;da d\u00fczenlenecek ve \u00fclkedeki insan haklar\u0131 ihlallerinin ele al\u0131naca\u011f\u0131 toplant\u0131ya sert tepki g\u00f6sterdi.<\/h1>\n<p>Kuzey Kore&#8217;nin Birle\u015fmi\u015f Milletler (BM) Daimi Temsilcisi Jang Il Hun, ABD h\u00fck\u00fcmetinden, Stratejik ve Uluslararas\u0131 Ara\u015ft\u0131rmalar Merkezi&#8217;nin (CSIS) d\u00fczenledi\u011fi &#8220;s\u00f6zde konferans\u0131n derhal iptal edilmesini&#8221; istediklerini s\u00f6yledi.<\/p>\n<p>Jang, ABD&#8217;nin Pyongyang y\u00f6netiminin konferansa kat\u0131l\u0131p, kendisini savunmak i\u00e7in yapt\u0131\u011f\u0131 ba\u015fvuruyu geri \u00e7evirmesini de ele\u015ftirdi.<\/p>\n<p>CSIS&#8217;in Kuzey Kore&#8217;den sorumlu Direkt\u00f6r\u00fc Victor Cha ise kimseye konferans i\u00e7in davetiye g\u00f6ndermediklerini, etkinli\u011fin herkese a\u00e7\u0131k oldu\u011funu, Jang&#8217;\u0131n neden s\u00f6z etti\u011fini anlayamad\u0131\u011f\u0131n\u0131 belirtti.<\/p>\n<p>D\u0131\u015fi\u015fleri Bakanl\u0131\u011f\u0131, konu\u015fmac\u0131lar\u0131 aras\u0131nda ABD Ba\u015fkan\u0131 Barack Obama&#8217;n\u0131n \u00d6zel Temsilcisi Robert King&#8217;in de bulundu\u011fu konferans\u0131n bir d\u00fc\u015f\u00fcnce kurulu\u015fu taraf\u0131ndan d\u00fczenlenen \u00f6zel bir etkinlik oldu\u011funu kaydetti.<\/p>\n<p>Kuzey Kore ile G\u00fcney Kore aras\u0131nda diplomatik ili\u015fki bulunmuyor. ABD h\u00fck\u00fcmeti, BM&#8217;de g\u00f6rev yapan Kuzey Kore diplomatlar\u0131n\u0131n Manhattan&#8217;daki BM Merkezi&#8217;nin 40 kilometre \u00e7evresindeki alan\u0131n d\u0131\u015f\u0131na \u00e7\u0131kmas\u0131na da izin vermiyor. Diplomatlar\u0131n, bu alan\u0131n d\u0131\u015f\u0131na \u00e7\u0131kmak i\u00e7in izin almas\u0131 gerekiyor.<\/p>\n<p>BM Genel Kurulu, aral\u0131k ay\u0131nda BM G\u00fcvenlik Konseyi&#8217;ne Pyongyang y\u00f6netimini, i\u015fledi\u011fi insanl\u0131k kar\u015f\u0131t\u0131 su\u00e7lar nedeniyle Uluslararas\u0131 Ceza Mahkemesi&#8217;ne (UCM) sevk etmesi \u00e7a\u011fr\u0131s\u0131nda bulunmu\u015ftu. BM Genel Kurulu&#8217;na ba\u011fl\u0131 BM \u0130nsan Haklar\u0131 Komitesi de Kuzey Kore&#8217;nin gen\u00e7 lideri King Jong Un&#8217;u bu su\u00e7lardan sorumlu tutulabilece\u011fi konusunda uyarm\u0131\u015ft\u0131.<\/p>\n<p>Kuzey Kore ise ABD&#8217;nin insan haklar\u0131 konusunu, Pyongyang y\u00f6netimini y\u0131kmak i\u00e7in kulland\u0131\u011f\u0131n\u0131 ileri s\u00fcrerek, ABD&#8217;nin bunun yerine &#8220;Merkezi Haberalma Te\u015fkilat\u0131&#8217;n\u0131n (CIA) i\u015fledi\u011fi i\u015fkence su\u00e7lar\u0131na&#8221; bakmas\u0131 gerekti\u011fini savunmu\u015ftu. (AA)<\/p>\n<!-- Error, Advert is not available at this time due to schedule\/geolocation restrictions! -->\n","protected":false},"excerpt":{"rendered":"<p>Kuzey Kore, bug\u00fcn ABD&#8217;nin ba\u015fkenti Washington&#8217;da d\u00fczenlenecek ve \u00fclkedeki insan haklar\u0131 ihlallerinin ele al\u0131naca\u011f\u0131 toplant\u0131ya sert tepki g\u00f6sterdi.<\/p>\n","protected":false},"author":4,"featured_media":206285,"comment_status":"open","ping_status":"open","sticky":false,"template":"","format":"standard","meta":{"_acf_changed":false,"footnotes":""},"categories":[6768,6769,6665,6155,5005,6202,220816],"tags":[1887,96449,2509,23764,5622,112923],"class_list":["post-206284","post","type-post","status-publish","format-standard","has-post-thumbnail","hentry","category-amerika","category-asya","category-dunya","category-gundem","category-manset","category-politika","category-uzak-dogu","tag-abd","tag-abd-kuzey-kore","tag-barack-obama","tag-birlesmis-milletler","tag-kuzey-kore","tag-kuzey-kore-japonya"],"acf":[],"_links":{"self":[{"href":"https:\/\/www.nationalturk.com\/tr\/wp-json\/wp\/v2\/posts\/206284","targetHints":{"allow":["GET"]}}],"collection":[{"href":"https:\/\/www.nationalturk.com\/tr\/wp-json\/wp\/v2\/posts"}],"about":[{"href":"https:\/\/www.nationalturk.com\/tr\/wp-json\/wp\/v2\/types\/post"}],"author":[{"embeddable":true,"href":"https:\/\/www.nationalturk.com\/tr\/wp-json\/wp\/v2\/users\/4"}],"replies":[{"embeddable":true,"href":"https:\/\/www.nationalturk.com\/tr\/wp-json\/wp\/v2\/comments?post=206284"}],"version-history":[{"count":0,"href":"https:\/\/www.nationalturk.com\/tr\/wp-json\/wp\/v2\/posts\/206284\/revisions"}],"wp:featuredmedia":[{"embeddable":true,"href":"https:\/\/www.nationalturk.com\/tr\/wp-json\/wp\/v2\/media\/206285"}],"wp:attachment":[{"href":"https:\/\/www.nationalturk.com\/tr\/wp-json\/wp\/v2\/media?parent=206284"}],"wp:term":[{"taxonomy":"category","embeddable":true,"href":"https:\/\/www.nationalturk.com\/tr\/wp-json\/wp\/v2\/categories?post=206284"},{"taxonomy":"post_tag","embeddable":true,"href":"https:\/\/www.nationalturk.com\/tr\/wp-json\/wp\/v2\/tags?post=206284"}],"curies":[{"name":"wp","href":"https:\/\/api.w.org\/{rel}","templated":true}]}}