{"id":206693,"date":"2015-02-23T12:34:19","date_gmt":"2015-02-23T10:34:19","guid":{"rendered":"http:\/\/www.nationalturk.com\/?p=206693"},"modified":"2015-02-23T12:34:19","modified_gmt":"2015-02-23T10:34:19","slug":"madridin-liderlik-keyfi-suruyor-elche-real-madrid-maci-ozeti-video-206693","status":"publish","type":"post","link":"https:\/\/www.nationalturk.com\/tr\/madridin-liderlik-keyfi-suruyor-elche-real-madrid-maci-ozeti-video-206693\/","title":{"rendered":"Madrid&#8217;in liderlik keyfi s\u00fcr\u00fcyor \/ Elche Real Madrid ma\u00e7\u0131 \u00f6zeti (Video)"},"content":{"rendered":"<p><img loading=\"lazy\" decoding=\"async\" class=\"alignnone size-full wp-image-206694\" src=\"http:\/\/www.nationalturk.com\/tr\/wp-content\/uploads\/2015\/02\/benzema_elche_madrid.jpeg\" alt=\"Benzema\" width=\"600\" height=\"298\" title=\"\" srcset=\"https:\/\/www.nationalturk.com\/tr\/wp-content\/uploads\/2015\/02\/benzema_elche_madrid.jpeg 600w, https:\/\/www.nationalturk.com\/tr\/wp-content\/uploads\/2015\/02\/benzema_elche_madrid-280x139.jpeg 280w\" sizes=\"auto, (max-width: 600px) 100vw, 600px\" \/><\/p>\n<h1>\u0130spanya La Liga&#8217;da Barcelona&#8217;n\u0131n yenildi\u011fi haftada Real Madrid Elche engelini a\u015farak liderli\u011fini s\u00fcrd\u00fcrd\u00fc. \/ Elche Real Madrid ma\u00e7\u0131 \u00f6zeti (Video)<\/h1>\n<p>La Liga 24. haftas\u0131nda Real Madrid Elche&#8217;yi deplasmanda 2-0 ma\u011flup etmeyi ba\u015fard\u0131. Real Madrid&#8217;e deplasmanda galibiyeti getiren goller Karim Benzema ve Cristiano Ronaldo&#8217;dan geldi.<\/p>\n<p>Elche Real Madrid ma\u00e7\u0131 konuk ekibin bask\u0131l\u0131 futboluyla ba\u015flad\u0131. 5. dakikada Ronaldo&#8217;nun sol \u00e7aprazdan \u00e7ekti\u011fi \u015fut direkten d\u0131\u015far\u0131 gitti. Bask\u0131y\u0131 devam ettiren Real Madrid, 19. dakikada Ronaldo&#8217;nun d\u00fc\u015f\u00fcr\u00fcld\u00fc\u011f\u00fc pozisyonda penalt\u0131 bekledi ancak hakem oyunu devam ettirdi. Real Madrid, Frans\u0131z Benzema ile 41&#8217;de gol\u00fc buldu ancak gol ofsayt gerek\u00e7esiyle ge\u00e7erli say\u0131lmad\u0131.\u00a0Kalan b\u00f6l\u00fcmde ba\u015fka gol olmad\u0131 ve Elche Real Madrid ma\u00e7\u0131 ilk yar\u0131s\u0131 gols\u00fcz sona erdi.<\/p>\n<p>Real Madrid ikinci yar\u0131da arad\u0131\u011f\u0131 gol\u00fc Benzema&#8217;yla buldu.\u00a056. dakikada Ronaldo&#8217;nun sol kanattan alt\u0131pasa g\u00f6nderdi\u011fi topta kaleci Tyton&#8217;un hatas\u0131nda top Benzema&#8217;n\u0131n \u00f6n\u00fcnde kald\u0131. Frans\u0131z golc\u00fc topu bo\u015f filelere g\u00f6nderdi. 0-1&#8230; 69. dakikada ise Real Madrid&#8217;i rahatlatan gol geldi. Isco&#8217;nun ortas\u0131nda Cristiano Ronaldo m\u00fcthi\u015f bir kafa vuru\u015fuyla topu filelere g\u00f6nderdi ve Real Madrid Elche kar\u015f\u0131s\u0131nda fark\u0131 2&#8217;ye \u00e7\u0131kard\u0131.<\/p>\n<p>Bu sonu\u00e7la liderli\u011fini devam ettiren Real Madrid Barcelona ile aras\u0131ndaki puan fark\u0131n\u0131 4&#8217;e \u00e7\u0131kard\u0131.<\/p>\n<h2>Elche Real Madrid ma\u00e7\u0131 \u00f6zeti \/ Video;<\/h2>\n<div style=\"width: 640px;\" class=\"wp-video\"><video class=\"wp-video-shortcode\" id=\"video-206693-1\" width=\"640\" height=\"360\" preload=\"metadata\" controls=\"controls\"><source type=\"video\/mp4\" src=\"http:\/\/www.nationalturk.com\/tr\/wp-content\/uploads\/2015\/02\/elche_real_madrid.mp4?_=1\" \/><a href=\"http:\/\/www.nationalturk.com\/tr\/wp-content\/uploads\/2015\/02\/elche_real_madrid.mp4\">http:\/\/www.nationalturk.com\/tr\/wp-content\/uploads\/2015\/02\/elche_real_madrid.mp4<\/a><\/video><\/div>\n<!-- Error, Advert is not available at this time due to schedule\/geolocation restrictions! -->\n","protected":false},"excerpt":{"rendered":"<p>\u0130spanya La Liga&#8217;da Barcelona&#8217;n\u0131n yenildi\u011fi haftada Real Madrid Elche engelini a\u015farak liderli\u011fini s\u00fcrd\u00fcrd\u00fc. \/ Elche Real Madrid ma\u00e7\u0131 \u00f6zeti (Video)<\/p>\n","protected":false},"author":4,"featured_media":206694,"comment_status":"open","ping_status":"open","sticky":false,"template":"","format":"standard","meta":{"_acf_changed":false,"footnotes":""},"categories":[6774,6194,342],"tags":[20608,3401,21033,2617],"class_list":["post-206693","post","type-post","status-publish","format-standard","has-post-thumbnail","hentry","category-futbol","category-spor","category-video","tag-benzema","tag-cristiano-ronaldo","tag-la-liga","tag-ronaldo"],"acf":[],"_links":{"self":[{"href":"https:\/\/www.nationalturk.com\/tr\/wp-json\/wp\/v2\/posts\/206693","targetHints":{"allow":["GET"]}}],"collection":[{"href":"https:\/\/www.nationalturk.com\/tr\/wp-json\/wp\/v2\/posts"}],"about":[{"href":"https:\/\/www.nationalturk.com\/tr\/wp-json\/wp\/v2\/types\/post"}],"author":[{"embeddable":true,"href":"https:\/\/www.nationalturk.com\/tr\/wp-json\/wp\/v2\/users\/4"}],"replies":[{"embeddable":true,"href":"https:\/\/www.nationalturk.com\/tr\/wp-json\/wp\/v2\/comments?post=206693"}],"version-history":[{"count":0,"href":"https:\/\/www.nationalturk.com\/tr\/wp-json\/wp\/v2\/posts\/206693\/revisions"}],"wp:featuredmedia":[{"embeddable":true,"href":"https:\/\/www.nationalturk.com\/tr\/wp-json\/wp\/v2\/media\/206694"}],"wp:attachment":[{"href":"https:\/\/www.nationalturk.com\/tr\/wp-json\/wp\/v2\/media?parent=206693"}],"wp:term":[{"taxonomy":"category","embeddable":true,"href":"https:\/\/www.nationalturk.com\/tr\/wp-json\/wp\/v2\/categories?post=206693"},{"taxonomy":"post_tag","embeddable":true,"href":"https:\/\/www.nationalturk.com\/tr\/wp-json\/wp\/v2\/tags?post=206693"}],"curies":[{"name":"wp","href":"https:\/\/api.w.org\/{rel}","templated":true}]}}