{"id":207300,"date":"2015-03-04T12:27:28","date_gmt":"2015-03-04T10:27:28","guid":{"rendered":"http:\/\/www.nationalturk.com\/?p=207300"},"modified":"2015-03-04T12:27:28","modified_gmt":"2015-03-04T10:27:28","slug":"izmirin-tamami-icin-arama-karari-207300","status":"publish","type":"post","link":"https:\/\/www.nationalturk.com\/tr\/izmirin-tamami-icin-arama-karari-207300\/","title":{"rendered":"\u0130zmir&#8217;in tamam\u0131 i\u00e7in arama karar\u0131!"},"content":{"rendered":"<p><img loading=\"lazy\" decoding=\"async\" class=\"alignnone size-full wp-image-207301\" src=\"http:\/\/www.nationalturk.com\/tr\/wp-content\/uploads\/2015\/03\/firat_cakiroglu_832106382.jpg\" alt=\"F\u0131rat \u00c7ak\u0131ro\u011flu\" width=\"610\" height=\"353\" title=\"\"><\/p>\n<h1>Ege \u00dcniversitesi&#8217;nde \u00fclk\u00fcc\u00fc F\u0131rat \u00c7ak\u0131ro\u011flu&#8217;nun \u00f6ld\u00fcr\u00fclmesi olay\u0131yla ilgili olarak \u0130zmir Emniyet M\u00fcd\u00fcrl\u00fc\u011f\u00fc&#8217;n\u00fcn t\u00fcm kentte ki\u015filerin \u00fczerinin ve \u00f6zel ya da toplu ta\u015f\u0131ma ara\u00e7lar\u0131n\u0131n iki g\u00fcn boyunca aranmas\u0131 yetkisi ald\u0131\u011f\u0131 ortaya \u00e7\u0131kt\u0131.<\/h1>\n<p>Radikal&#8217;den \u0130smail Saymaz&#8217;\u0131n haberine g\u00f6re\u00a0\u0130zmir Emniyet M\u00fcd\u00fcrl\u00fc\u011f\u00fc\u2019n\u00fcn Ege \u00dcniversitesindeki kavgada F\u0131rat \u00c7ak\u0131ro\u011flu adl\u0131 gencin \u00f6ld\u00fcr\u00fclmesini gerek\u00e7e g\u00f6stererek, \u015fehirdeki en merkezi 11 il\u00e7ede 2-3 Mart g\u00fcn\u00fc her vatanda\u015f\u0131n \u00fczerinin, toplu ta\u015f\u0131ma ara\u00e7lar\u0131n\u0131n, trafikte seyreden \u00f6zel ara\u00e7lar\u0131n, ara\u00e7lardaki \u00f6zel ka\u011f\u0131tlar ve e\u015fyalar\u0131n aranmas\u0131 i\u00e7in karar ald\u0131\u011f\u0131 ortaya \u00e7\u0131kt\u0131. Emniyet\u2019in 4-5 Mart g\u00fcn\u00fc i\u00e7in de ayn\u0131 yetkiler i\u00e7in ba\u015fvuru yapt\u0131\u011f\u0131, ancak \u0130zmir 3. Sulh Ceza Mahkemesi\u2019nden olumsuz yan\u0131t ald\u0131\u011f\u0131 \u00f6\u011frenildi. Mahkeme kararda, \u201cYer belirtmeksizin, t\u00fcm il\u00e7elerin yaz\u0131lmas\u0131 suretiyle, do\u011frudan do\u011fruya t\u00fcm vatanda\u015flar \u00fczerinde arama karar\u0131 istenmi\u015f olmas\u0131, ki\u015filerin Anayasal h\u00fck\u00fcmlerle teminat alt\u0131na al\u0131nm\u0131\u015f olan hak ve \u00f6zg\u00fcrl\u00fcklerini k\u0131s\u0131tlar\u201d diyerek, talebi geri \u00e7evirdi.<\/p>\n<p>\u0130zmir Emniyet M\u00fcd\u00fcrl\u00fc\u011f\u00fc, Ege \u00dcniversitesi\u2019ndeki olaylarda F\u0131rat \u00c7ak\u0131ro\u011flu adl\u0131 gencin \u00f6ld\u00fcr\u00fclmesini gerek\u00e7e g\u00f6stererek, 1 Mart\u2019ta \u0130zmir 2. Sulh Ceza Mahkemesi\u2019ne ba\u015fvurdu. Bu ba\u015fvuruda, \u00c7ak\u0131ro\u011flu\u2019nun \u00f6lmesi nedeniyle \u015fehirde \u00e7e\u015fitli eylem ve etkinlikler d\u00fczenlenece\u011fi, eylemlerde kar\u015f\u0131t g\u00f6r\u00fc\u015fl\u00fc gruplara, g\u00fcvenlik g\u00fc\u00e7lerine, kamu kurum ve kurulu\u015flar\u0131na, kamu ve \u00f6zele ait ara\u00e7lara sald\u0131r\u0131da bulunularak zarar verilece\u011fi y\u00f6n\u00fcnde bilgiler al\u0131nd\u0131\u011f\u0131 ileri s\u00fcr\u00fcld\u00fc. Bu nedenle \u201cmilli g\u00fcvenlik, kamu d\u00fczeni, su\u00e7 i\u015flenmenin \u00f6nlenmesi, genel sa\u011fl\u0131\u011f\u0131n ve genel ahlak\u0131n ve ba\u015fkalar\u0131n\u0131n hak ve \u00f6zg\u00fcrl\u00fcklerinin korunmas\u0131, su\u00e7lular\u0131n yakalanmas\u0131, ta\u015f\u0131nmas\u0131 ve bulundurulmas\u0131 yasak olan her t\u00fcrl\u00fc silah ve patlay\u0131c\u0131 maddenin tespiti\u201d amac\u0131yla Bal\u00e7ova, Bayrakl\u0131, Bornova, Buca, \u00c7i\u011fli, Gaziemir, G\u00fczelbah\u00e7e, Karaba\u011flar, Kar\u015f\u0131yaka, Konak ve Narl\u0131dere il\u00e7elerinde ki\u015filerin \u00fcstlerinin aranmas\u0131, her t\u00fcrl\u00fc toplu ta\u015f\u0131ma ve seyreden ta\u015f\u0131t ara\u00e7lar\u0131n\u0131n, \u00f6zel ka\u011f\u0131tlar\u0131n\u0131n ve e\u015fyalar\u0131n\u0131n aranmas\u0131 i\u00e7in 2 Mart saat 06.00\u2019dan 3 Mart 06.00\u2019ya kadar \u2018\u00d6nleme Arama \u0130zni\u2019 verilmesi istendi. Hakim Fethiye Bilici de ayn\u0131 g\u00fcn bu izni verdi.<\/p>\n<p>\u0130zmir Emniyet M\u00fcd\u00fcrl\u00fc\u011f\u00fc ayn\u0131 gerek\u00e7eyi g\u00f6stererek, bu kez de 4-5 Mart g\u00fcnleri aras\u0131nda ve ayn\u0131 saatler i\u00e7inde tekrar arama izni istedi. \u0130zmir 3. Sulh Ceza Mahkemesi Hakimi Dilek \u00c7elikta\u015f ise \u201c\u0130zmir Valili\u011fi\u2019nin karar\u0131nda hi\u00e7bir yer belirtmeksizin, hemen hemen t\u00fcm il\u00e7elerin yaz\u0131lmas\u0131 suretiyle, do\u011frudan do\u011fruya t\u00fcm vatanda\u015flar \u00fczerinde arama karar\u0131 verilmesi istenmi\u015f olmas\u0131 kar\u015f\u0131s\u0131nda ki\u015filerin Anayasal h\u00fck\u00fcmlerle teminat alt\u0131na al\u0131nm\u0131\u015f olan hak ve \u00f6zg\u00fcrl\u00fcklerini k\u0131s\u0131tlayacak bir bi\u00e7imde genel bir arama karar\u0131 verilmesi Ceza Muhakemesi Kanunu h\u00fck\u00fcmlerine ve Adli ve \u00d6nleme Aramalar\u0131 Y\u00f6netmeli\u011fi\u2019ne ayk\u0131r\u0131 oldu\u011fundan\u201d talebi reddetti.<\/p>\n<!-- Error, Advert is not available at this time due to schedule\/geolocation restrictions! -->\n","protected":false},"excerpt":{"rendered":"<p>Ege \u00dcniversitesi&#8217;nde \u00fclk\u00fcc\u00fc F\u0131rat \u00c7ak\u0131ro\u011flu&#8217;nun \u00f6ld\u00fcr\u00fclmesi olay\u0131yla ilgili olarak \u0130zmir Emniyet M\u00fcd\u00fcrl\u00fc\u011f\u00fc&#8217;n\u00fcn t\u00fcm kentte ki\u015filerin \u00fczerinin ve \u00f6zel ya da toplu ta\u015f\u0131ma ara\u00e7lar\u0131n\u0131n iki g\u00fcn boyunca aranmas\u0131 yetkisi ald\u0131\u011f\u0131 ortaya \u00e7\u0131kt\u0131.<\/p>\n","protected":false},"author":4,"featured_media":207301,"comment_status":"open","ping_status":"open","sticky":false,"template":"","format":"standard","meta":{"_acf_changed":false,"footnotes":""},"categories":[6155,5005,6202,6805],"tags":[3379,185096,1681],"class_list":["post-207300","post","type-post","status-publish","format-standard","has-post-thumbnail","hentry","category-gundem","category-manset","category-politika","category-turkiye","tag-ege-universitesi","tag-firat-cakiroglu-cinayeti","tag-izmir"],"acf":[],"_links":{"self":[{"href":"https:\/\/www.nationalturk.com\/tr\/wp-json\/wp\/v2\/posts\/207300","targetHints":{"allow":["GET"]}}],"collection":[{"href":"https:\/\/www.nationalturk.com\/tr\/wp-json\/wp\/v2\/posts"}],"about":[{"href":"https:\/\/www.nationalturk.com\/tr\/wp-json\/wp\/v2\/types\/post"}],"author":[{"embeddable":true,"href":"https:\/\/www.nationalturk.com\/tr\/wp-json\/wp\/v2\/users\/4"}],"replies":[{"embeddable":true,"href":"https:\/\/www.nationalturk.com\/tr\/wp-json\/wp\/v2\/comments?post=207300"}],"version-history":[{"count":0,"href":"https:\/\/www.nationalturk.com\/tr\/wp-json\/wp\/v2\/posts\/207300\/revisions"}],"wp:featuredmedia":[{"embeddable":true,"href":"https:\/\/www.nationalturk.com\/tr\/wp-json\/wp\/v2\/media\/207301"}],"wp:attachment":[{"href":"https:\/\/www.nationalturk.com\/tr\/wp-json\/wp\/v2\/media?parent=207300"}],"wp:term":[{"taxonomy":"category","embeddable":true,"href":"https:\/\/www.nationalturk.com\/tr\/wp-json\/wp\/v2\/categories?post=207300"},{"taxonomy":"post_tag","embeddable":true,"href":"https:\/\/www.nationalturk.com\/tr\/wp-json\/wp\/v2\/tags?post=207300"}],"curies":[{"name":"wp","href":"https:\/\/api.w.org\/{rel}","templated":true}]}}