{"id":207356,"date":"2015-03-05T10:42:02","date_gmt":"2015-03-05T08:42:02","guid":{"rendered":"http:\/\/www.nationalturk.com\/?p=207356"},"modified":"2015-03-05T10:56:06","modified_gmt":"2015-03-05T08:56:06","slug":"son-dakika-konyada-askeri-ucak-dustu-207356","status":"publish","type":"post","link":"https:\/\/www.nationalturk.com\/tr\/son-dakika-konyada-askeri-ucak-dustu-207356\/","title":{"rendered":"Son Dakika! Konya&#8217;da askeri u\u00e7ak d\u00fc\u015ft\u00fc"},"content":{"rendered":"<p><img loading=\"lazy\" decoding=\"async\" class=\"alignnone size-large wp-image-207365\" src=\"http:\/\/www.nationalturk.com\/tr\/wp-content\/uploads\/2015\/03\/konya_askeri_ucak_1-610x357.jpg\" alt=\"Konya&#039;da askeri u\u00e7ak d\u00fc\u015ft\u00fc\" width=\"610\" height=\"357\" title=\"\" srcset=\"https:\/\/www.nationalturk.com\/tr\/wp-content\/uploads\/2015\/03\/konya_askeri_ucak_1-610x357.jpg 610w, https:\/\/www.nationalturk.com\/tr\/wp-content\/uploads\/2015\/03\/konya_askeri_ucak_1-280x164.jpg 280w, https:\/\/www.nationalturk.com\/tr\/wp-content\/uploads\/2015\/03\/konya_askeri_ucak_1-900x528.jpg 900w, https:\/\/www.nationalturk.com\/tr\/wp-content\/uploads\/2015\/03\/konya_askeri_ucak_1.jpg 1200w\" sizes=\"auto, (max-width: 610px) 100vw, 610px\" \/><\/p>\n<h1>T\u00fcrk Hava Kuvvetleri ile Azerbaycan Hava Kuvvetleri\u2019nin Turaz \u015eahini 2015 tatbikat\u0131n\u0131n devam etti\u011fi s\u0131rada bir F4 e\u011fitim u\u00e7a\u011f\u0131 d\u00fc\u015ft\u00fc. \/\u00a0Son Dakika! Konya&#8217;da askeri u\u00e7ak d\u00fc\u015ft\u00fc<\/h1>\n<p>Konya\u2019daki 3\u2019\u00fcnc\u00fc Ana Jet \u00dcss\u00fc\u2019ndeki tatbikat bu sabah ba\u015flarken Konya- Aksaray karayolunun 22\u2019nci kilometresinde Ortakonak Mevkii\u2019nde bir e\u011fitim u\u00e7a\u011f\u0131 d\u00fc\u015ft\u00fc. B\u00f6lgeye arama kurtarma ekipleri sevk edildi.<\/p>\n<p>Konya Valisi Muammer Erol, bir pilotun atlad\u0131\u011f\u0131n\u0131, di\u011fer pilottan hala bilgi al\u0131namad\u0131\u011f\u0131n\u0131 s\u00f6yledi.<\/p>\n<h2>Son Dakika! 2 pilot \u015fehit oldu<\/h2>\n<p>Genelkurmay Ba\u015fkanl\u0131\u011f\u0131ndan yap\u0131lan a\u00e7\u0131klamada, planl\u0131 e\u011fitim u\u00e7u\u015fu i\u00e7in kalkan F-4E 2020 u\u00e7a\u011f\u0131n\u0131n, Konya At\u0131\u015f Sahas\u0131nda hen\u00fcz bilinmeyen bir nedenle kaza k\u0131r\u0131ma u\u011frad\u0131\u011f\u0131, 2 pilotun \u015fehit oldu\u011fu bildirildi.<\/p>\n<p>A\u00e7\u0131klamada \u015fu ifadelere yer verildi:<\/p>\n<p>&#8221;1&#8217;inci Ana Jet \u00dcs Komutanl\u0131\u011f\u0131 \/ Eski\u015fehir&#8217;den, 05 Mart 2015 g\u00fcn\u00fc saat 08.58&#8217;de, planl\u0131 e\u011fitim u\u00e7u\u015fu i\u00e7in kalk\u0131\u015f yapan 112&#8217;nci Filoya ait bir adet F-4E 2020 u\u00e7a\u011f\u0131 saat 09.50&#8217;de Konya At\u0131\u015f Sahas\u0131nda hen\u00fcz bilinmeyen bir nedenle kaza k\u0131r\u0131ma u\u011fram\u0131\u015ft\u0131r.<\/p>\n<p>Maalesef iki gen\u00e7 kahraman pilotumuz \u015fehit olmu\u015ftur. Kahraman \u015fehitlerimize Allah&#8217;tan rahmet, kederli ailelerine, Silahl\u0131 Kuvvetlerimize ve Y\u00fcce T\u00fcrk Milletine ba\u015f sa\u011fl\u0131\u011f\u0131 ve sab\u0131rlar dileriz.<br \/>\nKonu ile ilgili idari ve adli soru\u015fturmaya ba\u015flanm\u0131\u015ft\u0131r.&#8221;<\/p>\n<!-- Error, Advert is not available at this time due to schedule\/geolocation restrictions! -->\n","protected":false},"excerpt":{"rendered":"<p>T\u00fcrk Hava Kuvvetleri ile Azerbaycan Hava Kuvvetleri\u2019nin Turaz \u015eahini 2015 tatbikat\u0131n\u0131n devam etti\u011fi s\u0131rada bir F4 e\u011fitim u\u00e7a\u011f\u0131 d\u00fc\u015ft\u00fc. \/ Son Dakika! Konya&#8217;da askeri u\u00e7ak d\u00fc\u015ft\u00fc<\/p>\n","protected":false},"author":4,"featured_media":207358,"comment_status":"open","ping_status":"open","sticky":false,"template":"","format":"standard","meta":{"_acf_changed":false,"footnotes":""},"categories":[6155,5005,349,6805],"tags":[760,122292,123085,27382,119462],"class_list":["post-207356","post","type-post","status-publish","format-standard","has-post-thumbnail","hentry","category-gundem","category-manset","category-son-dakika","category-turkiye","tag-konya","tag-konya-son-dakika","tag-muammer-erol","tag-son-dakika","tag-son-dakika-ucak-kazasi"],"acf":[],"_links":{"self":[{"href":"https:\/\/www.nationalturk.com\/tr\/wp-json\/wp\/v2\/posts\/207356","targetHints":{"allow":["GET"]}}],"collection":[{"href":"https:\/\/www.nationalturk.com\/tr\/wp-json\/wp\/v2\/posts"}],"about":[{"href":"https:\/\/www.nationalturk.com\/tr\/wp-json\/wp\/v2\/types\/post"}],"author":[{"embeddable":true,"href":"https:\/\/www.nationalturk.com\/tr\/wp-json\/wp\/v2\/users\/4"}],"replies":[{"embeddable":true,"href":"https:\/\/www.nationalturk.com\/tr\/wp-json\/wp\/v2\/comments?post=207356"}],"version-history":[{"count":0,"href":"https:\/\/www.nationalturk.com\/tr\/wp-json\/wp\/v2\/posts\/207356\/revisions"}],"wp:featuredmedia":[{"embeddable":true,"href":"https:\/\/www.nationalturk.com\/tr\/wp-json\/wp\/v2\/media\/207358"}],"wp:attachment":[{"href":"https:\/\/www.nationalturk.com\/tr\/wp-json\/wp\/v2\/media?parent=207356"}],"wp:term":[{"taxonomy":"category","embeddable":true,"href":"https:\/\/www.nationalturk.com\/tr\/wp-json\/wp\/v2\/categories?post=207356"},{"taxonomy":"post_tag","embeddable":true,"href":"https:\/\/www.nationalturk.com\/tr\/wp-json\/wp\/v2\/tags?post=207356"}],"curies":[{"name":"wp","href":"https:\/\/api.w.org\/{rel}","templated":true}]}}