{"id":207612,"date":"2015-03-09T18:23:41","date_gmt":"2015-03-09T16:23:41","guid":{"rendered":"http:\/\/www.nationalturk.com\/?p=207612"},"modified":"2015-03-09T18:23:41","modified_gmt":"2015-03-09T16:23:41","slug":"son-dakika-hakan-fidan-aday-olmuyor-207612","status":"publish","type":"post","link":"https:\/\/www.nationalturk.com\/tr\/son-dakika-hakan-fidan-aday-olmuyor-207612\/","title":{"rendered":"Son Dakika: Hakan Fidan aday olmuyor!"},"content":{"rendered":"<p><img loading=\"lazy\" decoding=\"async\" class=\"alignnone size-large wp-image-207613\" src=\"http:\/\/www.nationalturk.com\/tr\/wp-content\/uploads\/2015\/03\/hakan_fidan_92346222-595x360.jpg\" alt=\"Hakan Fidan\" width=\"595\" height=\"360\" title=\"\" srcset=\"https:\/\/www.nationalturk.com\/tr\/wp-content\/uploads\/2015\/03\/hakan_fidan_92346222-595x360.jpg 595w, https:\/\/www.nationalturk.com\/tr\/wp-content\/uploads\/2015\/03\/hakan_fidan_92346222-280x169.jpg 280w, https:\/\/www.nationalturk.com\/tr\/wp-content\/uploads\/2015\/03\/hakan_fidan_92346222.jpg 800w\" sizes=\"auto, (max-width: 595px) 100vw, 595px\" \/><\/p>\n<h1>M\u0130T Eski M\u00fcste\u015far\u0131 Hakan Fidan, 25&#8217;inci D\u00f6nem milletvekili genel se\u00e7imleri aday adayl\u0131\u011f\u0131 ba\u015fvurusunu geri \u00e7ekti. Cumhurba\u015fkan\u0131 Erdo\u011fan, Fidan&#8217;\u0131n adayl\u0131\u011f\u0131na tepki g\u00f6stermi\u015fti. \/\u00a0Son Dakika: Hakan Fidan aday olmuyor!<\/h1>\n<p>Hakan\u00a0Fidan, yapt\u0131\u011f\u0131 yaz\u0131l\u0131 a\u00e7\u0131klamada \u015fu ifadelere yer verdi :<\/p>\n<p>&#8220;G\u00f6rd\u00fc\u011f\u00fcm l\u00fczum \u00fczerine, bug\u00fcn itibariyle 25&#8217;inci D\u00f6nem milletvekili genel se\u00e7imleri aday adayl\u0131\u011f\u0131 ba\u015fvurumu geri \u00e7ekmi\u015f bulunuyorum.<\/p>\n<p>\u00dclkeme ve milletime hizmet yolunda, bug\u00fcne kadar oldu\u011fu gibi bundan sonra da tevdi edilen her vazifeyi hakk\u0131yla yerine getirmenin gayreti i\u00e7inde olaca\u011f\u0131m. Bu vesileyle, destek ve itimatlar\u0131ndan dolay\u0131, Say\u0131n Cumhurba\u015fkan\u0131m\u0131za, Say\u0131n Ba\u015fbakan\u0131m\u0131za ve aziz milletimize \u015f\u00fckranlar\u0131m\u0131 arz eder, sayg\u0131lar sunar\u0131m. Dr. Hakan Fidan.&#8221;<\/p>\n<!-- Error, Advert is not available at this time due to schedule\/geolocation restrictions! -->\n","protected":false},"excerpt":{"rendered":"<p>M\u0130T Eski M\u00fcste\u015far\u0131 Hakan Fidan, 25&#8217;inci D\u00f6nem milletvekili genel se\u00e7imleri aday adayl\u0131\u011f\u0131 ba\u015fvurusunu geri \u00e7ekti. Cumhurba\u015fkan\u0131 Erdo\u011fan, Fidan&#8217;\u0131n adayl\u0131\u011f\u0131na tepki g\u00f6stermi\u015fti. \/ Son Dakika: Hakan Fidan aday olmuyor!<\/p>\n","protected":false},"author":4,"featured_media":207614,"comment_status":"open","ping_status":"open","sticky":false,"template":"","format":"standard","meta":{"_acf_changed":false,"footnotes":""},"categories":[6155,5005,6202,349,6805],"tags":[9476,27155,184072,126085,8076,27382],"class_list":["post-207612","post","type-post","status-publish","format-standard","has-post-thumbnail","hentry","category-gundem","category-manset","category-politika","category-son-dakika","category-turkiye","tag-akp","tag-hakan-fidan","tag-hakan-fidan-milletvekili","tag-hakan-fidan-son-dakika","tag-mit","tag-son-dakika"],"acf":[],"_links":{"self":[{"href":"https:\/\/www.nationalturk.com\/tr\/wp-json\/wp\/v2\/posts\/207612","targetHints":{"allow":["GET"]}}],"collection":[{"href":"https:\/\/www.nationalturk.com\/tr\/wp-json\/wp\/v2\/posts"}],"about":[{"href":"https:\/\/www.nationalturk.com\/tr\/wp-json\/wp\/v2\/types\/post"}],"author":[{"embeddable":true,"href":"https:\/\/www.nationalturk.com\/tr\/wp-json\/wp\/v2\/users\/4"}],"replies":[{"embeddable":true,"href":"https:\/\/www.nationalturk.com\/tr\/wp-json\/wp\/v2\/comments?post=207612"}],"version-history":[{"count":0,"href":"https:\/\/www.nationalturk.com\/tr\/wp-json\/wp\/v2\/posts\/207612\/revisions"}],"wp:featuredmedia":[{"embeddable":true,"href":"https:\/\/www.nationalturk.com\/tr\/wp-json\/wp\/v2\/media\/207614"}],"wp:attachment":[{"href":"https:\/\/www.nationalturk.com\/tr\/wp-json\/wp\/v2\/media?parent=207612"}],"wp:term":[{"taxonomy":"category","embeddable":true,"href":"https:\/\/www.nationalturk.com\/tr\/wp-json\/wp\/v2\/categories?post=207612"},{"taxonomy":"post_tag","embeddable":true,"href":"https:\/\/www.nationalturk.com\/tr\/wp-json\/wp\/v2\/tags?post=207612"}],"curies":[{"name":"wp","href":"https:\/\/api.w.org\/{rel}","templated":true}]}}