{"id":207689,"date":"2015-03-10T15:16:49","date_gmt":"2015-03-10T13:16:49","guid":{"rendered":"http:\/\/www.nationalturk.com\/?p=207689"},"modified":"2015-03-10T15:16:49","modified_gmt":"2015-03-10T13:16:49","slug":"davutogludan-hakan-fidan-aciklamasi-izni-ben-verdim-gorevine-de-ben-iade-ettim-207689","status":"publish","type":"post","link":"https:\/\/www.nationalturk.com\/tr\/davutogludan-hakan-fidan-aciklamasi-izni-ben-verdim-gorevine-de-ben-iade-ettim-207689\/","title":{"rendered":"Davuto\u011flu&#8217;dan Hakan Fidan a\u00e7\u0131klamas\u0131: \u0130zni ben verdim, g\u00f6revine de ben iade ettim"},"content":{"rendered":"<p><img loading=\"lazy\" decoding=\"async\" class=\"alignnone size-large wp-image-207690\" src=\"http:\/\/www.nationalturk.com\/tr\/wp-content\/uploads\/2015\/03\/davutoglu_grup_92360293-593x360.jpg\" alt=\"Davuto\u011flu\" width=\"610\" height=\"390\" title=\"\"><\/p>\n<h1>Ba\u015fbakan Ahmet Davuto\u011flu, M\u0130T M\u00fcste\u015far\u0131 Hakan Fidan&#8217;\u0131n milletvekili aday aday\u0131 olup d\u00fcn vazge\u00e7mesinin ard\u0131ndan tekrar eski g\u00f6revine d\u00f6nmesinde her \u015feyi kendisinin yapt\u0131\u011f\u0131n\u0131 ileri s\u00fcrd\u00fc.<\/h1>\n<p>Ahmet\u00a0Davuto\u011flu, AK Parti Grup Toplant\u0131s\u0131n\u0131n ard\u0131ndan, TBMM&#8217;den ayr\u0131l\u0131rken bas\u0131n mensuplar\u0131n\u0131n sorular\u0131n\u0131 yan\u0131tlad\u0131.<\/p>\n<p>&#8220;Hakan Fidan&#8217;\u0131n AK Parti&#8217;den milletvekilli\u011fi aday adayl\u0131\u011f\u0131 ba\u015fvurusunu geri \u00e7ekmesine&#8221; ili\u015fkin bir soru \u00fczerine Davuto\u011flu, her T\u00fcrkiye Cumhuriyeti vatanda\u015f\u0131n\u0131n hangi mevki ve makamda olursa olsun milletvekilli\u011fi aday adayl\u0131\u011f\u0131 i\u00e7in ba\u015fvurabilece\u011fini, bunun hi\u00e7bir s\u0131n\u0131rlamas\u0131n\u0131n olmad\u0131\u011f\u0131n\u0131 s\u00f6yledi<\/p>\n<p>298 Say\u0131l\u0131 Kanunun ilgili maddesine g\u00f6re, yarg\u0131 ve T\u00fcrk Silahl\u0131 Kuvvetleri mensuplar\u0131 d\u0131\u015f\u0131ndaki herkesin aday adayl\u0131\u011f\u0131ndan vazge\u00e7ip g\u00f6revine d\u00f6nebilece\u011fini an\u0131msatan Davuto\u011flu, \u015funlar\u0131 kaydetti:<\/p>\n<p>&#8220;Bu genel bir ilkedir. Say\u0131n Hakan Fidan benim de Say\u0131n Cumhurba\u015fkan\u0131m\u0131z\u0131n da ald\u0131\u011f\u0131 g\u00f6revleri hakk\u0131yla yapmas\u0131 ba\u011flam\u0131nda takdir etti\u011fimiz bir devlet adam\u0131d\u0131r, b\u00fcrokratt\u0131r. Dolay\u0131s\u0131yla milletvekilli\u011fi aday adayl\u0131\u011f\u0131 s\u00f6z konusu oldu\u011funda, kendisine bu izni vermi\u015f oldu\u011fumuz gibi bu adayl\u0131\u011f\u0131 \u00e7ekmek istedi\u011finde de ayn\u0131 \u015fekilde kendisinini karar\u0131na sayg\u0131 duyarak, d\u00fcn itibariyle talebini kabul ettim. Nas\u0131l ayr\u0131l\u0131rken benim imzamla ve tek imzayla bu i\u015flem ger\u00e7ekle\u015fmi\u015fse, d\u00fcn de ayn\u0131 \u015fekilde oluru vererek g\u00f6revine iade etmi\u015f olduk. Say\u0131n Cumhurba\u015fkan\u0131m\u0131zla benim aramda bu konuda herhangi bir g\u00f6r\u00fc\u015f ayr\u0131l\u0131\u011f\u0131 veya farkl\u0131 kanaatlere dayal\u0131 yakla\u015f\u0131m yoktur, her zaman isti\u015fare ederiz. Tabi e\u011fer farkl\u0131 kanaatler varsa, bunlar da bu isti\u015farelerde a\u00e7\u0131l\u0131r. Son ad\u0131m da d\u00fcn g\u00f6reve atanmas\u0131 konusunda da Say\u0131n Cumhurba\u015fkan\u0131yla bir isti\u015fare yapt\u0131k. Say\u0131n Hakan Fidan 1-2 ay \u00f6nce nas\u0131l bizim i\u00e7in k\u0131ymetli bir b\u00fcrokratsa, bug\u00fcn de g\u00f6revini hakk\u0131yla yapaca\u011f\u0131na inand\u0131\u011f\u0131m\u0131z k\u0131ymetli bir b\u00fcrokratt\u0131r, bu konuda spek\u00fclasyon yapman\u0131n da bir kar\u015f\u0131l\u0131\u011f\u0131 yoktur.&#8221;<\/p>\n<p>&#8220;Hakan Fidan nas\u0131l bir l\u00fczum g\u00f6rd\u00fc\u011f\u00fcne ili\u015fkin size bir\u015fey s\u00f6yledi mi?&#8221; sorusuna Davuto\u011flu, &#8220;Say\u0131n Hakan Fidan&#8217;la ili\u015fkimiz, benim ba\u015fbakan ba\u015fdan\u0131\u015fman\u0131 d\u00f6nemimden itibaren, o da T\u0130KA ba\u015fkan\u0131yken&#8230; O zamandan beri kendisini yak\u0131ndan takip ettim, ald\u0131\u011f\u0131 g\u00f6revi hakk\u0131yla yapan bir b\u00fcrokrat\u0131m\u0131zd\u0131r. Tabii ki kanaatlerini payla\u015f\u0131r. Bu t\u00fcr g\u00f6revlerde bulunan ki\u015filerin iradeleri, kendileriyle ilgili d\u00fc\u015f\u00fcnd\u00fckleri planlara, ald\u0131klara kararlara sayg\u0131 duyar\u0131m&#8221; yan\u0131t\u0131n\u0131 verdi.<\/p>\n<p>&#8211; &#8220;B\u00fcy\u00fck bir a\u015fkla, \u015fevkle g\u00f6revine devam edecek&#8221;<\/p>\n<p>Hakan Fidan&#8217;\u0131n ABD d\u00f6n\u00fc\u015f\u00fcnde kedisinden randevu istedi\u011fini belirten Davuto\u011flu, &#8220;Cumartesi gecesi kendisiyle g\u00f6r\u00fc\u015ft\u00fcm, kanaatini ald\u0131m. Tekrar g\u00f6revine d\u00f6nme y\u00f6n\u00fcndeki kanaatini, arzusunu, daha do\u011frusu milletvekilli\u011fi aday adayl\u0131\u011f\u0131ndan \u00e7ekilme y\u00f6n\u00fcndeki&#8230; Aday adayl\u0131\u011f\u0131ndan \u00e7ekilse, adayl\u0131ktan \u00e7ekilse yada se\u00e7ime girip kaybetse dahi \u00f6ncelikli olarak herkesin g\u00f6reve d\u00f6nme hakk\u0131 vard\u0131r. Benim kanaatim de bu g\u00f6revi hakk\u0131yla yapmakta oldu\u011fu y\u00f6n\u00fcnde oldu\u011fu i\u00e7in Pazar g\u00fcn\u00fc Say\u0131n Cumhurba\u015fkan\u0131m\u0131zla bir isti\u015fare, Pazartesi g\u00fcn\u00fc g\u00f6revine iade etme karar\u0131n\u0131 imzalad\u0131m&#8221; dedi.<\/p>\n<p>&#8220;Hakan Fidan&#8217;\u0131n &#8216;\u00e7ok yoruldu\u011funu&#8217; s\u00f6yleyip, M\u0130T M\u00fcste\u015farl\u0131\u011f\u0131&#8217;ndan istifa etti\u011fi&#8221; tart\u0131\u015fmalar\u0131n\u0131n hat\u0131rlat\u0131lmas\u0131 \u00fczerine Davuto\u011flu, &#8220;Siz, Say\u0131n Hakan Fidan&#8217;\u0131n a\u011fz\u0131ndan b\u00f6yle bir \u015fey&#8230; Say\u0131n Hakan Fidan&#8217;\u0131n b\u00f6yle bir \u015feyi oldu\u011funu ben bilmiyorum ama hepimiz her zaman devlet g\u00f6revi esnas\u0131nda \u00e7ok b\u00fcy\u00fck \u00e7abalar sarf ederiz. Say\u0131n Hakan Fidan da zor g\u00f6revleri, zor d\u00f6nemlerde ifa etti. Ama yorulmu\u015f oldu\u011fu hissine kap\u0131lsayd\u0131, d\u00fcn g\u00f6reve iade yaz\u0131s\u0131n\u0131 imzalarken, t\u00fcm\u00fcyle izin isterdi. \u00d6yle bir izin istemedi, b\u00fcy\u00fck bir a\u015fkla, \u015fevkle g\u00f6revine devam edecek. Kimse spek\u00fclasyon yapmas\u0131n&#8221; ifadesini kulland\u0131. (AA)<\/p>\n<!-- Error, Advert is not available at this time due to schedule\/geolocation restrictions! -->\n","protected":false},"excerpt":{"rendered":"<p>Ba\u015fbakan Ahmet Davuto\u011flu, M\u0130T M\u00fcste\u015far\u0131 Hakan Fidan&#8217;\u0131n milletvekili aday aday\u0131 olup d\u00fcn vazge\u00e7mesinin ard\u0131ndan tekrar eski g\u00f6revine d\u00f6nmesinde her \u015feyi kendisinin yapt\u0131\u011f\u0131n\u0131 ileri s\u00fcrd\u00fc.<\/p>\n","protected":false},"author":4,"featured_media":207691,"comment_status":"open","ping_status":"open","sticky":false,"template":"","format":"standard","meta":{"_acf_changed":false,"footnotes":""},"categories":[6155,5005,6202,349,6805],"tags":[46208,186186,27155,92683,89499],"class_list":["post-207689","post","type-post","status-publish","format-standard","has-post-thumbnail","hentry","category-gundem","category-manset","category-politika","category-son-dakika","category-turkiye","tag-davutoglu","tag-davutoglu-hakan-fidan","tag-hakan-fidan","tag-hakan-fidan-mit","tag-mit-mustesari"],"acf":[],"_links":{"self":[{"href":"https:\/\/www.nationalturk.com\/tr\/wp-json\/wp\/v2\/posts\/207689","targetHints":{"allow":["GET"]}}],"collection":[{"href":"https:\/\/www.nationalturk.com\/tr\/wp-json\/wp\/v2\/posts"}],"about":[{"href":"https:\/\/www.nationalturk.com\/tr\/wp-json\/wp\/v2\/types\/post"}],"author":[{"embeddable":true,"href":"https:\/\/www.nationalturk.com\/tr\/wp-json\/wp\/v2\/users\/4"}],"replies":[{"embeddable":true,"href":"https:\/\/www.nationalturk.com\/tr\/wp-json\/wp\/v2\/comments?post=207689"}],"version-history":[{"count":0,"href":"https:\/\/www.nationalturk.com\/tr\/wp-json\/wp\/v2\/posts\/207689\/revisions"}],"wp:featuredmedia":[{"embeddable":true,"href":"https:\/\/www.nationalturk.com\/tr\/wp-json\/wp\/v2\/media\/207691"}],"wp:attachment":[{"href":"https:\/\/www.nationalturk.com\/tr\/wp-json\/wp\/v2\/media?parent=207689"}],"wp:term":[{"taxonomy":"category","embeddable":true,"href":"https:\/\/www.nationalturk.com\/tr\/wp-json\/wp\/v2\/categories?post=207689"},{"taxonomy":"post_tag","embeddable":true,"href":"https:\/\/www.nationalturk.com\/tr\/wp-json\/wp\/v2\/tags?post=207689"}],"curies":[{"name":"wp","href":"https:\/\/api.w.org\/{rel}","templated":true}]}}