{"id":207730,"date":"2015-03-11T10:41:10","date_gmt":"2015-03-11T08:41:10","guid":{"rendered":"http:\/\/www.nationalturk.com\/?p=207730"},"modified":"2015-03-11T10:41:10","modified_gmt":"2015-03-11T08:41:10","slug":"kolombiya-hukumeti-farc-saldirilarini-durdurdu-207730","status":"publish","type":"post","link":"https:\/\/www.nationalturk.com\/tr\/kolombiya-hukumeti-farc-saldirilarini-durdurdu-207730\/","title":{"rendered":"Kolombiya h\u00fck\u00fcmeti FARC sald\u0131r\u0131lar\u0131n\u0131 durdurdu"},"content":{"rendered":"<p><img loading=\"lazy\" decoding=\"async\" class=\"alignnone size-large wp-image-207731\" src=\"http:\/\/www.nationalturk.com\/tr\/wp-content\/uploads\/2015\/03\/farc_kolombiya-610x305.jpg\" alt=\"FARC\" width=\"610\" height=\"305\" title=\"\" srcset=\"https:\/\/www.nationalturk.com\/tr\/wp-content\/uploads\/2015\/03\/farc_kolombiya-610x305.jpg 610w, https:\/\/www.nationalturk.com\/tr\/wp-content\/uploads\/2015\/03\/farc_kolombiya-280x140.jpg 280w, https:\/\/www.nationalturk.com\/tr\/wp-content\/uploads\/2015\/03\/farc_kolombiya.jpg 660w\" sizes=\"auto, (max-width: 610px) 100vw, 610px\" \/><\/p>\n<h1>Kolombiya h\u00fck\u00fcmeti, Kolombiya Devrimci Silahl\u0131 G\u00fc\u00e7leri&#8217;ne (FARC) ait kamplara y\u00f6nelik hava sald\u0131r\u0131lar\u0131n\u0131 ge\u00e7ici olarak durdurma karar\u0131 ald\u0131.<\/h1>\n<p>Kolombiya Devlet Ba\u015fkan\u0131 Juan Manuel Santos, halka sesleni\u015f konu\u015fmas\u0131nda, FARC ile 2012&#8217;de Havana&#8217;da ba\u015flayan g\u00f6r\u00fc\u015fmeler ve \u00f6rg\u00fct\u00fcn 20 Aral\u0131k&#8217;ta ilan etti\u011fi s\u00fcresiz ate\u015fkes \u00e7er\u00e7evesinde \u00fclkedeki en b\u00fcy\u00fck isyanc\u0131 \u00f6rg\u00fct olan FARC&#8217;a ait kamplara yap\u0131lan hava bombard\u0131manlar\u0131n\u0131 ge\u00e7ici olarak durdurma karar\u0131 ald\u0131\u011f\u0131n\u0131 s\u00f6yledi.<\/p>\n<p>Devlet Ba\u015fkan\u0131 Santos, bombard\u0131man\u0131n bir ay s\u00fcreyle durdurulaca\u011f\u0131n\u0131, FARC ate\u015fkesi devam ettirirse s\u00fcrenin uzat\u0131labilece\u011fini belirtti. Santos, bar\u0131\u015f s\u00fcrecine kat\u0131lmad\u0131k\u00e7a \u00fclkedeki di\u011fer isyanc\u0131 grup olan Ulusal \u00d6zg\u00fcrl\u00fck \u00d6rg\u00fct\u00fc&#8217;ne (NLA) y\u00f6nelik hava sald\u0131r\u0131lar\u0131n\u0131n devam edece\u011fini dile getirdi.<\/p>\n<p>Kolombiya h\u00fck\u00fcmeti ile FARC, Kas\u0131m 2012&#8217;de Havana&#8217;da ba\u015flayan bar\u0131\u015f g\u00f6r\u00fc\u015fmelerinde son olarak \u00fclkedeki kara may\u0131nlar\u0131n\u0131 temizleme konusunda anla\u015fm\u0131\u015ft\u0131. G\u00f6r\u00fc\u015fmelerin \u00f6nceki turlar\u0131nda da toprak reformu, isyanc\u0131lar\u0131n siyasete kat\u0131l\u0131m\u0131 ve uyu\u015fturucu ka\u00e7ak\u00e7\u0131l\u0131\u011f\u0131yla m\u00fccadele konusunda k\u0131smi anla\u015fmaya var\u0131lm\u0131\u015ft\u0131. Yeni turu 17 Mart&#8217;ta ba\u015flayacak m\u00fczakerelerin bundan sonra \u015fiddet kurbanlar\u0131n\u0131n tazmini, silahlar\u0131n teslimi ve isyanc\u0131lar\u0131n sivil hayata yeniden entegrasyonunun ele al\u0131nmas\u0131 bekleniyor.<\/p>\n<!-- Error, Advert is not available at this time due to schedule\/geolocation restrictions! -->\n","protected":false},"excerpt":{"rendered":"<p>Kolombiya h\u00fck\u00fcmeti, Kolombiya Devrimci Silahl\u0131 G\u00fc\u00e7leri&#8217;ne (FARC) ait kamplara y\u00f6nelik hava sald\u0131r\u0131lar\u0131n\u0131 ge\u00e7ici olarak durdurma karar\u0131 ald\u0131.<\/p>\n","protected":false},"author":4,"featured_media":207732,"comment_status":"open","ping_status":"open","sticky":false,"template":"","format":"standard","meta":{"_acf_changed":false,"footnotes":""},"categories":[6665,6155,6771,5005,6202,349],"tags":[130929,116188,156,32239,182602,178743,5209,178742,130928,86713,116190,14,130930],"class_list":["post-207730","post","type-post","status-publish","format-standard","has-post-thumbnail","hentry","category-dunya","category-gundem","category-latin-amerika","category-manset","category-politika","category-son-dakika","tag-farc","tag-farc-kolombiya","tag-havana","tag-juan-manuel-santos","tag-juan-manuel-santos-farc","tag-juan-manuel-santos-twitter","tag-kolombiya","tag-kolombiya-baris","tag-kolombiya-baris-gorusmeleri","tag-kolombiya-devlet-baskani","tag-kolombiya-devrimci-silahli-gucleri","tag-kuba","tag-kuba-kolombiya"],"acf":[],"_links":{"self":[{"href":"https:\/\/www.nationalturk.com\/tr\/wp-json\/wp\/v2\/posts\/207730","targetHints":{"allow":["GET"]}}],"collection":[{"href":"https:\/\/www.nationalturk.com\/tr\/wp-json\/wp\/v2\/posts"}],"about":[{"href":"https:\/\/www.nationalturk.com\/tr\/wp-json\/wp\/v2\/types\/post"}],"author":[{"embeddable":true,"href":"https:\/\/www.nationalturk.com\/tr\/wp-json\/wp\/v2\/users\/4"}],"replies":[{"embeddable":true,"href":"https:\/\/www.nationalturk.com\/tr\/wp-json\/wp\/v2\/comments?post=207730"}],"version-history":[{"count":0,"href":"https:\/\/www.nationalturk.com\/tr\/wp-json\/wp\/v2\/posts\/207730\/revisions"}],"wp:featuredmedia":[{"embeddable":true,"href":"https:\/\/www.nationalturk.com\/tr\/wp-json\/wp\/v2\/media\/207732"}],"wp:attachment":[{"href":"https:\/\/www.nationalturk.com\/tr\/wp-json\/wp\/v2\/media?parent=207730"}],"wp:term":[{"taxonomy":"category","embeddable":true,"href":"https:\/\/www.nationalturk.com\/tr\/wp-json\/wp\/v2\/categories?post=207730"},{"taxonomy":"post_tag","embeddable":true,"href":"https:\/\/www.nationalturk.com\/tr\/wp-json\/wp\/v2\/tags?post=207730"}],"curies":[{"name":"wp","href":"https:\/\/api.w.org\/{rel}","templated":true}]}}