{"id":207821,"date":"2015-03-12T12:05:03","date_gmt":"2015-03-12T10:05:03","guid":{"rendered":"http:\/\/www.nationalturk.com\/?p=207821"},"modified":"2015-03-12T12:05:03","modified_gmt":"2015-03-12T10:05:03","slug":"el-clasico-ancelottinin-son-sansi-207821","status":"publish","type":"post","link":"https:\/\/www.nationalturk.com\/tr\/el-clasico-ancelottinin-son-sansi-207821\/","title":{"rendered":"&#8220;El Clasico Ancelotti&#8217;nin son \u015fans\u0131&#8221;"},"content":{"rendered":"<p><img loading=\"lazy\" decoding=\"async\" class=\"alignnone size-large wp-image-207822\" src=\"http:\/\/www.nationalturk.com\/tr\/wp-content\/uploads\/2015\/03\/ancelotti_293462-581x360.jpg\" alt=\"Ancelotti\" width=\"610\" height=\"390\" title=\"\"><\/p>\n<h1>Real Madrid Teknik Direkt\u00f6r\u00fc Carlo Ancelotti&#8217;nin, Barcelona kar\u015f\u0131s\u0131nda yenilgi almas\u0131 halinde g\u00f6revine son verilece\u011fi iddia edildi.<\/h1>\n<p>\u0130spanyol spor gazetesi Marca&#8217;n\u0131n &#8220;Bir kere bile olmaz&#8221; man\u015fetli haberinde, Real Madrid&#8217;in \u0130spanya Kral Kupas\u0131&#8217;ndan elenmesi, \u015fampiyonluk yar\u0131\u015f\u0131nda 6 puan \u00f6nde oldu\u011fu Barcelona&#8217;n\u0131n bir puan gerisine d\u00fc\u015fmesi ve UEFA \u015eampiyonlar Ligi&#8217;nde Schalke 04 kar\u015f\u0131s\u0131nda oynanan &#8220;kimliksiz futbol&#8221; nedeniyle Carlo Ancelotti&#8217;nin &#8220;son \u00e7izgiye geldi\u011fi&#8221; ifade edildi.<\/p>\n<p>Haberde, Nou Camp Stad\u0131&#8217;nda 22 May\u0131s Pazar g\u00fcn\u00fc Barcelona ile Real Madrid aras\u0131nda yap\u0131lacak lig ma\u00e7\u0131n\u0131n \u0130talyan teknik adam\u0131n son \u015fans\u0131 oldu\u011fu vurgulanarak, &#8220;Nou Camp&#8217;ta e\u011fer k\u00f6t\u00fc bir yenilgi al\u0131n\u0131rsa Real Madrid Ba\u015fkan\u0131 Florentino, Ancelotti&#8217;yi kovacak&#8221; iddias\u0131nda bulunuldu.<\/p>\n<p>Real Madrid&#8217;e 2013-2014 sezonunda gelen ve 2016&#8217;n\u0131n haziran\u0131na kadar s\u00f6zle\u015fmesi bulunan Ancelotti&#8217;nin &#8220;kredisini t\u00fcketti\u011fini&#8221; savunan \u0130spanyol gazetesi, &#8220;Schalke 04, Real Madrid&#8217;i eleseydi Ancelotti&#8217;nin g\u00f6revden al\u0131nmas\u0131 \u00f6ne \u00e7ekilebilirdi&#8221; de\u011ferlendirmesini yapt\u0131.<\/p>\n<p>Ayr\u0131ca, Ba\u015fkan Florentino Perez ve di\u011fer y\u00f6neticilerin oyuncularda gev\u015feme ya\u015fand\u0131\u011f\u0131n\u0131 d\u00fc\u015f\u00fcnd\u00fc\u011f\u00fc ve bu nedenle \u0130talyan teknik adamdan tak\u0131ma daha fazla antrenman yapt\u0131rmas\u0131n\u0131 istedi\u011fi \u00f6ne s\u00fcr\u00fcld\u00fc. Ancelotti&#8217;nin ise 4-4-2 sistemine geri d\u00f6nerek forvette Ronaldo-Benzema-Bale \u00fc\u00e7l\u00fcs\u00fcn\u00fc de\u011fi\u015ftirebilece\u011fi de ileri s\u00fcr\u00fcld\u00fc.<\/p>\n<p>\u00d6te yandan, Real Madrid&#8217;den ayr\u0131lmas\u0131 durumunda \u0130ngiltere&#8217;nin Manchester United ve Manhester City tak\u0131mlar\u0131n\u0131n 56 ya\u015f\u0131ndaki Ancelotti&#8217;ye teklifte bulunaca\u011f\u0131 da iddia edildi. (AA)<\/p>\n<!-- Error, Advert is not available at this time due to schedule\/geolocation restrictions! -->\n","protected":false},"excerpt":{"rendered":"<p>Real Madrid Teknik Direkt\u00f6r\u00fc Carlo Ancelotti&#8217;nin, Barcelona kar\u015f\u0131s\u0131nda yenilgi almas\u0131 halinde g\u00f6revine son verilece\u011fi iddia edildi. <\/p>\n","protected":false},"author":4,"featured_media":207823,"comment_status":"open","ping_status":"open","sticky":false,"template":"","format":"standard","meta":{"_acf_changed":false,"footnotes":""},"categories":[6774,6194],"tags":[54889,1038,10425,55473,54886,20615,2615],"class_list":["post-207821","post","type-post","status-publish","format-standard","has-post-thumbnail","hentry","category-futbol","category-spor","tag-ancelotti","tag-barcelona","tag-barcelona-real-madrid","tag-barcelona-real-madrid-maci","tag-carlo-ancelotti","tag-el-clasico","tag-real-madrid"],"acf":[],"_links":{"self":[{"href":"https:\/\/www.nationalturk.com\/tr\/wp-json\/wp\/v2\/posts\/207821","targetHints":{"allow":["GET"]}}],"collection":[{"href":"https:\/\/www.nationalturk.com\/tr\/wp-json\/wp\/v2\/posts"}],"about":[{"href":"https:\/\/www.nationalturk.com\/tr\/wp-json\/wp\/v2\/types\/post"}],"author":[{"embeddable":true,"href":"https:\/\/www.nationalturk.com\/tr\/wp-json\/wp\/v2\/users\/4"}],"replies":[{"embeddable":true,"href":"https:\/\/www.nationalturk.com\/tr\/wp-json\/wp\/v2\/comments?post=207821"}],"version-history":[{"count":0,"href":"https:\/\/www.nationalturk.com\/tr\/wp-json\/wp\/v2\/posts\/207821\/revisions"}],"wp:featuredmedia":[{"embeddable":true,"href":"https:\/\/www.nationalturk.com\/tr\/wp-json\/wp\/v2\/media\/207823"}],"wp:attachment":[{"href":"https:\/\/www.nationalturk.com\/tr\/wp-json\/wp\/v2\/media?parent=207821"}],"wp:term":[{"taxonomy":"category","embeddable":true,"href":"https:\/\/www.nationalturk.com\/tr\/wp-json\/wp\/v2\/categories?post=207821"},{"taxonomy":"post_tag","embeddable":true,"href":"https:\/\/www.nationalturk.com\/tr\/wp-json\/wp\/v2\/tags?post=207821"}],"curies":[{"name":"wp","href":"https:\/\/api.w.org\/{rel}","templated":true}]}}