{"id":207856,"date":"2015-03-13T08:57:45","date_gmt":"2015-03-13T06:57:45","guid":{"rendered":"http:\/\/www.nationalturk.com\/?p=207856"},"modified":"2015-03-13T08:57:45","modified_gmt":"2015-03-13T06:57:45","slug":"yunanistan-basbakani-cipras-borclarin-yapilandirilmasi-sart-207856","status":"publish","type":"post","link":"https:\/\/www.nationalturk.com\/tr\/yunanistan-basbakani-cipras-borclarin-yapilandirilmasi-sart-207856\/","title":{"rendered":"Yunanistan Ba\u015fbakan\u0131 \u00c7ipras: Bor\u00e7lar\u0131n yap\u0131land\u0131r\u0131lmas\u0131 \u015fart"},"content":{"rendered":"<h1><img loading=\"lazy\" decoding=\"async\" class=\"aligncenter size-full wp-image-207858\" src=\"http:\/\/www.nationalturk.com\/tr\/wp-content\/uploads\/2015\/03\/aleksis-cipras-yunanistan-borc.jpg\" alt=\"\" width=\"610\" height=\"373\" title=\"\" srcset=\"https:\/\/www.nationalturk.com\/tr\/wp-content\/uploads\/2015\/03\/aleksis-cipras-yunanistan-borc.jpg 610w, https:\/\/www.nationalturk.com\/tr\/wp-content\/uploads\/2015\/03\/aleksis-cipras-yunanistan-borc-280x171.jpg 280w, https:\/\/www.nationalturk.com\/tr\/wp-content\/uploads\/2015\/03\/aleksis-cipras-yunanistan-borc-589x360.jpg 589w\" sizes=\"auto, (max-width: 610px) 100vw, 610px\" \/>Ekonomik Kalk\u0131nma ve \u0130\u015fbirli\u011fi \u00d6rg\u00fct\u00fc Genel Sekreteri Angel Gurria ile ortak bir bas\u0131n toplant\u0131s\u0131 d\u00fczenleyen Yunanistan Ba\u015fbakan\u0131 \u00c7ipras, &#8220;Kamu borcunu d\u00fczenlemek ve finansman ihtiyac\u0131n\u0131 kar\u015f\u0131layabilmek i\u00e7in bor\u00e7lar\u0131n yeniden yap\u0131land\u0131r\u0131lmas\u0131 \u015fart&#8221; dedi.<\/h1>\n<p>Yunanistan Ba\u015fbakan\u0131 Alexis \u00c7ipras, Ekonomik Kalk\u0131nma ve \u0130\u015fbirli\u011fi \u00d6rg\u00fct\u00fc&#8217;n\u00fcn (OECD) Paris&#8217;te bulunan merkezinde OECD Genel Sekreteri Angel Gurria ile ortak bas\u0131n toplant\u0131s\u0131 d\u00fczenledi.<\/p>\n<p>OECD ile ili\u015fkileri geli\u015ftirmek istediklerini belirten \u00c7ipras, \u00f6zellikle sosyal adaleti daha etkin \u015fekilde sa\u011flama noktas\u0131nda OECD&#8217;nin deste\u011finin \u00f6nemli oldu\u011funu dile getirdi.<\/p>\n<p>&#8220;Kamu borcunu d\u00fczenlemek ve sermaye piyasalar\u0131ndaki finansman ihtiyac\u0131n\u0131 kar\u015f\u0131layabilmek i\u00e7in Yunanistan&#8217;\u0131n bor\u00e7lar\u0131n\u0131n yeniden yap\u0131land\u0131r\u0131lmas\u0131 \u015fart&#8221; diyen \u00c7ipras, \u00fclkesinin kamu bor\u00e7lar\u0131n\u0131n art\u0131k \u00fcstesinden gelinemez bir noktaya geldi\u011fine dikkati \u00e7ekti.<\/p>\n<p>Yunan Ba\u015fbakan\u0131 yap\u0131lacak reformlarla \u00fclkesinin AB&#8217;ye yada Avro B\u00f6lgesine s\u0131rt \u00e7evirmeyece\u011fini belirterek, &#8220;Yunanistan&#8217;\u0131n oldu\u011fundan ba\u015fka bir \u00fclkeye d\u00f6n\u00fc\u015fmesine izin vermeyece\u011fiz. Yunanistan hem AB&#8217;nin bir \u00fcyesi olarak kalacak hem de Avro B\u00f6lgesi&#8217;ndeki varl\u0131\u011f\u0131n\u0131 devam ettirecek&#8221; diye konu\u015ftu.<\/p>\n<p>OECD Genel Sekreteri Gurria da, Yunanistan&#8217;a reformlar konusunda emir de\u011fil ancak destek vereceklerini belirtti. Gurria, &#8220;Yunanistan&#8217;a ne yapmas\u0131 gerekti\u011fini s\u00f6ylemek gibi bir niyetimiz yok ama neyin i\u015fe yaray\u0131p neyin yaramayaca\u011f\u0131 konusunda rehber olabiliriz&#8221; dedi.<\/p>\n<p>\u00c7ipras, konu\u015fmas\u0131n\u0131n sonunda eski Troyka y\u00f6netimini de sert ele\u015ftiriler getirerek, Yunanistan&#8217;\u0131n daha fazla kemer s\u0131kma politikas\u0131na ihtiyac\u0131n\u0131n olmad\u0131\u011f\u0131n\u0131 s\u00f6yledi.<\/p>\n<!-- Error, Advert is not available at this time due to schedule\/geolocation restrictions! -->\n","protected":false},"excerpt":{"rendered":"<p>Ekonomik Kalk\u0131nma ve \u0130\u015fbirli\u011fi \u00d6rg\u00fct\u00fc Genel Sekreteri Angel Gurria ile ortak bir bas\u0131n toplant\u0131s\u0131 d\u00fczenleyen Yunanistan Ba\u015fbakan\u0131 \u00c7ipras, &#8220;Kamu borcunu d\u00fczenlemek ve finansman ihtiyac\u0131n\u0131 kar\u015f\u0131layabilmek i\u00e7in bor\u00e7lar\u0131n yeniden yap\u0131land\u0131r\u0131lmas\u0131 \u015fart&#8221; dedi.<\/p>\n","protected":false},"author":3,"featured_media":207858,"comment_status":"open","ping_status":"open","sticky":false,"template":"","format":"standard","meta":{"_acf_changed":false,"footnotes":""},"categories":[6770,6665,6199,6155,5005],"tags":[1202,116825],"class_list":["post-207856","post","type-post","status-publish","format-standard","has-post-thumbnail","hentry","category-avrupa","category-dunya","category-ekonomi","category-gundem","category-manset","tag-yunanistan","tag-yunanistan-basbakani"],"acf":[],"_links":{"self":[{"href":"https:\/\/www.nationalturk.com\/tr\/wp-json\/wp\/v2\/posts\/207856","targetHints":{"allow":["GET"]}}],"collection":[{"href":"https:\/\/www.nationalturk.com\/tr\/wp-json\/wp\/v2\/posts"}],"about":[{"href":"https:\/\/www.nationalturk.com\/tr\/wp-json\/wp\/v2\/types\/post"}],"author":[{"embeddable":true,"href":"https:\/\/www.nationalturk.com\/tr\/wp-json\/wp\/v2\/users\/3"}],"replies":[{"embeddable":true,"href":"https:\/\/www.nationalturk.com\/tr\/wp-json\/wp\/v2\/comments?post=207856"}],"version-history":[{"count":0,"href":"https:\/\/www.nationalturk.com\/tr\/wp-json\/wp\/v2\/posts\/207856\/revisions"}],"wp:featuredmedia":[{"embeddable":true,"href":"https:\/\/www.nationalturk.com\/tr\/wp-json\/wp\/v2\/media\/207858"}],"wp:attachment":[{"href":"https:\/\/www.nationalturk.com\/tr\/wp-json\/wp\/v2\/media?parent=207856"}],"wp:term":[{"taxonomy":"category","embeddable":true,"href":"https:\/\/www.nationalturk.com\/tr\/wp-json\/wp\/v2\/categories?post=207856"},{"taxonomy":"post_tag","embeddable":true,"href":"https:\/\/www.nationalturk.com\/tr\/wp-json\/wp\/v2\/tags?post=207856"}],"curies":[{"name":"wp","href":"https:\/\/api.w.org\/{rel}","templated":true}]}}