{"id":208047,"date":"2015-03-17T08:45:32","date_gmt":"2015-03-17T06:45:32","guid":{"rendered":"http:\/\/www.nationalturk.com\/?p=208047"},"modified":"2015-03-17T08:45:32","modified_gmt":"2015-03-17T06:45:32","slug":"bodrum-kos-adasi-kacaklari-tasiyan-tekne-batti-208047","status":"publish","type":"post","link":"https:\/\/www.nationalturk.com\/tr\/bodrum-kos-adasi-kacaklari-tasiyan-tekne-batti-208047\/","title":{"rendered":"Bodrum&#8217;dan Kos Adas\u0131&#8217;na ka\u00e7aklar\u0131 ta\u015f\u0131yan tekne batt\u0131: 5 \u00f6l\u00fc"},"content":{"rendered":"<h1><img loading=\"lazy\" decoding=\"async\" class=\"aligncenter size-large wp-image-208048\" src=\"http:\/\/www.nationalturk.com\/tr\/wp-content\/uploads\/2015\/03\/bodrum-mugla-tekne-batti-610x346.jpg\" alt=\"\" width=\"610\" height=\"346\" title=\"\" srcset=\"https:\/\/www.nationalturk.com\/tr\/wp-content\/uploads\/2015\/03\/bodrum-mugla-tekne-batti.jpg 610w, https:\/\/www.nationalturk.com\/tr\/wp-content\/uploads\/2015\/03\/bodrum-mugla-tekne-batti-280x159.jpg 280w\" sizes=\"auto, (max-width: 610px) 100vw, 610px\" \/>Mu\u011fla&#8217;n\u0131n Bodrum il\u00e7esinde yasa d\u0131\u015f\u0131 yollardan yurtd\u0131\u015f\u0131na ge\u00e7meye \u00e7al\u0131\u015fan ka\u00e7aklar\u0131n bulundu\u011fu teknenin batmas\u0131 sonucu 5 ki\u015fi \u00f6ld\u00fc, 8 ki\u015fi kurtar\u0131ld\u0131.<\/h1>\n<p>Yasa d\u0131\u015f\u0131 yollardan Yunanistan&#8217;\u0131n Kos Adas\u0131&#8217;na ge\u00e7mek i\u00e7in Bodrum&#8217;dan yola \u00e7\u0131kan Suriye ve Irak uyruklu 15 ka\u00e7a\u011f\u0131n bulundu\u011fu tekne, Bodrum&#8217;a yakla\u015f\u0131k 2 mil uzakl\u0131ktaki Kara Ada a\u00e7\u0131klar\u0131nda hen\u00fcz belirlenemeyen bir nedenle batt\u0131.<\/p>\n<p>B\u00f6lgeden ge\u00e7en bal\u0131k\u00e7\u0131lar\u0131n haber vermesi \u00fczerine b\u00f6lgeye \u00e7ok say\u0131da Sahil G\u00fcvenlik ekibi sevk edildi. \u00c7al\u0131\u015fmalara Sahil G\u00fcvenlik Komutanl\u0131\u011f\u0131na ait bir helikopter de havadan destek verdi.<\/p>\n<p>Ekipler, aralar\u0131nda bir kad\u0131n\u0131n da bulundu\u011fu 8 ka\u00e7a\u011f\u0131 denizde bo\u011fulmak \u00fczereyken kurtarmay\u0131 ba\u015fard\u0131. Bodrum Milta Marina&#8217;ya getirilen ka\u00e7aklar\u0131n baz\u0131lar\u0131 burada bekletilen ambulanslarla il\u00e7edeki hastanelere kald\u0131r\u0131ld\u0131, durumu iyi olanlarsa Sahil G\u00fcvenlik Komutanl\u0131\u011f\u0131na g\u00f6t\u00fcr\u00fcld\u00fc.<\/p>\n<p>Arama kurtarma \u00e7al\u0131\u015fmalar\u0131n\u0131 s\u00fcrd\u00fcren ekipler, 5 ka\u00e7a\u011f\u0131n cesedine ula\u015ft\u0131. Sahil G\u00fcvenlik botlar\u0131yla karaya getirilen ka\u00e7aklar\u0131n cesetleri, Bodrum Devlet Hastanesi morguna kald\u0131r\u0131ld\u0131.<\/p>\n<p>Sahil G\u00fcvenlik ekipleri, denizde ba\u015fka bir ki\u015fi daha olma ihtimaline kar\u015f\u0131 Bodrum a\u00e7\u0131klar\u0131nda arama ve kurtarma \u00e7al\u0131\u015fmalar\u0131na devam ediyor. Ya\u015fam\u0131n\u0131 yitiren ka\u00e7aklar\u0131n kimliklerini tespit i\u00e7in de \u00e7al\u0131\u015fma ba\u015flat\u0131ld\u0131.<\/p>\n<!-- Error, Advert is not available at this time due to schedule\/geolocation restrictions! -->\n","protected":false},"excerpt":{"rendered":"<p>Mu\u011fla&#8217;n\u0131n Bodrum il\u00e7esinde yasa d\u0131\u015f\u0131 yollardan yurtd\u0131\u015f\u0131na ge\u00e7meye \u00e7al\u0131\u015fan ka\u00e7aklar\u0131n bulundu\u011fu teknenin batmas\u0131 sonucu 5 ki\u015fi \u00f6ld\u00fc, 8 ki\u015fi kurtar\u0131ld\u0131.<\/p>\n","protected":false},"author":3,"featured_media":208051,"comment_status":"open","ping_status":"open","sticky":false,"template":"","format":"standard","meta":{"_acf_changed":false,"footnotes":""},"categories":[6155,5005,6805],"tags":[707,137277,21,96678,137427,1202],"class_list":["post-208047","post","type-post","status-publish","format-standard","has-post-thumbnail","hentry","category-gundem","category-manset","category-turkiye","tag-bodrum","tag-bodrum-mugla","tag-kos-adasi","tag-sahil-guvenlik","tag-tekne-batti","tag-yunanistan"],"acf":[],"_links":{"self":[{"href":"https:\/\/www.nationalturk.com\/tr\/wp-json\/wp\/v2\/posts\/208047","targetHints":{"allow":["GET"]}}],"collection":[{"href":"https:\/\/www.nationalturk.com\/tr\/wp-json\/wp\/v2\/posts"}],"about":[{"href":"https:\/\/www.nationalturk.com\/tr\/wp-json\/wp\/v2\/types\/post"}],"author":[{"embeddable":true,"href":"https:\/\/www.nationalturk.com\/tr\/wp-json\/wp\/v2\/users\/3"}],"replies":[{"embeddable":true,"href":"https:\/\/www.nationalturk.com\/tr\/wp-json\/wp\/v2\/comments?post=208047"}],"version-history":[{"count":0,"href":"https:\/\/www.nationalturk.com\/tr\/wp-json\/wp\/v2\/posts\/208047\/revisions"}],"wp:featuredmedia":[{"embeddable":true,"href":"https:\/\/www.nationalturk.com\/tr\/wp-json\/wp\/v2\/media\/208051"}],"wp:attachment":[{"href":"https:\/\/www.nationalturk.com\/tr\/wp-json\/wp\/v2\/media?parent=208047"}],"wp:term":[{"taxonomy":"category","embeddable":true,"href":"https:\/\/www.nationalturk.com\/tr\/wp-json\/wp\/v2\/categories?post=208047"},{"taxonomy":"post_tag","embeddable":true,"href":"https:\/\/www.nationalturk.com\/tr\/wp-json\/wp\/v2\/tags?post=208047"}],"curies":[{"name":"wp","href":"https:\/\/api.w.org\/{rel}","templated":true}]}}