{"id":208129,"date":"2015-03-17T15:57:23","date_gmt":"2015-03-17T13:57:23","guid":{"rendered":"http:\/\/www.nationalturk.com\/?p=208129"},"modified":"2015-03-17T15:57:23","modified_gmt":"2015-03-17T13:57:23","slug":"ablasindan-abdulkadir-selviye-keske-simit-satip-onurlu-yasasaydi-208129","status":"publish","type":"post","link":"https:\/\/www.nationalturk.com\/tr\/ablasindan-abdulkadir-selviye-keske-simit-satip-onurlu-yasasaydi-208129\/","title":{"rendered":"Ablas\u0131ndan Abd\u00fclkadir Selvi&#8217;ye: Ke\u015fke simit sat\u0131p onurlu ya\u015fasayd\u0131"},"content":{"rendered":"<p><img loading=\"lazy\" decoding=\"async\" class=\"alignnone size-full wp-image-208130\" src=\"http:\/\/www.nationalturk.com\/tr\/wp-content\/uploads\/2015\/03\/abdulkadir_selvi_burhan_altintop.jpg\" alt=\"Abd\u00fclkadir\" width=\"600\" height=\"340\" title=\"\" srcset=\"https:\/\/www.nationalturk.com\/tr\/wp-content\/uploads\/2015\/03\/abdulkadir_selvi_burhan_altintop.jpg 600w, https:\/\/www.nationalturk.com\/tr\/wp-content\/uploads\/2015\/03\/abdulkadir_selvi_burhan_altintop-280x159.jpg 280w\" sizes=\"auto, (max-width: 600px) 100vw, 600px\" \/><\/p>\n<h1>AKP destek\u00e7isi Abd\u00fclkadir Selvi&#8217;nin \u0130stanbul&#8217;da ya\u015fayan ablas\u0131 Fatma Kaya, karde\u015fiyle ailece g\u00f6r\u00fc\u015fmediklerini belirterek &#8216;Ke\u015fke simit sat\u0131p onurlu ya\u015fasayd\u0131&#8217; ifadelerini kulland\u0131.<\/h1>\n<p>\u0130leri Haber&#8217;den R\u0131fat Do\u011fan&#8217;a konu\u015fan Fatma Kaya, Abd\u00fclkadir Selvi&#8217;nin de\u011fi\u015fim y\u0131llar\u0131n\u0131 ve bug\u00fcn onun hakk\u0131nda neler d\u00fc\u015f\u00fcnd\u00fc\u011f\u00fcn\u00fc anlatt\u0131. \u0130stanbul&#8217;a ta\u015f\u0131nmadan \u00f6nce Sivas Y\u0131ld\u0131zeli il\u00e7esinde ya\u015fad\u0131klar\u0131n\u0131, Alevi olduklar\u0131 i\u00e7in b\u00fcy\u00fck bask\u0131 g\u00f6rd\u00fcklerini belirten Kaya, Selvi&#8217;nin o y\u0131llarda \u00fcniversiteye gitti\u011fini ve de\u011fi\u015fimin bu s\u00fcre\u00e7te ba\u015flad\u0131\u011f\u0131n\u0131 kaydetti. Abla Kaya,Y\u0131llar \u00f6nce ailesiyle b\u00fct\u00fcn ba\u011flar\u0131n\u0131 kopar\u0131p sa\u011fc\u0131larla hareket etmeye ba\u015flad\u0131\u011f\u0131n\u0131 belirtti. Selvi&#8217;nin o y\u0131llarda cemaat\u00e7ilerle ili\u015fki kurmaya ba\u015flad\u0131\u011f\u0131n\u0131 dile getirerek, sonraki d\u00f6nemlerde Selvi&#8217;nin aileyle ba\u011f\u0131n\u0131 tamamen kopard\u0131\u011f\u0131n\u0131 s\u00f6yledi.<\/p>\n<p>Karde\u015finin sa\u011fc\u0131 olmas\u0131n\u0131n ard\u0131ndan bir daha y\u0131llarca g\u00f6r\u00fc\u015fmediklerini ve konu\u015fmad\u0131klar\u0131n\u0131 belirten abla Kaya, \u201cBu saatten sonra da konu\u015fmak ve y\u00fcz\u00fcne bakmak istemiyorum. Biz Aleviyiz. De\u011ferlerimize ba\u011fl\u0131y\u0131z\u201d dedi. Selvi&#8217;ye sert s\u00f6zlerle y\u00fcklenen Kaya, karde\u015findeki bu de\u011fi\u015fime inanamad\u0131klar\u0131n\u0131 belirterek, bug\u00fcn bu kadar iktidar\u0131 savunmas\u0131n\u0131n kabul edilemez oldu\u011funu s\u00f6yledi.<\/p>\n<p>Kaya, karde\u015fi Selvi&#8217;yi televizyonda g\u00f6rd\u00fc\u011f\u00fcnde televizyonu kapatt\u0131\u011f\u0131n\u0131 belirterek \u201cAbd\u00fclkadir&#8217;e sevgimiz sayg\u0131m\u0131z kalmad\u0131. Dedem devrimci bir adamd\u0131. Deniz Gezmi\u015f, Sivas&#8217;ta babam\u0131n evinde kald\u0131. Bizim soyumuz bellidir. B\u00f6yle bir evde yeti\u015fip b\u00f6yle olunur mu?\u201d dedi.<\/p>\n<!-- Error, Advert is not available at this time due to schedule\/geolocation restrictions! -->\n","protected":false},"excerpt":{"rendered":"<p>AKP destek\u00e7isi Abd\u00fclkadir Selvi&#8217;nin \u0130stanbul&#8217;da ya\u015fayan ablas\u0131 Fatma Kaya, karde\u015fiyle ailece g\u00f6r\u00fc\u015fmediklerini belirterek &#8216;Ke\u015fke simit sat\u0131p onurlu ya\u015fasayd\u0131&#8217; ifadelerini kulland\u0131.<\/p>\n","protected":false},"author":4,"featured_media":208130,"comment_status":"open","ping_status":"open","sticky":false,"template":"","format":"standard","meta":{"_acf_changed":false,"footnotes":""},"categories":[6155,5005,6667,6202,6805],"tags":[17705,21797,987,152308],"class_list":["post-208129","post","type-post","status-publish","format-standard","has-post-thumbnail","hentry","category-gundem","category-manset","category-medya","category-politika","category-turkiye","tag-abdulkadir-selvi","tag-deniz-gezmis","tag-sivas","tag-yildizeli"],"acf":[],"_links":{"self":[{"href":"https:\/\/www.nationalturk.com\/tr\/wp-json\/wp\/v2\/posts\/208129","targetHints":{"allow":["GET"]}}],"collection":[{"href":"https:\/\/www.nationalturk.com\/tr\/wp-json\/wp\/v2\/posts"}],"about":[{"href":"https:\/\/www.nationalturk.com\/tr\/wp-json\/wp\/v2\/types\/post"}],"author":[{"embeddable":true,"href":"https:\/\/www.nationalturk.com\/tr\/wp-json\/wp\/v2\/users\/4"}],"replies":[{"embeddable":true,"href":"https:\/\/www.nationalturk.com\/tr\/wp-json\/wp\/v2\/comments?post=208129"}],"version-history":[{"count":0,"href":"https:\/\/www.nationalturk.com\/tr\/wp-json\/wp\/v2\/posts\/208129\/revisions"}],"wp:featuredmedia":[{"embeddable":true,"href":"https:\/\/www.nationalturk.com\/tr\/wp-json\/wp\/v2\/media\/208130"}],"wp:attachment":[{"href":"https:\/\/www.nationalturk.com\/tr\/wp-json\/wp\/v2\/media?parent=208129"}],"wp:term":[{"taxonomy":"category","embeddable":true,"href":"https:\/\/www.nationalturk.com\/tr\/wp-json\/wp\/v2\/categories?post=208129"},{"taxonomy":"post_tag","embeddable":true,"href":"https:\/\/www.nationalturk.com\/tr\/wp-json\/wp\/v2\/tags?post=208129"}],"curies":[{"name":"wp","href":"https:\/\/api.w.org\/{rel}","templated":true}]}}