{"id":208428,"date":"2015-03-21T17:08:19","date_gmt":"2015-03-21T15:08:19","guid":{"rendered":"http:\/\/www.nationalturk.com\/?p=208428"},"modified":"2015-03-21T17:08:19","modified_gmt":"2015-03-21T15:08:19","slug":"barcelona-real-madrid-maci-oncesi-heyecan-dorukta-208428","status":"publish","type":"post","link":"https:\/\/www.nationalturk.com\/tr\/barcelona-real-madrid-maci-oncesi-heyecan-dorukta-208428\/","title":{"rendered":"Barcelona Real Madrid ma\u00e7\u0131 \u00f6ncesi heyecan dorukta"},"content":{"rendered":"<p><img loading=\"lazy\" decoding=\"async\" class=\"alignnone size-large wp-image-208429\" src=\"http:\/\/www.nationalturk.com\/tr\/wp-content\/uploads\/2015\/03\/barcelona_real_madrid_29847-540x360.jpg\" alt=\"Barcelona Real Madrid\" width=\"610\" height=\"390\" title=\"\"><\/p>\n<h1>\u0130spanya La Liga&#8217;da \u015fampiyonluk d\u00fc\u011f\u00fcm\u00fcn\u00fc \u00e7\u00f6zebilecek El Clasico geldi \u00e7att\u0131. Lider Barcelona ve Real Madrid kozlar\u0131n\u0131 Nou Camp&#8217;ta payla\u015facak.<\/h1>\n<p>D\u00fcnyan\u0131n en b\u00fcy\u00fck ve en pahal\u0131 iki tak\u0131m\u0131 Barcelona &#8211; Real Madrid yar\u0131n ak\u015fam saat 22:00&#8217;de kar\u015f\u0131 kar\u015f\u0131ya gelecek. \u00a0Futbolcu de\u011ferleri olarak bak\u0131ld\u0131\u011f\u0131nda\u00a01,5 milyar Euro\u2019luk iki tak\u0131m\u0131n m\u00fccadelesinde Messi \u2013 Ronaldo ikilisinin yan\u0131 s\u0131ra, Neymar, Luis Suarez, Gareth Bale ve Karim Benzema gibi y\u0131ld\u0131zlar\u0131n performans\u0131 da sonuca direkt etki edecek.<\/p>\n<p>El Clasico \u00f6ncesinde son haftalar\u0131n formda tak\u0131m\u0131 Barcelona&#8217;da y\u00fczler g\u00fcl\u00fcyor. Manchester City ma\u00e7\u0131nda trib\u00fcnleri dolduran 92 bin 551 taraftar 75 bin bayrakla adeta g\u00f6vde g\u00f6sterisi yapm\u0131\u015ft\u0131. Barcelona taraftarlar\u0131 Real Madrid ma\u00e7\u0131 i\u00e7in de 98 bin kartonla yap\u0131lacak koreografi haz\u0131rlad\u0131.<\/p>\n<p>Real Madrid&#8217;de ise i\u00e7 kar\u0131\u015f\u0131kl\u0131k devam ediyor. Cristiano Ronaldo krizi kadar Galli y\u0131ld\u0131z Gareth Bale\u2019in mutsuzlu\u011fu da Real Madrid\u2019in handikaplar\u0131 aras\u0131nda yer al\u0131yor. Att\u0131\u011f\u0131 gol sonras\u0131 taraftarlara kula\u011f\u0131n\u0131 t\u0131kamas\u0131 ve korner bayra\u011f\u0131na tekme atmas\u0131 Galli futbolcuya olan taraftar tepkisini daha da y\u00fckse\u011fe \u00e7\u0131kar\u0131yor. \u00a0\u0130spanya La Liga 28. haftada oynanacak Barcelona-Real Madrid derbisi 22 Mart Pazar (yar\u0131n) g\u00fcn\u00fc saat 22.00&#8217;de Ntvsmartspor Hd kanal\u0131ndan naklen yay\u0131nlanacak.<\/p>\n<p>Dev ma\u00e7 \u00f6ncesi Barcelona 65 puanla ligin zirvesinde bulunurken Real Madrid 64 puanla rakibini bir puan geriden takip ediyor.<\/p>\n<!-- Error, Advert is not available at this time due to schedule\/geolocation restrictions! -->\n","protected":false},"excerpt":{"rendered":"<p>\u0130spanya La Liga&#8217;da \u015fampiyonluk d\u00fc\u011f\u00fcm\u00fcn\u00fc \u00e7\u00f6zebilecek El Clasico geldi \u00e7att\u0131. Lider Barcelona ve Real Madrid kozlar\u0131n\u0131 Nou Camp&#8217;ta payla\u015facak.<\/p>\n","protected":false},"author":4,"featured_media":208430,"comment_status":"open","ping_status":"open","sticky":false,"template":"","format":"standard","meta":{"_acf_changed":false,"footnotes":""},"categories":[6774,5005,6194],"tags":[1038,10425,55473,20615,134785,67448,21033,2615],"class_list":["post-208428","post","type-post","status-publish","format-standard","has-post-thumbnail","hentry","category-futbol","category-manset","category-spor","tag-barcelona","tag-barcelona-real-madrid","tag-barcelona-real-madrid-maci","tag-el-clasico","tag-el-clasico-ne-zaman","tag-ispanya-la-liga","tag-la-liga","tag-real-madrid"],"acf":[],"_links":{"self":[{"href":"https:\/\/www.nationalturk.com\/tr\/wp-json\/wp\/v2\/posts\/208428","targetHints":{"allow":["GET"]}}],"collection":[{"href":"https:\/\/www.nationalturk.com\/tr\/wp-json\/wp\/v2\/posts"}],"about":[{"href":"https:\/\/www.nationalturk.com\/tr\/wp-json\/wp\/v2\/types\/post"}],"author":[{"embeddable":true,"href":"https:\/\/www.nationalturk.com\/tr\/wp-json\/wp\/v2\/users\/4"}],"replies":[{"embeddable":true,"href":"https:\/\/www.nationalturk.com\/tr\/wp-json\/wp\/v2\/comments?post=208428"}],"version-history":[{"count":0,"href":"https:\/\/www.nationalturk.com\/tr\/wp-json\/wp\/v2\/posts\/208428\/revisions"}],"wp:featuredmedia":[{"embeddable":true,"href":"https:\/\/www.nationalturk.com\/tr\/wp-json\/wp\/v2\/media\/208430"}],"wp:attachment":[{"href":"https:\/\/www.nationalturk.com\/tr\/wp-json\/wp\/v2\/media?parent=208428"}],"wp:term":[{"taxonomy":"category","embeddable":true,"href":"https:\/\/www.nationalturk.com\/tr\/wp-json\/wp\/v2\/categories?post=208428"},{"taxonomy":"post_tag","embeddable":true,"href":"https:\/\/www.nationalturk.com\/tr\/wp-json\/wp\/v2\/tags?post=208428"}],"curies":[{"name":"wp","href":"https:\/\/api.w.org\/{rel}","templated":true}]}}