{"id":208612,"date":"2015-03-25T12:28:44","date_gmt":"2015-03-25T10:28:44","guid":{"rendered":"http:\/\/www.nationalturk.com\/?p=208612"},"modified":"2022-09-12T14:41:57","modified_gmt":"2022-09-12T11:41:57","slug":"ronaldonun-el-clasicodaki-sevincine-ceza-gelebilir-208612","status":"publish","type":"post","link":"https:\/\/www.nationalturk.com\/tr\/ronaldonun-el-clasicodaki-sevincine-ceza-gelebilir-208612\/","title":{"rendered":"Ronaldo&#8217;nun El Clasico&#8217;daki sevincine ceza gelebilir"},"content":{"rendered":"<p><img loading=\"lazy\" decoding=\"async\" class=\"alignnone size-full wp-image-208613\" src=\"http:\/\/www.nationalturk.com\/tr\/wp-content\/uploads\/2015\/03\/ronaldo_sevinc.jpg\" alt=\"Ronaldo \" width=\"610\" height=\"400\" title=\"\"><\/p>\n<h1>La Liga&#8217;da ge\u00e7ti\u011fimiz pazar g\u00fcn\u00fc oynanan ve Barcelona&#8217;n\u0131n 2-1 kazand\u0131\u011f\u0131 <a href=\"http:\/\/www.wts.com.tr\/real-madrid-barcelona-el-clasico.htm\" target=\"_blank\" rel=\"noopener\">El Clasico<\/a> ma\u00e7\u0131nda Cristiano Ronaldo&#8217;nun, att\u0131\u011f\u0131 beraberlik gol\u00fc sonras\u0131 yapt\u0131\u011f\u0131 hareket tart\u0131\u015fma konusu oldu.<\/h1>\n<p><a href=\"http:\/\/www.wts.com.tr\/ispanya-tatili-barcelona-turu-madrid-gezisi.htm\" target=\"_blank\" rel=\"noopener\">\u0130spanya<\/a>&#8216;daki Profesyonel Futbol Ligi (LFP) kurumunun ba\u015fkan\u0131 Javier Tebas, gazetecilere yapt\u0131\u011f\u0131 a\u00e7\u0131klamada, futbolcular gerek gol att\u0131klar\u0131nda gerekse di\u011fer durumlarda taraftarlar\u0131 \u015fiddete y\u00f6nlendirebilecek hareketler konusunda dikkatli olmas\u0131 gerekti\u011fini belirtti.<\/p>\n<p>Ronaldo&#8217;nun &#8220;El Clasico&#8221; ma\u00e7\u0131ndaki gol sonras\u0131 hareketini, &#8220;ceza almas\u0131 gereken provokat\u00f6r hareket&#8221; \u015feklinde de\u011ferlendiren Tebas, &#8220;Bu ceza para da olabilir ma\u00e7lardan men de olabilir. Bunun \u00fczerinde \u00e7al\u0131\u015f\u0131yoruz&#8221; \u015feklinde konu\u015ftu.<\/p>\n<h2><a href=\"http:\/\/www.nationalturk.com\/el-clasicoda-gulen-taraf-barcelona-barcelona-real-madrid-maci-ozeti-video-208458.htm\" target=\"_blank\" rel=\"noopener\">El Clasico ma\u00e7 \u00f6zeti i\u00e7in t\u0131klay\u0131n<\/a><\/h2>\n<p>Ge\u00e7en y\u0131l\u0131n kas\u0131m ay\u0131nda Atletico Madrid ve Deportivo taraftalar\u0131 aras\u0131nda ma\u00e7 \u00f6ncesi \u00e7\u0131kan ve bir ki\u015finin \u00f6l\u00fcm\u00fcne neden olan olaylar\u0131n ard\u0131ndan futbolda \u015fiddete kar\u015f\u0131 her t\u00fcrl\u00fc \u00f6nlemi almakta kararl\u0131 olan \u0130spanyol futbol otoriteleri, sadece taraftar ve kul\u00fcplere de\u011fil, futbolculara kar\u015f\u0131 da yeni yapt\u0131r\u0131mlar getirmeye \u00e7al\u0131\u015f\u0131yor.<\/p>\n<p>Att\u0131\u011f\u0131 gol sonras\u0131 Nou Camp&#8217;taki Barcelona taraftar\u0131na y\u00f6nelik elleriyle sakin olun i\u015fareti yapan Ronaldo, daha \u00f6nce de baz\u0131 kar\u015f\u0131la\u015fmalarda bu \u015fekilde sevin\u00e7 ya\u015fam\u0131\u015ft\u0131. (AA)<\/p>\n<!-- Error, Advert is not available at this time due to schedule\/geolocation restrictions! -->\n","protected":false},"excerpt":{"rendered":"<p>La Liga&#8217;da ge\u00e7ti\u011fimiz pazar g\u00fcn\u00fc oynanan ve Barcelona&#8217;n\u0131n 2-1 kazand\u0131\u011f\u0131 El Clasico ma\u00e7\u0131nda Cristiano Ronaldo&#8217;nun, att\u0131\u011f\u0131 beraberlik gol\u00fc sonras\u0131 yapt\u0131\u011f\u0131 hareket tart\u0131\u015fma konusu oldu.<\/p>\n","protected":false},"author":4,"featured_media":208613,"comment_status":"open","ping_status":"open","sticky":false,"template":"","format":"standard","meta":{"_acf_changed":false,"footnotes":""},"categories":[6774,5005,6194],"tags":[10425,159905,55480,3401,186962,20615,15,21033],"class_list":["post-208612","post","type-post","status-publish","format-standard","has-post-thumbnail","hentry","category-futbol","category-manset","category-spor","tag-barcelona-real-madrid","tag-barcelona-real-madrid-mac-ozeti","tag-barcelona-real-madrid-ozeti","tag-cristiano-ronaldo","tag-dunku-barcelona-real-madrid","tag-el-clasico","tag-ispanya","tag-la-liga"],"acf":[],"_links":{"self":[{"href":"https:\/\/www.nationalturk.com\/tr\/wp-json\/wp\/v2\/posts\/208612","targetHints":{"allow":["GET"]}}],"collection":[{"href":"https:\/\/www.nationalturk.com\/tr\/wp-json\/wp\/v2\/posts"}],"about":[{"href":"https:\/\/www.nationalturk.com\/tr\/wp-json\/wp\/v2\/types\/post"}],"author":[{"embeddable":true,"href":"https:\/\/www.nationalturk.com\/tr\/wp-json\/wp\/v2\/users\/4"}],"replies":[{"embeddable":true,"href":"https:\/\/www.nationalturk.com\/tr\/wp-json\/wp\/v2\/comments?post=208612"}],"version-history":[{"count":0,"href":"https:\/\/www.nationalturk.com\/tr\/wp-json\/wp\/v2\/posts\/208612\/revisions"}],"wp:featuredmedia":[{"embeddable":true,"href":"https:\/\/www.nationalturk.com\/tr\/wp-json\/wp\/v2\/media\/208613"}],"wp:attachment":[{"href":"https:\/\/www.nationalturk.com\/tr\/wp-json\/wp\/v2\/media?parent=208612"}],"wp:term":[{"taxonomy":"category","embeddable":true,"href":"https:\/\/www.nationalturk.com\/tr\/wp-json\/wp\/v2\/categories?post=208612"},{"taxonomy":"post_tag","embeddable":true,"href":"https:\/\/www.nationalturk.com\/tr\/wp-json\/wp\/v2\/tags?post=208612"}],"curies":[{"name":"wp","href":"https:\/\/api.w.org\/{rel}","templated":true}]}}