{"id":208633,"date":"2015-03-25T16:25:37","date_gmt":"2015-03-25T14:25:37","guid":{"rendered":"http:\/\/www.nationalturk.com\/?p=208633"},"modified":"2015-03-28T15:58:13","modified_gmt":"2015-03-28T13:58:13","slug":"lufthansadan-aciklama-ucak-teknik-olarak-sorunsuz-pilotlar-tecrubeliydi-208633","status":"publish","type":"post","link":"https:\/\/www.nationalturk.com\/tr\/lufthansadan-aciklama-ucak-teknik-olarak-sorunsuz-pilotlar-tecrubeliydi-208633\/","title":{"rendered":"Lufthansa&#8217;dan a\u00e7\u0131klama: U\u00e7ak teknik olarak sorunsuz, pilotlar tecr\u00fcbeliydi"},"content":{"rendered":"<p><img loading=\"lazy\" decoding=\"async\" class=\"alignnone size-large wp-image-208634\" src=\"http:\/\/www.nationalturk.com\/tr\/wp-content\/uploads\/2015\/03\/fransakaza-593x360.jpg\" alt=\"\" width=\"610\" height=\"390\" title=\"\"><\/p>\n<h1>Lufthansa&#8217;n\u0131n \u00fcst y\u00f6neticisi Carsten Spohr, Fransa&#8217;da d\u00fc\u015fen u\u00e7akla ilgili yapt\u0131\u011f\u0131 a\u00e7\u0131klamada &#8216;teknik olarak sorunsuz bir u\u00e7a\u011f\u0131n neden d\u00fc\u015ft\u00fc\u011f\u00fcn\u00fcn anla\u015f\u0131lamaz oldu\u011funu&#8217; s\u00f6yledi.<\/h1>\n<p>Spohr, Frankfurt\u2019ta yapt\u0131\u011f\u0131 a\u00e7\u0131klamada, Lufthansa olarak, \u015firkete ba\u011fl\u0131 Germanwings&#8217;e ait u\u00e7akta bulunan yolcular\u0131n ve m\u00fcrettebat \u00fcyelerinin yak\u0131nlar\u0131na yard\u0131m etmeye odakland\u0131klar\u0131n\u0131 ifade etti.<\/p>\n<p>Bunun i\u00e7in \u00f6zellikle Barcelona ve D\u00fcsseldorf havalimanlar\u0131na ve yard\u0131m talep edilen Avrupa\u2019n\u0131n di\u011fer yerlerine psikolojik destek ekipleri g\u00f6nderdiklerini belirten Spohr, yolcu yak\u0131nlar\u0131n\u0131n ailelerinin yar\u0131n \u00f6zel u\u00e7aklarla Barcelona ve D\u00fcsseldorf\u2019dan Marsilya\u2019ya g\u00f6t\u00fcr\u00fclece\u011fini bildirdi.<\/p>\n<p>Spohr, kazan\u0131n sebebinin ayd\u0131nlat\u0131lmas\u0131 i\u00e7in Alman ve Frans\u0131z makamlar\u0131n\u0131 destekleyeceklerini ve kaza sebebi konusunda spek\u00fclasyon yapmayacaklar\u0131n\u0131 ifade ederek, \u201cTeknik olarak sorunsuz bir u\u00e7a\u011f\u0131n Lufthansa \u015firketinde e\u011fitim alan iki pilotla u\u00e7arken bu trajediyi ya\u015famas\u0131 bizim a\u00e7\u0131m\u0131zdan anla\u015f\u0131lmaz&#8221; dedi.<\/p>\n<p>&#8211; &#8220;U\u00e7a\u011f\u0131n d\u00fc\u015f\u00fcr\u00fcld\u00fc\u011f\u00fcne dair ipucu yok&#8221; &#8211;<\/p>\n<p>Almanya \u0130\u00e7i\u015fleri Bakan\u0131 Thomas de Maiziere de Berlin\u2019de Bas\u0131nevi\u2019ndeki toplant\u0131da, u\u00e7a\u011f\u0131n d\u00fc\u015f\u00fc\u015f sebebi konusunda yap\u0131lacak tahminlerden ve spek\u00fclasyonlardan ka\u00e7\u0131n\u0131lmas\u0131n\u0131 istedi. Mevcut durumda \u00fc\u00e7\u00fcnc\u00fc \u015fah\u0131slar taraf\u0131ndan u\u00e7a\u011f\u0131n kas\u0131tl\u0131 bir \u015fekilde d\u00fc\u015f\u00fcr\u00fcld\u00fc\u011f\u00fc y\u00f6n\u00fcnde ipucu bulunmad\u0131\u011f\u0131n\u0131 belirten Maiziere, yine de kaza sebebinin t\u00fcm y\u00f6nleriyle ara\u015ft\u0131r\u0131ld\u0131\u011f\u0131n\u0131 s\u00f6yledi.<\/p>\n<p>Bu arada, Lufthansa\u2019n\u0131n merkezi Frankfurt\u2019ta ve Germanwings\u2019in K\u00f6ln&#8217;deki merkezi ile baz\u0131 di\u011fer havalimanlar\u0131nda kazada hayat\u0131n\u0131 kaybedenler i\u00e7in u\u00e7a\u011f\u0131n d\u00fc\u015ft\u00fc\u011f\u00fc saatte sayg\u0131 duru\u015fu yap\u0131ld\u0131. Federal Meclis&#8217;te de bayraklar yar\u0131ya indirildi. Almanya&#8217;da bug\u00fcn yap\u0131lan Bakanlar Kurulu toplant\u0131s\u0131nda bakanlar u\u00e7ak kazas\u0131 sebebiyle sayg\u0131 duru\u015funda bulundu. U\u00e7akta Kuzey Ren-Vestfalya eyaletindeki bir okulda 16 \u00f6\u011frenci ve 2 \u00f6\u011fretmen bulunmas\u0131 nedeniyle bu eyalette de yar\u0131n t\u00fcm okullarda sayg\u0131 duru\u015fu yap\u0131lacak.<\/p>\n<p>Lufthansa&#8217;ya ba\u011fl\u0131 Germanwings havayolu \u015firketinin Airbus A320 tipi yolcu u\u00e7a\u011f\u0131 Barcelona-D\u00fcsseldorf seferi s\u0131ras\u0131nda d\u00fcn 6 u\u00e7u\u015f g\u00f6revlisi ve 144 yolcusuyla Fransa&#8217;n\u0131n g\u00fcneyinde d\u00fc\u015fm\u00fc\u015ft\u00fc. Kazadan kurtulan olmad\u0131\u011f\u0131 belirtilmi\u015fti.<\/p>\n","protected":false},"excerpt":{"rendered":"<p>Lufthansa&#8217;n\u0131n \u00fcst y\u00f6neticisi Carsten Spohr, Fransa&#8217;da d\u00fc\u015fen u\u00e7akla ilgili yapt\u0131\u011f\u0131 a\u00e7\u0131klamada &#8216;teknik olarak sorunsuz bir u\u00e7a\u011f\u0131n neden d\u00fc\u015ft\u00fc\u011f\u00fcn\u00fcn anla\u015f\u0131lamaz oldu\u011funu&#8217; s\u00f6yledi.<\/p>\n","protected":false},"author":4,"featured_media":208635,"comment_status":"open","ping_status":"open","sticky":false,"template":"","format":"standard","meta":{"_acf_changed":false,"footnotes":""},"categories":[6770,6665,6155,5005],"tags":[64446,94790,17,187067,187065,166149,119900,187066,174149,187064,187061,187063,187062,1694,27382,119462,2384,119463],"class_list":["post-208633","post","type-post","status-publish","format-standard","has-post-thumbnail","hentry","category-avrupa","category-dunya","category-gundem","category-manset","tag-dusseldorf","tag-francois-hollande","tag-fransa","tag-fransa-alpleri-kaza","tag-fransa-kaza","tag-fransa-son-dakika","tag-fransa-ucak-kazasi","tag-fransa-ucak-kazasi-son-dakika","tag-germanwings","tag-germanwings-almanya","tag-germanwings-kaza","tag-germanwings-kazasi","tag-germanwings-ucak-kazasi","tag-lufthansa","tag-son-dakika","tag-son-dakika-ucak-kazasi","tag-ucak-kazasi","tag-ucak-kazasi-son-dakika"],"acf":[],"_links":{"self":[{"href":"https:\/\/www.nationalturk.com\/tr\/wp-json\/wp\/v2\/posts\/208633","targetHints":{"allow":["GET"]}}],"collection":[{"href":"https:\/\/www.nationalturk.com\/tr\/wp-json\/wp\/v2\/posts"}],"about":[{"href":"https:\/\/www.nationalturk.com\/tr\/wp-json\/wp\/v2\/types\/post"}],"author":[{"embeddable":true,"href":"https:\/\/www.nationalturk.com\/tr\/wp-json\/wp\/v2\/users\/4"}],"replies":[{"embeddable":true,"href":"https:\/\/www.nationalturk.com\/tr\/wp-json\/wp\/v2\/comments?post=208633"}],"version-history":[{"count":0,"href":"https:\/\/www.nationalturk.com\/tr\/wp-json\/wp\/v2\/posts\/208633\/revisions"}],"wp:featuredmedia":[{"embeddable":true,"href":"https:\/\/www.nationalturk.com\/tr\/wp-json\/wp\/v2\/media\/208635"}],"wp:attachment":[{"href":"https:\/\/www.nationalturk.com\/tr\/wp-json\/wp\/v2\/media?parent=208633"}],"wp:term":[{"taxonomy":"category","embeddable":true,"href":"https:\/\/www.nationalturk.com\/tr\/wp-json\/wp\/v2\/categories?post=208633"},{"taxonomy":"post_tag","embeddable":true,"href":"https:\/\/www.nationalturk.com\/tr\/wp-json\/wp\/v2\/tags?post=208633"}],"curies":[{"name":"wp","href":"https:\/\/api.w.org\/{rel}","templated":true}]}}