{"id":209062,"date":"2015-04-01T09:18:44","date_gmt":"2015-04-01T06:18:44","guid":{"rendered":"http:\/\/www.nationalturk.com\/?p=209062"},"modified":"2015-04-01T09:18:44","modified_gmt":"2015-04-01T06:18:44","slug":"savci-kiraz-cenazesi-bugun-defnedilecek-209062","status":"publish","type":"post","link":"https:\/\/www.nationalturk.com\/tr\/savci-kiraz-cenazesi-bugun-defnedilecek-209062\/","title":{"rendered":"Savc\u0131 Kiraz&#8217;\u0131n cenazesi bug\u00fcn defnedilecek"},"content":{"rendered":"<h1><img loading=\"lazy\" decoding=\"async\" class=\"aligncenter size-full wp-image-209063\" src=\"http:\/\/www.nationalturk.com\/tr\/wp-content\/uploads\/2015\/04\/istanbul-adalet-sarayi-savci-mehmet-selim-kiraz.jpg\" alt=\"\" width=\"620\" height=\"350\" title=\"\" srcset=\"https:\/\/www.nationalturk.com\/tr\/wp-content\/uploads\/2015\/04\/istanbul-adalet-sarayi-savci-mehmet-selim-kiraz.jpg 620w, https:\/\/www.nationalturk.com\/tr\/wp-content\/uploads\/2015\/04\/istanbul-adalet-sarayi-savci-mehmet-selim-kiraz-280x158.jpg 280w, https:\/\/www.nationalturk.com\/tr\/wp-content\/uploads\/2015\/04\/istanbul-adalet-sarayi-savci-mehmet-selim-kiraz-610x344.jpg 610w\" sizes=\"auto, (max-width: 620px) 100vw, 620px\" \/>Savc\u0131 Mehmet Selim Kiraz&#8217;\u0131n cenazesi bug\u00fcn \u0130stanbul&#8217;da topra\u011fa verilecek. Ba\u015fbakan Ahmet Davuto\u011flu da cenaze t\u00f6renine kat\u0131lmak \u00fczere \u0130stanbul&#8217;a gidecek.<\/h1>\n<p>\u0130stanbul Adliyesi&#8217;nde rehin al\u0131nan ve operasyonun ard\u0131ndan a\u011f\u0131r yaral\u0131 olarak kald\u0131r\u0131ld\u0131\u011f\u0131 hastanede 46 ya\u015f\u0131nda hayat\u0131n\u0131 kaybeden \u0130stanbul Cumhuriyet Ba\u015fsavc\u0131l\u0131\u011f\u0131 Memur Su\u00e7lar\u0131 B\u00fcrosu Savc\u0131s\u0131 Mehmet Selim Kiraz&#8217;\u0131n cenazesi, bug\u00fcn \u0130stanbul&#8217;da defnedilecek.<\/p>\n<p>Cumhuriyet Savc\u0131s\u0131 Kiraz i\u00e7in saat 11.00&#8217;de \u00c7a\u011flayan&#8217;daki \u0130stanbul Adalet Saray\u0131&#8217;nda t\u00f6ren d\u00fczenlenecek.<\/p>\n<p>Ey\u00fcp Sultan Camisi&#8217;nde \u00f6\u011fle vakti k\u0131l\u0131nacak namaz\u0131n ard\u0131ndan Kiraz&#8217;\u0131n cenazesi, Ey\u00fcp Mezarl\u0131\u011f\u0131&#8217;nda topra\u011fa verilecek.<\/p>\n<p>\u00d6te yandan Ba\u015fbakanl\u0131k Bas\u0131n Merkezi&#8217;nden yap\u0131lan duyuruya g\u00f6re, Ba\u015fbakan Ahmet Davuto\u011flu, Savc\u0131 Mehmet Selim Kiraz&#8217;\u0131n Ey\u00fcp Sultan Camii&#8217;nde k\u0131l\u0131nacak cenaze namaz\u0131na kat\u0131lmak \u00fczere, \u00f6\u011flen saatlerinde \u0130stanbul&#8217;a gidecek.<\/p>\n<!-- Error, Advert is not available at this time due to schedule\/geolocation restrictions! -->\n","protected":false},"excerpt":{"rendered":"<p>Savc\u0131 Mehmet Selim Kiraz&#8217;\u0131n cenazesi bug\u00fcn \u0130stanbul&#8217;da topra\u011fa verilecek. Ba\u015fbakan Ahmet Davuto\u011flu da cenaze t\u00f6renine kat\u0131lmak \u00fczere \u0130stanbul&#8217;a gidecek.<\/p>\n","protected":false},"author":3,"featured_media":209063,"comment_status":"open","ping_status":"open","sticky":false,"template":"","format":"standard","meta":{"_acf_changed":false,"footnotes":""},"categories":[6155,5005,6805],"tags":[8773,8952,163123,5048,10086,187417,187448,187447],"class_list":["post-209062","post","type-post","status-publish","format-standard","has-post-thumbnail","hentry","category-gundem","category-manset","category-turkiye","tag-ahmet-davutoglu","tag-basbakan","tag-basbakan-ahmet-davutoglu","tag-istanbul-adliyesi","tag-istanbul-cumhuriyet-bassavciligi","tag-mehmet-selim-kiraz","tag-mehmet-selim-kiraz-cenaze","tag-mehmet-selim-kiraz-kimdir"],"acf":[],"_links":{"self":[{"href":"https:\/\/www.nationalturk.com\/tr\/wp-json\/wp\/v2\/posts\/209062","targetHints":{"allow":["GET"]}}],"collection":[{"href":"https:\/\/www.nationalturk.com\/tr\/wp-json\/wp\/v2\/posts"}],"about":[{"href":"https:\/\/www.nationalturk.com\/tr\/wp-json\/wp\/v2\/types\/post"}],"author":[{"embeddable":true,"href":"https:\/\/www.nationalturk.com\/tr\/wp-json\/wp\/v2\/users\/3"}],"replies":[{"embeddable":true,"href":"https:\/\/www.nationalturk.com\/tr\/wp-json\/wp\/v2\/comments?post=209062"}],"version-history":[{"count":0,"href":"https:\/\/www.nationalturk.com\/tr\/wp-json\/wp\/v2\/posts\/209062\/revisions"}],"wp:featuredmedia":[{"embeddable":true,"href":"https:\/\/www.nationalturk.com\/tr\/wp-json\/wp\/v2\/media\/209063"}],"wp:attachment":[{"href":"https:\/\/www.nationalturk.com\/tr\/wp-json\/wp\/v2\/media?parent=209062"}],"wp:term":[{"taxonomy":"category","embeddable":true,"href":"https:\/\/www.nationalturk.com\/tr\/wp-json\/wp\/v2\/categories?post=209062"},{"taxonomy":"post_tag","embeddable":true,"href":"https:\/\/www.nationalturk.com\/tr\/wp-json\/wp\/v2\/tags?post=209062"}],"curies":[{"name":"wp","href":"https:\/\/api.w.org\/{rel}","templated":true}]}}