{"id":209145,"date":"2015-04-01T17:51:38","date_gmt":"2015-04-01T14:51:38","guid":{"rendered":"http:\/\/www.nationalturk.com\/?p=209145"},"modified":"2015-04-01T17:51:38","modified_gmt":"2015-04-01T14:51:38","slug":"latin-amerika-ulkeleri-abd-uslerine-karsi-harekete-geciyor-209145","status":"publish","type":"post","link":"https:\/\/www.nationalturk.com\/tr\/latin-amerika-ulkeleri-abd-uslerine-karsi-harekete-geciyor-209145\/","title":{"rendered":"Latin Amerika \u00fclkeleri ABD \u00fcslerine kar\u015f\u0131 harekete ge\u00e7iyor"},"content":{"rendered":"<p><img loading=\"lazy\" decoding=\"async\" class=\"alignnone size-large wp-image-209146\" src=\"http:\/\/www.nationalturk.com\/tr\/wp-content\/uploads\/2015\/04\/maduro_93242-610x330.jpg\" alt=\"\" width=\"610\" height=\"330\" title=\"\" srcset=\"https:\/\/www.nationalturk.com\/tr\/wp-content\/uploads\/2015\/04\/maduro_93242-610x330.jpg 610w, https:\/\/www.nationalturk.com\/tr\/wp-content\/uploads\/2015\/04\/maduro_93242-280x151.jpg 280w, https:\/\/www.nationalturk.com\/tr\/wp-content\/uploads\/2015\/04\/maduro_93242-900x487.jpg 900w, https:\/\/www.nationalturk.com\/tr\/wp-content\/uploads\/2015\/04\/maduro_93242.jpg 1000w\" sizes=\"auto, (max-width: 610px) 100vw, 610px\" \/><\/p>\n<h1>G\u00fcney Amerika Uluslar Toplulu\u011fu (UNASUR) Genel Sekreteri Ernesto Samper,\u00a0<a href=\"http:\/\/www.wts.com.tr\/orta-amerika-panama-turlari.htm\" target=\"_blank\" rel=\"noopener\">Panama<\/a>&#8216;da yap\u0131lacak zirvede\u00a0<a href=\"http:\/\/www.wts.com.tr\/Hot_latin_amerika.html\" target=\"_blank\" rel=\"noopener\">Latin Amerika<\/a>&#8216;daki ABD&#8217;ye ait askeri \u00fcslerin kapat\u0131lmas\u0131 konusunun da g\u00fcndemde olaca\u011f\u0131n\u0131\u00a0a\u00e7\u0131klad\u0131.<\/h1>\n<p>Panama&#8217;da yap\u0131lacak zirvenin g\u00fcndemine ili\u015fkin a\u00e7\u0131klama yapan Ernesto Samper, &#8220;Latin Amerika&#8217;daki ABD&#8217;ye ait t\u00fcm askeri \u00fcsler kapan\u0131rsa, (ABD ile) ili\u015fkilerimizde yeni ve iyi bir noktaya gelebiliriz. \u00dcslerin bulunmas\u0131 so\u011fuk sava\u015f d\u00f6nemine ait bir al\u0131\u015fkanl\u0131k&#8221; diye konu\u015ftu.<\/p>\n<p>Washington&#8217;\u0131n Amerika k\u0131tas\u0131ndaki di\u011fer devletlerle masaya oturdu\u011funda &#8216;tek tarafl\u0131 olmayan ve \u00f6nyarg\u0131lardan ar\u0131nm\u0131\u015f bir tutum benimsemesi gerekti\u011fini&#8217; ifade eden Samper, ABD&#8217;nin Latin Amerika \u00fclkelerine insan haklar\u0131yla ilgili ele\u015ftiri getirmesinin de yersiz oldu\u011funu s\u00f6yledi. Samper, &#8220;Amerika k\u0131tas\u0131nda olu\u015fturulan ortak insan haklar\u0131 sistemine girmemi\u015f bir \u00fclkenin, bu topraklarda olanlara dair h\u00fckme varmas\u0131 \u00e7ok sa\u00e7ma&#8221; dedi.<\/p>\n<p>Venezuela, <a href=\"http:\/\/www.wts.com.tr\/hot_Kuba.htm\" target=\"_blank\" rel=\"noopener\">K\u00fcba<\/a> ve ABD liderlerinin de kat\u0131laca\u011f\u0131 UNASUR zirvesi 10-11 Nisan&#8217;da Panama&#8217;da ger\u00e7ekle\u015fecek.<\/p>\n<!-- Error, Advert is not available at this time due to schedule\/geolocation restrictions! -->\n","protected":false},"excerpt":{"rendered":"<p>G\u00fcney Amerika Uluslar Toplulu\u011fu (UNASUR) Genel Sekreteri Ernesto Samper, Panama&#8217;da yap\u0131lacak zirvede Latin Amerika&#8217;daki ABD&#8217;ye ait askeri \u00fcslerin kapat\u0131lmas\u0131 konusunun da g\u00fcndemde olaca\u011f\u0131n\u0131 a\u00e7\u0131klad\u0131.<\/p>\n","protected":false},"author":4,"featured_media":209147,"comment_status":"open","ping_status":"open","sticky":false,"template":"","format":"standard","meta":{"_acf_changed":false,"footnotes":""},"categories":[6768,6665,6155,6771,5005,6202],"tags":[1887,180931,14,84807,7013,22396],"class_list":["post-209145","post","type-post","status-publish","format-standard","has-post-thumbnail","hentry","category-amerika","category-dunya","category-gundem","category-latin-amerika","category-manset","category-politika","tag-abd","tag-abd-latin-amerika","tag-kuba","tag-panama","tag-venezuela","tag-washington"],"acf":[],"_links":{"self":[{"href":"https:\/\/www.nationalturk.com\/tr\/wp-json\/wp\/v2\/posts\/209145","targetHints":{"allow":["GET"]}}],"collection":[{"href":"https:\/\/www.nationalturk.com\/tr\/wp-json\/wp\/v2\/posts"}],"about":[{"href":"https:\/\/www.nationalturk.com\/tr\/wp-json\/wp\/v2\/types\/post"}],"author":[{"embeddable":true,"href":"https:\/\/www.nationalturk.com\/tr\/wp-json\/wp\/v2\/users\/4"}],"replies":[{"embeddable":true,"href":"https:\/\/www.nationalturk.com\/tr\/wp-json\/wp\/v2\/comments?post=209145"}],"version-history":[{"count":0,"href":"https:\/\/www.nationalturk.com\/tr\/wp-json\/wp\/v2\/posts\/209145\/revisions"}],"wp:featuredmedia":[{"embeddable":true,"href":"https:\/\/www.nationalturk.com\/tr\/wp-json\/wp\/v2\/media\/209147"}],"wp:attachment":[{"href":"https:\/\/www.nationalturk.com\/tr\/wp-json\/wp\/v2\/media?parent=209145"}],"wp:term":[{"taxonomy":"category","embeddable":true,"href":"https:\/\/www.nationalturk.com\/tr\/wp-json\/wp\/v2\/categories?post=209145"},{"taxonomy":"post_tag","embeddable":true,"href":"https:\/\/www.nationalturk.com\/tr\/wp-json\/wp\/v2\/tags?post=209145"}],"curies":[{"name":"wp","href":"https:\/\/api.w.org\/{rel}","templated":true}]}}