{"id":209442,"date":"2015-04-07T10:34:07","date_gmt":"2015-04-07T07:34:07","guid":{"rendered":"http:\/\/www.nationalturk.com\/?p=209442"},"modified":"2015-04-07T10:34:07","modified_gmt":"2015-04-07T07:34:07","slug":"ibrahimovic-abd-yesil-isik-yakti-209442","status":"publish","type":"post","link":"https:\/\/www.nationalturk.com\/tr\/ibrahimovic-abd-yesil-isik-yakti-209442\/","title":{"rendered":"Ibrahimovic ABD&#8217;ye ye\u015fil \u0131\u015f\u0131k yakt\u0131"},"content":{"rendered":"<h1><img loading=\"lazy\" decoding=\"async\" class=\"aligncenter size-large wp-image-209445\" src=\"http:\/\/www.nationalturk.com\/tr\/wp-content\/uploads\/2015\/04\/Zlatan-Ibrahimovic-amerika-610x343.jpg\" alt=\"\" width=\"610\" height=\"343\" title=\"\" srcset=\"https:\/\/www.nationalturk.com\/tr\/wp-content\/uploads\/2015\/04\/Zlatan-Ibrahimovic-amerika-610x343.jpg 610w, https:\/\/www.nationalturk.com\/tr\/wp-content\/uploads\/2015\/04\/Zlatan-Ibrahimovic-amerika-280x158.jpg 280w, https:\/\/www.nationalturk.com\/tr\/wp-content\/uploads\/2015\/04\/Zlatan-Ibrahimovic-amerika.jpg 768w\" sizes=\"auto, (max-width: 610px) 100vw, 610px\" \/>Paris Saint Germain&#8217;nin \u0130sve\u00e7li golc\u00fcs\u00fc Ibrahimovic, uzun s\u00fcreli vize i\u00e7in ABD&#8217;ye ba\u015fvurdu. Bu hareket, y\u0131ld\u0131z futbolcunun Amerikan Birinci Futbol Ligi&#8217;ne transfer olaca\u011f\u0131 iddialar\u0131n\u0131 g\u00fc\u00e7lendirdi.<\/h1>\n<p>Fransa Birinci Futbol Ligi (Ligue 1) tak\u0131mlar\u0131ndan Paris Saint Germain&#8217;nin (PSG) \u0130sve\u00e7li futbolcusu Zlatan Ibrahimovic&#8217;in uzun s\u00fcreli vize i\u00e7in ABD&#8217;ye ba\u015fvurmas\u0131, Amerikan Birinci Futbol Ligi&#8217;ne (MLS) gidebilece\u011fi iddialar\u0131n\u0131 g\u00fc\u00e7lendirdi.<\/p>\n<p>\u0130sve\u00e7 gazetesi Aftonbladet&#8217;in haberine g\u00f6re, PSG ile 2015-2016 sezonu sonuna kadar s\u00f6zle\u015fmesi bulunan Ibrahimovic&#8217;in, 19 Mart&#8217;ta Paris&#8217;teki ABD B\u00fcy\u00fckel\u00e7ili\u011fine giderek uzun s\u00fcreli vize i\u00e7in ba\u015fvuru yapt\u0131\u011f\u0131 ortaya \u00e7\u0131kt\u0131. Haberde, 33 ya\u015f\u0131ndaki forvet oyuncusunun turistik ama\u00e7la ABD&#8217;ye gitmesi i\u00e7in bu ba\u015fvuruyu yapmas\u0131na gerek olmad\u0131\u011f\u0131 vurguland\u0131.<\/p>\n<p>Konu hakk\u0131nda \u0130spanyol Mundo Deportivo gazetesine konu\u015fan Ibrahimovic&#8217;in menajeri Mino Raiola da \u0130sve\u00e7li futbolcunun ABD&#8217;ye yapt\u0131\u011f\u0131 ba\u015fvuruyu do\u011frulad\u0131.<\/p>\n<p>Ibrahimovic&#8217;in ABD&#8217;de i\u015f yapaca\u011f\u0131n\u0131 \u00f6ne s\u00fcren Raiola, golc\u00fc oyuncunun MLS tak\u0131mlar\u0131ndan biriyle anla\u015f\u0131p anla\u015fmad\u0131\u011f\u0131 y\u00f6n\u00fcndeki soruyu ise yan\u0131ts\u0131z b\u0131rakt\u0131.<\/p>\n<!-- Error, Advert is not available at this time due to schedule\/geolocation restrictions! -->\n","protected":false},"excerpt":{"rendered":"<p>Paris Saint Germain&#8217;nin \u0130sve\u00e7li golc\u00fcs\u00fc Ibrahimovic, uzun s\u00fcreli vize i\u00e7in ABD&#8217;ye ba\u015fvurdu. Bu hareket, y\u0131ld\u0131z futbolcunun Amerikan Birinci Futbol Ligi&#8217;ne transfer olaca\u011f\u0131 iddialar\u0131n\u0131 g\u00fc\u00e7lendirdi.<\/p>\n","protected":false},"author":3,"featured_media":209447,"comment_status":"open","ping_status":"open","sticky":false,"template":"","format":"standard","meta":{"_acf_changed":false,"footnotes":""},"categories":[6774,5005,6194],"tags":[1887,100649,187835,161367,6341,21065,174240,174239,105965],"class_list":["post-209442","post","type-post","status-publish","format-standard","has-post-thumbnail","hentry","category-futbol","category-manset","category-spor","tag-abd","tag-abd-vize","tag-fransa-birinci-futbol-ligi","tag-ligue-1","tag-paris-saint-germain","tag-zlatan-ibrahimovic","tag-zlatan-ibrahimovic-fransa","tag-zlatan-ibrahimovic-golleri","tag-zlatan-ibrahimovic-psg"],"acf":[],"_links":{"self":[{"href":"https:\/\/www.nationalturk.com\/tr\/wp-json\/wp\/v2\/posts\/209442","targetHints":{"allow":["GET"]}}],"collection":[{"href":"https:\/\/www.nationalturk.com\/tr\/wp-json\/wp\/v2\/posts"}],"about":[{"href":"https:\/\/www.nationalturk.com\/tr\/wp-json\/wp\/v2\/types\/post"}],"author":[{"embeddable":true,"href":"https:\/\/www.nationalturk.com\/tr\/wp-json\/wp\/v2\/users\/3"}],"replies":[{"embeddable":true,"href":"https:\/\/www.nationalturk.com\/tr\/wp-json\/wp\/v2\/comments?post=209442"}],"version-history":[{"count":0,"href":"https:\/\/www.nationalturk.com\/tr\/wp-json\/wp\/v2\/posts\/209442\/revisions"}],"wp:featuredmedia":[{"embeddable":true,"href":"https:\/\/www.nationalturk.com\/tr\/wp-json\/wp\/v2\/media\/209447"}],"wp:attachment":[{"href":"https:\/\/www.nationalturk.com\/tr\/wp-json\/wp\/v2\/media?parent=209442"}],"wp:term":[{"taxonomy":"category","embeddable":true,"href":"https:\/\/www.nationalturk.com\/tr\/wp-json\/wp\/v2\/categories?post=209442"},{"taxonomy":"post_tag","embeddable":true,"href":"https:\/\/www.nationalturk.com\/tr\/wp-json\/wp\/v2\/tags?post=209442"}],"curies":[{"name":"wp","href":"https:\/\/api.w.org\/{rel}","templated":true}]}}