{"id":209796,"date":"2015-04-13T11:25:40","date_gmt":"2015-04-13T08:25:40","guid":{"rendered":"http:\/\/www.nationalturk.com\/?p=209796"},"modified":"2015-04-13T11:25:40","modified_gmt":"2015-04-13T08:25:40","slug":"papa-franciscus-yine-tekrarladi-20-yuzyilin-ilk-soykirimi-209796","status":"publish","type":"post","link":"https:\/\/www.nationalturk.com\/tr\/papa-franciscus-yine-tekrarladi-20-yuzyilin-ilk-soykirimi-209796\/","title":{"rendered":"Papa Franciscus yine tekrarlad\u0131! &#8220;20. y\u00fczy\u0131l\u0131n ilk soyk\u0131r\u0131m\u0131&#8221;"},"content":{"rendered":"<p><img loading=\"lazy\" decoding=\"async\" class=\"alignnone size-large wp-image-209797\" src=\"http:\/\/www.nationalturk.com\/tr\/wp-content\/uploads\/2015\/04\/papa_franciscus_ermeni-540x360.jpg\" alt=\"Papa Franciscus\" width=\"610\" height=\"390\" title=\"\"><\/p>\n<h1>Katolik aleminin ruhani lideri Papa Franciscus, Vatikan\u2019da Ermeniler i\u00e7in d\u00fczenlenen ayinde 1915 olaylar\u0131yla ilgili &#8217;20. y\u00fczy\u0131l\u0131n ilk soyk\u0131r\u0131m\u0131&#8217; ifadesini kullad\u0131. Franciscus daha \u00f6nce de Ermeni iddialar\u0131n\u0131 bu s\u00f6zlerle kabul etmi\u015fti.<\/h1>\n<p>Vatikan\u2019\u0131n \u00fcnl\u00fc Aziz Petrus Bazilikas\u0131&#8217;nda yap\u0131lan ve Papa\u2019n\u0131n y\u00f6netti\u011fi \u201cErmeni \u015fehitli\u011finin 100. y\u0131l\u0131 ve Gregorio di Narek\u2019in &#8216;Kilise Doktoru&#8217; ilan edilmesi&#8221; adl\u0131 ayine Ermenistan Cumhurba\u015fkan\u0131 Serj Sarkisyan, D\u00fcnya Ermenileri ruhani lideri ve Ermeni Apostolik Kilisesi Katolikosu II. Karekin ve Kilikya Katolikosu Aram da kat\u0131ld\u0131.<\/p>\n<p>Papa, ayinin hemen ba\u015f\u0131nda yapt\u0131\u011f\u0131 konu\u015fmada, selefi Papa \u0130kinci Jean Paul\u2019\u00fcn D\u00fcnya Ermenileri ruhani lideri ve Ermeni Apostolik Kilisesi Katolikosu II. Karekin&#8217;nin 2001 y\u0131l\u0131nda imzalad\u0131klar\u0131 ortak deklarasyonda yer alan &#8220;20. y\u00fczy\u0131l\u0131n ilk soyk\u0131r\u0131m\u0131&#8221; ifadesine at\u0131fta bulunarak &#8220;\u0130nsanl\u0131k ge\u00e7mi\u015f y\u00fczy\u0131lda \u00fc\u00e7 b\u00fcy\u00fck trajedi ya\u015fad\u0131. Bunlardan ilki, genellikle 20. y\u00fczy\u0131l\u0131n ilk soyk\u0131r\u0131m\u0131 olarak d\u00fc\u015f\u00fcn\u00fclen; Suriyeli Katolik ve Ortodokslar, Asuriler, S\u00fcryaniler, Keldaniler ve Yunanl\u0131lar\u0131n yan\u0131 s\u0131ra ilk Hristiyan toplumlardan olan siz Ermenilere kar\u015f\u0131 yap\u0131ld\u0131&#8221; diye konu\u015ftu.<\/p>\n<p>Papa, di\u011fer iki b\u00fcy\u00fck trajedinin Nazizm ve Stalinizm d\u00f6neminde ya\u015fand\u0131\u011f\u0131n\u0131 belirterek &#8220;Son olarak da Kambo\u00e7ya, Ruanda, Burundi ve Bosna\u2019da kitlesel cinayetler i\u015flendi&#8221; dedi.<\/p>\n<p>Papa, \u201cHala sava\u015flar\u0131n i\u015fe yaramaz bir delilik ve faydas\u0131z oldu\u011funu \u00f6\u011frenemedik\u201d ifadesini kulland\u0131.<\/p>\n<p>&#8211; Papa bu ifadeyi daha \u00f6nce kullanm\u0131\u015ft\u0131<\/p>\n<p>Katolik aleminin 266. ruhani lideri olarak se\u00e7ilmeden \u00f6nce Buenos Aires Ba\u015fpiskoposlu\u011fu yapan Kardinal Jose Mario Bergoglio, Mart 2013\u2019te Papa se\u00e7ilip Franciscus ismini ald\u0131ktan sonra Haziran 2013\u2019te Ermeni heyetini kabul\u00fc s\u0131ras\u0131nda bir kad\u0131n\u0131n Ermeni iddialar\u0131ndan bahsetmesi \u00fczerine &#8220;Evet, 20. y\u00fczy\u0131l\u0131n ilk soyk\u0131r\u0131m\u0131&#8221; ifadesini kullanm\u0131\u015f, T\u00fcrkiye\u2019nin tepkisi \u00fczerine Vatikan, bunun \u00f6zel bir g\u00f6r\u00fc\u015fme oldu\u011funu a\u00e7\u0131klam\u0131\u015ft\u0131.<\/p>\n<p>Papa Franciscus, ge\u00e7en per\u015fembe g\u00fcn\u00fc Ermeni din adamlar\u0131 heyetini kabul\u00fcnde 1915 olaylar\u0131 i\u00e7in &#8220;katliam&#8221; ifadesini kullanm\u0131\u015ft\u0131. Bug\u00fcnk\u00fc ayin kitap\u00e7\u0131\u011f\u0131n\u0131 \u00f6nceki g\u00fcn sitesine koyan Vatikan, kitap\u00e7\u0131\u011f\u0131n 51. sayfas\u0131nda &#8220;soyk\u0131r\u0131m&#8221;dan genel bir ifade olarak s\u00f6z etmi\u015fti.<\/p>\n<p>Vatikan Bas\u0131n S\u00f6zc\u00fcs\u00fc Yard\u0131mc\u0131s\u0131 Rahip Ciro Benedettini, T\u00fcrk gazetecilere yapt\u0131\u011f\u0131 a\u00e7\u0131klamada, \u201cPapa\u2019n\u0131n bu ifadeyi kullanaca\u011f\u0131, bizim a\u00e7\u0131m\u0131zdan \u00f6nceden belliydi. Papa, selefi Papa \u0130kinci Jean Paul\u2019e at\u0131fta bulundu. Konu\u015fma metni \u00f6nceden haz\u0131rland\u0131\u201d diye konu\u015ftu.<\/p>\n<!-- Error, Advert is not available at this time due to schedule\/geolocation restrictions! -->\n","protected":false},"excerpt":{"rendered":"<p>Katolik aleminin ruhani lideri Papa Franciscus, Vatikan\u2019da Ermeniler i\u00e7in d\u00fczenlenen ayinde 1915 olaylar\u0131yla ilgili &#8217;20. y\u00fczy\u0131l\u0131n ilk soyk\u0131r\u0131m\u0131&#8217; ifadesini kullad\u0131. Franciscus daha \u00f6nce de Ermeni iddialar\u0131n\u0131 bu s\u00f6zlerle kabul etmi\u015fti.<\/p>\n","protected":false},"author":4,"featured_media":209798,"comment_status":"open","ping_status":"open","sticky":false,"template":"","format":"standard","meta":{"_acf_changed":false,"footnotes":""},"categories":[6770,6665,6155,5005,6202],"tags":[21586,147372,186487,148391,4711],"class_list":["post-209796","post","type-post","status-publish","format-standard","has-post-thumbnail","hentry","category-avrupa","category-dunya","category-gundem","category-manset","category-politika","tag-ermeni-soykirimi","tag-papa-franciscus","tag-papa-franciscus-aciklama","tag-papa-franciscus-ayin","tag-vatikan"],"acf":[],"_links":{"self":[{"href":"https:\/\/www.nationalturk.com\/tr\/wp-json\/wp\/v2\/posts\/209796","targetHints":{"allow":["GET"]}}],"collection":[{"href":"https:\/\/www.nationalturk.com\/tr\/wp-json\/wp\/v2\/posts"}],"about":[{"href":"https:\/\/www.nationalturk.com\/tr\/wp-json\/wp\/v2\/types\/post"}],"author":[{"embeddable":true,"href":"https:\/\/www.nationalturk.com\/tr\/wp-json\/wp\/v2\/users\/4"}],"replies":[{"embeddable":true,"href":"https:\/\/www.nationalturk.com\/tr\/wp-json\/wp\/v2\/comments?post=209796"}],"version-history":[{"count":0,"href":"https:\/\/www.nationalturk.com\/tr\/wp-json\/wp\/v2\/posts\/209796\/revisions"}],"wp:featuredmedia":[{"embeddable":true,"href":"https:\/\/www.nationalturk.com\/tr\/wp-json\/wp\/v2\/media\/209798"}],"wp:attachment":[{"href":"https:\/\/www.nationalturk.com\/tr\/wp-json\/wp\/v2\/media?parent=209796"}],"wp:term":[{"taxonomy":"category","embeddable":true,"href":"https:\/\/www.nationalturk.com\/tr\/wp-json\/wp\/v2\/categories?post=209796"},{"taxonomy":"post_tag","embeddable":true,"href":"https:\/\/www.nationalturk.com\/tr\/wp-json\/wp\/v2\/tags?post=209796"}],"curies":[{"name":"wp","href":"https:\/\/api.w.org\/{rel}","templated":true}]}}