{"id":210296,"date":"2015-04-21T15:28:57","date_gmt":"2015-04-21T12:28:57","guid":{"rendered":"http:\/\/www.nationalturk.com\/?p=210296"},"modified":"2015-04-21T15:28:57","modified_gmt":"2015-04-21T12:28:57","slug":"hdp-secim-bildirgesini-demirtas-ve-yuksekdag-birlikte-acikladi-210296","status":"publish","type":"post","link":"https:\/\/www.nationalturk.com\/tr\/hdp-secim-bildirgesini-demirtas-ve-yuksekdag-birlikte-acikladi-210296\/","title":{"rendered":"HDP se\u00e7im bildirgesini Demirta\u015f ve Y\u00fcksekda\u011f birlikte a\u00e7\u0131klad\u0131"},"content":{"rendered":"<p><img loading=\"lazy\" decoding=\"async\" class=\"alignnone size-large wp-image-210297\" src=\"http:\/\/www.nationalturk.com\/tr\/wp-content\/uploads\/2015\/04\/selahattin_demirtas_figen_yuksekdag_hdp-541x360.jpg\" alt=\"Selahattin Demirta\u015f Figen Y\u00fcksekda\u011f\" width=\"610\" height=\"390\" title=\"\"><\/p>\n<h1>HDP&#8217;nin se\u00e7im bildirgesi E\u015f Genel Ba\u015fkanlar Selahattin Demirta\u015f ve Figen Y\u00fcksekda\u011f taraf\u0131ndan birlikte a\u00e7\u0131kland\u0131. Demirta\u015f ve Y\u00fcksekda\u011f aralarda birbirleriyle at\u0131\u015farak programlar\u0131n\u0131 a\u00e7\u0131klad\u0131.<\/h1>\n<p>AKP ve CHP&#8217;nin se\u00e7im bildirgelerini a\u00e7\u0131klamas\u0131n\u0131n ard\u0131ndan HDP de \u0130stanbul&#8217;da Mustafa Kemal K\u00fclt\u00fcr Merkezi&#8217;nde bildirgesini bas\u0131n toplant\u0131s\u0131yla a\u00e7\u0131klad\u0131. K\u00fcrs\u00fcye gelen E\u015f Genel Ba\u015fkanlar Selahattin Demirta\u015f ve Figen Y\u00fcksekda\u011f&#8217;dan ilk olarak Y\u00fcksekda\u011f s\u00f6z ald\u0131. Figen Y\u00fcksekda\u011f \u015funlar\u0131 s\u00f6yledi:<\/p>\n<p>&#8220;Heyecan\u0131n\u0131z\u0131 ve burada resmetti\u011finiz g\u00fczelli\u011fi sayg\u0131yla sevgiyle selaml\u0131yorum. Heyecanl\u0131 bir yola girdik. Ge\u00e7ti\u011fimiz t\u00fcm yollar\u0131n ve a\u015famalar\u0131n, gelip kesi\u015fti\u011fi an i\u015fte bu and\u0131r. \u00d6yle bir anday\u0131z ki b\u00fct\u00fcn ezilen insanl\u0131\u011f\u0131n, kad\u0131nlar\u0131n, gen\u00e7lerin, halklar\u0131n ve inan\u00e7lar\u0131n insanca bir ya\u015fama kar\u015f\u0131 duydu\u011fu \u00f6zlem ve istek i\u015fte bug\u00fcn tarihsel bir d\u00f6nemece geldi.<br \/>\nBiz bug\u00fcn sadece ge\u00e7mi\u015fte y\u00fcr\u00fcd\u00fc\u011f\u00fcm\u00fcz yollar\u0131 de\u011fil kazanaca\u011f\u0131m\u0131z bir T\u00fcrkiye&#8217;yi istiyoruz. Bug\u00fcn sizlerle se\u00e7im bildirgemizi payla\u015faca\u011f\u0131z. Bu bildirge bizim y\u0131llar boyunca halk\u0131m\u0131z\u0131n ba\u011fr\u0131nda olu\u015fmu\u015f m\u00fccadele birikimimizin de\u011ferlerimizin bir aynas\u0131d\u0131r.<br \/>\nBu yollarda biriktirdi\u011fimiz her de\u011feri dam\u0131t\u0131p i\u015fte bu bildirgeyle yeni ya\u015fam program\u0131na d\u00f6n\u00fc\u015ft\u00fcrmeye \u00e7al\u0131\u015ft\u0131k. Bu bildirgede bir ki\u015finin \u00fc\u00e7 be\u015f ki\u015finin de\u011fil bizlerin eme\u011fi var.<br \/>\nBu bildirgeyi biz kad\u0131nlar, gen\u00e7ler, halklar, Aleviler, K\u00fcrtler ve b\u00fct\u00fcn ezilen halklar olu\u015fturduk. LGBT\u0130 bireylerle birlikte yazd\u0131k. Hakl\u0131lar\u0131n g\u00fcc\u00fcyle ve akl\u0131yla yazd\u0131k.<br \/>\nY\u0131llar boyunca biriktirdi\u011fimiz hakl\u0131l\u0131\u011f\u0131m\u0131z bu bildirgeyle bir kazanma iradesine d\u00f6n\u00fc\u015ft\u00fc. HDP, yani bir b\u00fct\u00fcn olarak bizler bu zamana kadar kapat\u0131lan b\u00fct\u00fcn kap\u0131lar\u0131 a\u00e7an kararl\u0131l\u0131\u011f\u0131m\u0131z ve enerjimizle bug\u00fcn \u00e7ok farkl\u0131 bir noktaya geldik.<br \/>\nBildirgemiz, sultan\u0131n kabusu ve T\u00fcrkiye halklar\u0131n\u0131n hayalidir, inanc\u0131d\u0131r. Onlar kabus g\u00f6rmeye ba\u015flad\u0131lar. Daha \u00e7ok kabus g\u00f6recekler ama biz bu hayalle biz bu inan\u00e7la bildirgemizde ifade etti\u011fimiz yeni ya\u015fam\u0131 in\u015fa edecek g\u00fcc\u00fc ortaya koyduk. Sunaca\u011f\u0131m\u0131z bildirge \u00e7ok \u00f6ncesinden itibaren HDP&#8217;nin gittik\u00e7e b\u00fcy\u00fcyen siyasi y\u00fcr\u00fcy\u00fc\u015f\u00fc \u00fczerinden sizlere yans\u0131d\u0131.<br \/>\nBu program\u0131 bizlerin g\u00fcc\u00fcyle hayata ge\u00e7irdi\u011fimizde, yeni ya\u015fam\u0131n b\u00f6yle \u00f6nc\u00fc hamlesini hayata ge\u00e7irdi\u011fimizde T\u00fcrkiye&#8217;de her \u015fey \u00e7ok farkl\u0131 olacak. Bar\u0131\u015f\u0131n adaletin i\u015f\u00e7ilerin adaletin emek\u00e7ilerin kad\u0131nlar\u0131n yeni bir ya\u015fam alan\u0131na kavu\u015fmas\u0131 i\u00e7in b\u00fct\u00fcn T\u00fcrkiye toplumunu bu bildirgenin tam i\u00e7inde yer almaya davet ediyoruz. Bizlerin ba\u015farma g\u00fcc\u00fcn\u00fc de bu program\u0131 uygulama g\u00fcc\u00fcyle birle\u015ftirece\u011fiz. HDP\u2019nin g\u00fc\u00e7l\u00fc bir bi\u00e7imde yer alaca\u011f\u0131 Meclis\u2019te i\u015fte bug\u00fcn sunaca\u011f\u0131m\u0131z bildirgenin ya\u015famla bulu\u015ftu\u011fu enerjiyi de ortaya \u00e7\u0131karaca\u011f\u0131z. Hepimizin yolu a\u00e7\u0131k olsun.&#8221;<br \/>\nDaha sonra s\u00f6z alan Selahattin Demirta\u015f, K\u00fcrt\u00e7e selamlama ile ba\u015flad\u0131\u011f\u0131 konu\u015fmas\u0131na T\u00fcrk\u00e7e olarak \u015f\u00f6yle devam etti:<\/p>\n<p>&#8220;Hepinizi y\u00fcrekten selaml\u0131yorum. Umut ediyorum ki bildirgemizle birlikte bug\u00fcnden itibaren art\u0131k T\u00fcrkiye&#8217;nin her bir k\u00f6\u015fesinde karamsarl\u0131\u011f\u0131n ve korkunun yerini HDP&#8217;nin umudu alacak. Ben de \u015fimdiden hay\u0131rl\u0131 u\u011furlu olsun diyorum.<br \/>\nBiz bu topraklar \u00fczerinde b\u00fcy\u00fck bir zenginlik ve hazinenin \u00fczerinde oturan yoksullar olmaktan b\u0131kt\u0131k art\u0131k. Bizler \u00e7ok dilli k\u00fclt\u00fcrl\u00fc inan\u00e7l\u0131 yap\u0131m\u0131zla ve farkl\u0131l\u0131klar\u0131m\u0131zla horlanmaktan alay edilmekten usand\u0131k \u00e7\u00fcnk\u00fc. Ve her g\u00fcn bu \u00fclkede silah sesi, gaz, cop, panzer, TOMA g\u00f6rmekten b\u0131kt\u0131k usand\u0131k. Art\u0131k birbirimizden korkmadan devletten h\u00fck\u00fcmetten korkmadan birbirimize g\u00fcvenerek inanarak bar\u0131\u015f i\u00e7erisinde ya\u015famak istiyoruz.<br \/>\nBizler HDP&#8217;yi olu\u015fturan bizler, her bir farkl\u0131l\u0131\u011f\u0131m\u0131zla sesimizle, T\u00fcrkiye toplumunun tamam\u0131 e\u011fer ortak duygularda birle\u015feceksek bu bizler a\u00e7\u0131s\u0131ndan teklik \u00fczerine de\u011fil birlik \u00fczerine in\u015fa edilmi\u015f insanl\u0131k kimli\u011fi olabilir.<br \/>\nMedeniyetin be\u015fi\u011fi dedi\u011fimiz co\u011frafyam\u0131zda insanl\u0131\u011f\u0131 merkeze koyarak yeni bir ba\u015flang\u0131\u00e7 yapmak zorunday\u0131z. \u0130nsanl\u0131\u011f\u0131 d\u00fc\u015ft\u00fc\u011f\u00fc yerden kald\u0131rmak zorunday\u0131z. Bu HDP&#8217;nin boyun borcudur.<br \/>\nKapitalizmin en ac\u0131mas\u0131z uygulamalar\u0131na, neoliberal politikalara kar\u015f\u0131, paran\u0131n her \u015feyi sat\u0131n alabilece\u011fine inanan duyguya kar\u015f\u0131 insan\u0131m\u0131z\u0131 insanl\u0131\u011f\u0131m\u0131z\u0131 \u00f6ne \u00e7\u0131karaca\u011f\u0131z. Halen umut var diyece\u011fiz.<br \/>\nKan\u0131n oluk oluk akt\u0131\u011f\u0131, do\u011fan\u0131n her g\u00fcn ac\u0131mas\u0131zca katledildi\u011fi bu co\u011frafyada halen umut var diyece\u011fiz.<br \/>\nBizim yapaca\u011f\u0131m\u0131z hi\u00e7bir \u00f6neriyi tek ba\u015f\u0131na de\u011ferlendirmemek laz\u0131m. Biz b\u00fct\u00fcnl\u00fckl\u00fc bir sistem de\u011fi\u015fikli\u011fi \u00f6neriyoruz. Radikal de\u011fi\u015fim \u00f6neriyor HDP. Yepyeni bir T\u00fcrkiye&#8217;yi radikal bir d\u00f6n\u00fc\u015f\u00fcmle in\u015fa edebiliriz.<\/p>\n<p>Bizim program\u0131m\u0131z\u0131n esas\u0131nda &#8216;h\u00fck\u00fcmet olarak biz yapaca\u011f\u0131z&#8217; yoktur, bizatihi halk olarak \u00e7\u00f6z\u00fcm\u00fcn ger\u00e7ek akt\u00f6rleri vard\u0131r.<br \/>\nHi\u00e7bir \u015fey Ankara&#8217;dan g\u00f6r\u00fcnd\u00fc\u011f\u00fc gibi de\u011fil. Sokaklardan Ankara\u2019ya bak\u0131nca, burnu b\u00fcy\u00fcklerin, ensesi kal\u0131nlar\u0131n g\u00f6rd\u00fc\u011f\u00fc gibi de\u011fil. Ve bizler bug\u00fcn HDP olarak ortaya koyaca\u011f\u0131m\u0131z, s\u00f6yleyece\u011fimiz \u015feyler hi\u00e7bir parti taraf\u0131ndan s\u00f6ylenmemi\u015f gibi kabul edilmeyecek.<br \/>\nArt\u0131k HDP yeni bir \u00e7\u0131ta koyuyor ortaya. Art\u0131k kayg\u0131ya yer yok diyorsak. Art\u0131k bizler duruma el koyuyorsak, o halde haydi. Bizler Meclis&#8217;e, HDP Meclis&#8217;e.&#8221;<\/p>\n<p>\u0130ki e\u015fba\u015fkan daha sonra se\u00e7im bildirgesini a\u00e7\u0131klamaya ba\u015flad\u0131:<\/p>\n<p>Y\u00fcksekda\u011f: Bizler karanl\u0131k g\u00fcnlerin a\u015f\u0131laca\u011f\u0131na inananlar\u0131z. Bizler birbirleri i\u00e7in kayg\u0131lanan birbirlerinin haklar\u0131na sahip \u00e7\u0131kanlar\u0131z. Bizleri bir araya getiren insana, hayvana, do\u011faya olan tutkulu a\u015fk\u0131m\u0131zd\u0131r. Bizler e\u015fitli\u011fe \u00f6zg\u00fcrl\u00fc\u011fe adalete dayan\u0131\u015fmaya inanananlar\u0131z.<br \/>\nDemirta\u015f: Bizler zulm\u00fcn bask\u0131n\u0131n kar\u015f\u0131s\u0131nda insanl\u0131\u011f\u0131 savunarak bar\u0131\u015f ad\u0131na dikilecek olanlar\u0131z. S\u0131rt s\u0131rta omuz omuza vermi\u015f b\u00fcy\u00fck insanl\u0131k \u00e7a\u011fr\u0131s\u0131n\u0131 dile getirenleriz. Bizler T\u00fcrkiye&#8217;yiz, bizler HDP&#8217;yiz. Bizler insanl\u0131\u011fa yak\u0131\u015f\u0131r bir ya\u015fam isteyenleriz. Bizler b\u00fcy\u00fck insanl\u0131\u011fa evet diyoruz.<br \/>\nY\u00fcksekda\u011f: Bizler kad\u0131n\u0131z, bizler y\u00fczde 50\u2019yiz ve ya\u015fam\u0131n her alan\u0131nda e\u015fitli\u011fi ya\u015fama ge\u00e7irece\u011fiz. Kad\u0131na y\u00f6nelik her t\u00fcrl\u00fc \u015fiddetin en a\u011f\u0131r bi\u00e7imde cezaland\u0131r\u0131lmas\u0131n\u0131 sa\u011flayaca\u011f\u0131z. \u00f6lmedi\u011fimiz, \u00f6ld\u00fcr\u00fclmedi\u011fimiz, taciz edilmedi\u011fimiz, sokaklar\u0131nda istedi\u011fimiz k\u0131yafetle dola\u015fabildi\u011fimiz, istedi\u011fimiz okulda okuyabildi\u011fimiz, ana dilimizde e\u011fitim g\u00f6rebildi\u011fimiz, okuyan \u00e7al\u0131\u015fan yada y\u00f6neten olarak siyaset yapabildi\u011fimiz bir ya\u015fam istiyoruz. \u0130stedi\u011fimiz mesle\u011fi se\u00e7ebildi\u011fimiz, kad\u0131n oldu\u011fumuz i\u00e7in horlanmad\u0131\u011f\u0131m\u0131z, erkeklerle e\u015fit \u00fccret ald\u0131\u011f\u0131m\u0131z, sosyal haklardan e\u015fit \u015fekilde yararland\u0131\u011f\u0131m\u0131z, i\u015f yerinde taciza maruz kalmad\u0131\u011f\u0131m\u0131z bir ya\u015fam istiyoruz. Bedenimize, kimli\u011fimize, eme\u011fimize sahip \u00e7\u0131kabildi\u011fimiz bir T\u00fcrkiye hayal ediyoruz.<br \/>\nBu se\u00e7imlerde milletvekili adaylar\u0131m\u0131z\u0131n yar\u0131s\u0131 kad\u0131n. hayal etti\u011fimiz ya\u015fam gibi t\u0131pk\u0131. \u0130\u015fte ya\u015fam\u0131n ve siyasetin yar\u0131s\u0131n\u0131 olu\u015fturma hayalini biz bu s\u00fcre\u00e7te kad\u0131nlarla birlikte ya\u015fama ge\u00e7irece\u011fiz. Meclis\u2019in yar\u0131s\u0131n\u0131n kad\u0131n oldu\u011fu, kad\u0131n vekillerin kad\u0131n m\u00fccadelesini temsil etti\u011fi sava\u015f\u0131n ve \u015fiddetin olmad\u0131\u011f\u0131, ba\u015fta erkek egemenli\u011fi olmak \u00fczere hi\u00e7bir egemenli\u011fe tabii olmad\u0131\u011f\u0131m\u0131z bir \u00fclkede ya\u015famak istiyoruz.<br \/>\nBizler i\u015fte bu kararlar\u0131 hayata ge\u00e7irebilmek i\u00e7in sadece s\u00f6zlerimizle de\u011fil ayn\u0131 zamanda uygulama g\u00fcc\u00fcm\u00fczle de hareket edece\u011fiz. Bu g\u00f6r\u00fc\u015f a\u00e7\u0131s\u0131na ba\u011fl\u0131 olarak bir kad\u0131n bakanl\u0131\u011f\u0131 kuraca\u011f\u0131z. Bu zamana kadar kad\u0131n\u0131 aile s\u0131n\u0131rlar\u0131 i\u00e7ine hapseden, kad\u0131n\u0131 bir birey olarak g\u00f6rmeyen ve onun kar\u015f\u0131 kar\u015f\u0131ya kald\u0131\u011f\u0131 b\u00fct\u00fcn \u015fiddet ve ayr\u0131mc\u0131l\u0131\u011fa kar\u015f\u0131 g\u00f6z yumma politikas\u0131n\u0131 ve destekleme politikas\u0131n\u0131 sergileyen bu erkek egemen zihniyete kar\u015f\u0131, kad\u0131n bakanl\u0131\u011f\u0131 arac\u0131l\u0131\u011f\u0131yla \u00e7ok daha radikal kad\u0131n \u00f6zg\u00fcrle\u015fme hamlesi ger\u00e7ekle\u015ftirece\u011fiz.<br \/>\nKad\u0131n bakanl\u0131\u011f\u0131m\u0131z, b\u00fct\u00fcn kad\u0131nlar\u0131n u\u011frad\u0131\u011f\u0131 ayr\u0131mc\u0131l\u0131\u011fa kar\u015f\u0131, ya\u015fam\u0131n en kuytu k\u00f6\u015fesinde dahi korunmas\u0131 i\u00e7in \u00e7al\u0131\u015facak. Sadece kad\u0131nlar\u0131n hizmetinde \u00e7al\u0131\u015facak. Kad\u0131nlar taraf\u0131ndan y\u00f6netilecek ve olu\u015fturulacak. Bizler ev i\u00e7i eme\u011fi, sosyal g\u00fcvenlik i\u00e7ine alaca\u011f\u0131z. Sosyal devlet paketlerini adalet ve e\u015fitlik \u00fclkesine g\u00f6re d\u00fczenleyece\u011fiz. T\u00fcm mahallelerde 7-24 ana dilinde \u00fccretsiz kre\u015fler a\u00e7aca\u011f\u0131z. Kad\u0131nlar\u0131n eve ve \u00fc\u00e7 \u00e7ocuk do\u011furarak eve hapsedilmesine kar\u015f\u0131 kad\u0131nlar\u0131 ekonomik ya\u015famda da \u00f6zg\u00fcrle\u015ftirecek en \u00f6nemli hizmeti HDP kad\u0131nlar\u0131n b\u00fct\u00fcn bizlerin g\u00fcc\u00fcyle ya\u015fama ge\u00e7irecek. Bu kre\u015fler hizmet vermeye ba\u015flad\u0131\u011f\u0131nda toplumun yar\u0131s\u0131 olan kad\u0131nlar\u0131n enerjisi \u00f6zg\u00fcrle\u015fecek.<\/p>\n<p>Y\u00fcksekda\u011f:<\/p>\n<p>Ya\u015fl\u0131 bak\u0131m kurumlar\u0131, engelli iyile\u015ftirme merkezlerini kuraca\u011f\u0131z. Bizlerin g\u00fcc\u00fc sadece bunlarla s\u0131n\u0131rl\u0131 tutmayacak, toplumun yar\u0131s\u0131n\u0131 olu\u015fturan kad\u0131nlarla birlikte politika ve yeni ya\u015fam\u0131 kurma iradesinin ve ayn\u0131 zamanda 8 Mart\u2019\u0131 b\u00fct\u00fcn kad\u0131nlar i\u00e7in resmi tatil ilan edece\u011fiz. O g\u00fcn b\u00fct\u00fcn kad\u0131nlara ayn\u0131 zamanda miting ve bulu\u015fma dayan\u0131\u015fma eylemlerine kat\u0131l\u0131m i\u00e7in \u00fccretsiz ula\u015f\u0131m hizmeti verilecek. D\u00fcnyan\u0131n b\u00fct\u00fcn kirli \u00e7ama\u015f\u0131rlar\u0131n\u0131, b\u00fct\u00fcn kirli bula\u015f\u0131klar\u0131n\u0131 bizim y\u0131kamad\u0131\u011f\u0131m\u0131z, kendi eme\u011fimizle doyurmak zorunda kalmad\u0131\u011f\u0131m\u0131z, ve \u00f6zg\u00fcrle\u015ftirece\u011fimiz bir T\u00fcrkiye hayal ediyoruz. B\u00fct\u00fcn kad\u0131nlara ve bizlere cesaretini al da gel diyoruz.<\/p>\n<p>E\u015fitsizli\u011fe kar\u015f\u0131, siyasetin merkezine m\u00fcdahale ediyoruz. Kad\u0131nlar siyasete el koyuyor. Bizler kad\u0131n politikas\u0131 yap\u0131yoruz. E\u015f ba\u015fkanl\u0131k ve b\u00fct\u00fcn kurumlarda, temsilde adalet ya\u015famda e\u015fitlik, y\u00f6netimde ortakla\u015fma konusunda \u00f6nemli ad\u0131mlar att\u0131k ve atmaya devam ediyoruz. Kad\u0131nlar\u0131n \u00f6zg\u00fcn ve \u00f6zerk \u00f6rg\u00fctlenmesi a\u00e7\u0131s\u0131ndan hayati \u00f6nemde olan meclis tarz\u0131u \u00f6rg\u00fctlenme modelini t\u00fcm t\u00fcrkiye\u2019ye mal edece\u011fiz.<\/p>\n<p>Kad\u0131n meclisleri ve b\u00fct\u00fcn ya\u015fam alanlar\u0131ndaki meclisler kuraca\u011f\u0131m\u0131z yeni ya\u015fam\u0131nda toplumsal taban\u0131n\u0131 olu\u015fturaca\u011f\u0131z. Rojova ve Kobane b\u00fcy\u00fck insanl\u0131k hareketinin elle tutulur \u00f6rnekleri oldu. Rojova\u2019da kad\u0131nlar hem yeni ya\u015fam\u0131n in\u015faas\u0131nda hemde I\u015e\u0130D\u2019e direni\u015fte \u00f6nc\u00fc rol oynad\u0131lar. O kad\u0131nlar\u0131n direni\u015fi hepimizin direni\u015fi ve ortak g\u00fcc\u00fcm\u00fczd\u00fcr. Bizlere nas\u0131l ba\u015faracaks\u0131n\u0131z diye soranlara bizim verdi\u011fimiz cevap \u00e7ok a\u00e7\u0131kt\u0131r. \u0130\u015fte bu g\u00fcce dayanarak ba\u015faraca\u011f\u0131z. Bizler savundu\u011fumuz b\u00fct\u00fcn ba\u015fl\u0131klar ekseninde yeni ya\u015fam\u0131n kurucu a\u015famas\u0131nda, yeni bir anayasan\u0131n da kad\u0131n eksenli olmas\u0131n\u0131 savunuyoruz. Kad\u0131nlar i\u00e7in, kad\u0131nlar\u0131n eksen al\u0131nd\u0131\u011f\u0131 bir anayasa yap\u0131lmad\u0131\u011f\u0131 ko\u015fullarda bu e\u015fitsizlik sistemi devam edecektir. \u0130\u015fte HDP 2015 genel se\u00e7imlerinde elde edece\u011fi ba\u015far\u0131yla yeni anayasan\u0131n ve kad\u0131nlar i\u00e7in anayasan\u0131n da mimar\u0131 olacak.<\/p>\n<p>Bizler insanl\u0131\u011f\u0131n geli\u015fmesinde \u00f6nc\u00fcl\u00fc\u011f\u00fc kad\u0131nlar\u0131n geli\u015ftirmesi gerekti\u011fine inan\u0131yoruz ve bunu ba\u015faraca\u011f\u0131z.<\/p>\n<p>Demirta\u015f: Bizde size kat\u0131l\u0131yoruz say\u0131n ba\u015fkan yan\u0131nday\u0131z.<\/p>\n<p>Y\u00fcksekda\u011f: Kat\u0131lmazsan\u0131z i\u015fimiz var.<\/p>\n<p>Demirta\u015f: Sadece birka\u00e7 erkek arkada\u015fta birka\u00e7 homurdanma oldu. \u0130n\u015fallah hep birlikte yeni ya\u015fama kavu\u015faca\u011f\u0131z.<br \/>\nBizler genciz. Zor ko\u015fullarda \u00e7al\u0131\u015fan okuyan ya\u015fam\u0131n d\u0131\u015f\u0131na itilen ama bunlara ra\u011fmen ya\u015fam\u0131 y\u00fcr\u00fcten, Gezi\u2019de yer alan Rojova\u2019da yer alan, gen\u00e7lerin m\u00fccadelesiyle b\u00fcy\u00fck insanl\u0131k \u00e7a\u011fr\u0131s\u0131 b\u00fcy\u00fcyor. Gen\u00e7lik politikalar\u0131n\u0131n gen<br \/>\nB\u00fct\u00e7esinin a\u011f\u0131rl\u0131kl\u0131 olarak spor harcamalar\u0131na ayr\u0131ld\u0131\u011f\u0131, gen\u00e7li\u011fin sporla \u00f6zde\u015fle\u015fti\u011fi, gen\u00e7lik ve spor bakanl\u0131\u011f\u0131 yerine do\u011frudan bir gen\u00e7lik bakanl\u0131\u011f\u0131 kuraca\u011f\u0131z.<br \/>\nCinsel y\u00f6nelim ve kimli\u011fiyle \u00f6zg\u00fcr ya\u015fam\u0131n \u00f6n\u00fcn\u00fc a\u00e7aca\u011f\u0131z. Gen\u00e7lerin karar almas\u0131 i\u00e7in \u00f6rg\u00fctlenmesi \u00f6n\u00fcndeki t\u00fcm engellemeleri kald\u0131raca\u011f\u0131z. 15-25 ya\u015f aras\u0131 istisnas\u0131z t\u00fcm gen\u00e7lere her ay 200 tl ileti\u015fim ve ula\u015f\u0131m deste\u011fi sa\u011flayacak gen\u00e7 ya\u015fam kart\u0131 uygulamas\u0131n\u0131 hayata ge\u00e7irece\u011fiz. 15-25 ya\u015f aras\u0131nda olan her gen\u00e7 ba\u015fka hi\u00e7bir sosyal s\u0131n\u0131fsal durumu sorgulanmadan yararlanabilecek. Hem ileti\u015fim, hem internet, hemde \u015fehir i\u00e7i ula\u015f\u0131mdan faydalanacak. B\u00fct\u00fcn m\u00fczelerden \u00fccretsiz faydalan\u0131p, sosyal etkinliklerden indirimli yararlanacak.<\/p>\n<!-- Error, Advert is not available at this time due to schedule\/geolocation restrictions! -->\n<p>Oy verme ya\u015f\u0131n\u0131, yani se\u00e7me ya\u015f\u0131n\u0131 16\u2019ya, se\u00e7ilme ya\u015f\u0131n\u0131 18\u2019e indirece\u011fiz. \u00d6zerk ve demokratik \u00fcniversiteyi bizler ger\u00e7ekle\u015ftirece\u011fiz. Cinsiyet e\u015fitlik\u00e7i engelsiz kamp\u00fcsler kuraca\u011f\u0131z. Paras\u0131z nitelikli \u00f6zg\u00fcrl\u00fck\u00e7\u00fc laik anadilinde e\u011fitimi savunan HDP olarak, adaletsiz s\u0131nav sistemini t\u00fcmden kald\u0131raca\u011f\u0131z. Her gencin okuldaki ba\u015far\u0131s\u0131na g\u00f6re tercih etti\u011fi okulda b\u00f6l\u00fcmde okumas\u0131n\u0131 sa\u011flayaca\u011f\u0131z. Y\u00d6K\u2019\u00fc t\u00fcmden kald\u0131raca\u011f\u0131z. Onun yerine \u00fcniversiteler aras\u0131 koordinasyonu ve bilgi al\u0131\u015fveri\u015fini sa\u011flayacak koordinasyon kurulu kuraca\u011f\u0131z. Burs ve katk\u0131 pay\u0131n\u0131n \u00f6\u011frencilere kar\u015f\u0131l\u0131ks\u0131z verilmesi, ikinci \u00f6\u011fretimdeki katk\u0131 paylar\u0131n\u0131n kald\u0131r\u0131lmas\u0131 i\u00e7in \u00f6zel bir b\u00fct\u00e7e ay\u0131raca\u011f\u0131z.<br \/>\nYurt \u00e7ama\u015f\u0131rhane spor salonu gibi ya\u015fam alanlar\u0131 gibi \u00fcniversitede ya\u015fayanlar herkes i\u00e7in \u00fccretsiz olacak. \u00dcniversite emek\u00e7ileri akademisyenler bunlardan \u00fccretsiz yararlanacak.<br \/>\nGen\u00e7lerin istihdam\u0131na y\u00f6nelik \u00e7\u00f6z\u00fcmler geli\u015ftirece\u011fiz. T\u00fcm gen\u00e7lerin sosyal g\u00fcvenceye kavu\u015fmas\u0131n\u0131 sa\u011flayacak. Sosyal sigorta primleri devlet taraf\u0131ndan kar\u015f\u0131lanmayan, \u00f6\u011frenci olmayani, 18 ya\u015f \u00fcst\u00fc gen\u00e7lerin b\u00fct\u00fcn sosyal g\u00fcvence masraflar\u0131 elbette ki bizler taraf\u0131ndan kar\u015f\u0131lanacak. Bilgiye eri\u015fimin \u00f6n\u00fcndeki engelleri kald\u0131raca\u011f\u0131z. Sans\u00fcrs\u00fcz, \u00fccretsiz ve \u00f6zg\u00fcr internet eri\u015fimini kent il\u00e7e merkezlerinde kamusal ara\u00e7larda, kamusal mekanlar\u0131n tamam\u0131nda \u00fccretsiz olarak sunaca\u011f\u0131z. Diledi\u011finiz yerde internetten faydalanabileceksiniz.<br \/>\nVicdani ret hakk\u0131n\u0131 anayasal bir g\u00fcvence olarak tan\u0131mlayaca\u011f\u0131z. Eline silah almak istemeyen, askerlik yapmak istemeyen, her gen\u00e7 bu haktan yararlanabilecek. Vicdani ret hakk\u0131n\u0131n yan\u0131 s\u0131ra, gen\u00e7ler istedikleri zaman dilimi i\u00e7erisinde askerlik yerine kamu hizmeti yapabilmelerini hayata ge\u00e7irece\u011fiz. Askerlik s\u00fcresince sizin belirleyece\u011finiz bir takvimde, kamusal g\u00f6n\u00fcll\u00fc hizmetle kamuya halka destek olman\u0131z sa\u011flanacak.<br \/>\nVe elbette ki her zaman tekrarlad\u0131\u011f\u0131m\u0131z \u015feyi b\u0131kmadan tekrarlamaya devam edece\u011fiz. Gen\u00e7lik ba\u015fa \u00e7\u0131k\u0131lacak de\u011fil ba\u015fa \u00e7\u0131kar\u0131lacak kesimdir.<\/p>\n<p>Y\u00fcksekda\u011f: Bizler g\u00f6kku\u015fa\u011f\u0131y\u0131z. Cinsel y\u00f6nelim ve cinsiyet kimli\u011fi eksenli ayr\u0131mc\u0131l\u0131k ve bask\u0131y\u0131 ortadna kald\u0131racak olan bizleriz. LGBT\u0130\u2019lerin e\u015fit onurlu ya\u015fam s\u00fcrd\u00fcrmelerini sa\u011flayaca\u011f\u0131z. tan\u0131nma sorununu ortadan kald\u0131racak, e\u015fit yurtta\u015fl\u0131\u011f\u0131 anayasal g\u00fcvence alt\u0131na alacak ad\u0131mlar ataca\u011f\u0131z. E\u011fitim sa\u011fl\u0131k istihdam gibi alanlar ba\u015fta olmak \u00fczere t\u00fcm yasal mevzuat\u0131 LGBT\u0130\u2019lerin e\u015fit yurtta\u015flar oldu\u011fu kabul\u00fc ve korunmas\u0131 ilkesiyle d\u00fczenleyerek sosyal e\u015fitsizlikleri giderece\u011fiz. Bizler homofobik zihniyete kar\u015f\u0131 renklerini de al gel diyoruz.<\/p>\n<p>G\u00f6kku\u015fa\u011f\u0131 renklerinin alt\u0131nda bulu\u015farak, g\u00f6kku\u015fa\u011f\u0131n\u0131n alt\u0131ndan ge\u00e7meyi ba\u015fararak yeni bir ya\u015fama ula\u015fabiliriz. LGBT\u0130\u2019lerin kendilerine dair s\u00f6z sahibi olduklar\u0131, idari ve siyasi karar mekanizmalar\u0131nda do\u011frudan temsil edilebildikleri yerel ve merkezi y\u00f6netim yap\u0131lanmalar\u0131 olu\u015fturaca\u011f\u0131z. Trans cinayetlerini ve insanl\u0131k d\u0131\u015f\u0131 vah\u015feti hep birlikte durduraca\u011f\u0131z. \u0130nsanl\u0131\u011f\u0131m\u0131za sahip \u00e7\u0131kaca\u011f\u0131z.<\/p>\n<p>Demirta\u015f: Bizler \u00e7ocu\u011fuz. \u0130nsanl\u0131\u011f\u0131n ilk \u015fart\u0131n\u0131n \u00e7ocuklar\u0131n mutlulu\u011fu oldu\u011funa inan\u0131yoruz. Dayakla so\u011fukla a\u00e7l\u0131kla yoksullukla b\u00fcy\u00fcyen \u00e7ocuklar\u0131n tuttu\u011fu gelecek aynas\u0131nda g\u00f6r\u00fcnen tek \u015fey zifiri karanl\u0131kt\u0131r. Bizler hemen her g\u00fcn \u00f6ld\u00fcr\u00fclen \u00e7ocuklar\u0131n yas\u0131yla ya\u015famak istemiyoruz art\u0131k. Yerellerde, \u00e7ocuk haklar\u0131 izleme komisyonlar\u0131 kuraca\u011f\u0131z. \u00c7ocuklarla ilgili yasala\u0131rn ve t\u00fcm yasalardaki \u00e7ocuklar\u0131 etkileyen maddelerin g\u00f6zden ge\u00e7irece\u011fiz. \u00c7ocuk yoksullu\u011funa son verece\u011fiz. Her mahallede g\u0131da bankas\u0131 kuraca\u011f\u0131z. Her \u00e7ocu\u011fa g\u0131da paketini ailelerimiz \u00fccretsiz \u015fekilde buradan temin edebilecek.<br \/>\n\u00c7ocuk i\u015f\u00e7ili\u011fini \u00e7ocuklar\u0131n \u00e7al\u0131\u015ft\u0131r\u0131lmas\u0131na asla izin vermeyece\u011fiz. \u00c7ocuklar\u0131m\u0131z sokaklarda ya\u015famak \u00e7al\u0131\u015fmak zorunda kalmayacak. Evde okulda sokakta \u00e7ocu\u011fa y\u00f6nelik \u015fiddet yasalarca yasaklanacak. \u00c7ocuk cezaevlerinin tamam\u0131n\u0131 kapataca\u011f\u0131z. Ve toplum taraf\u0131ndan su\u00e7a tiilmi\u015f \u00e7ocuklar a\u00e7\u0131s\u0131ndan, onlar hizmet edecek merkezler kuraca\u011f\u0131z.<br \/>\nBizler Berkin\u2019lerin U\u011fur\u2019lar\u0131n Ceylan\u2019lar\u0131n an\u0131s\u0131na sahip \u00e7\u0131kaca\u011f\u0131z.<\/p>\n<p>Y\u00fcksekda\u011f: Askeri sivil b\u00fcrokratik her t\u00fcrl\u00fc vesayete kat\u0131 merkeziyet\u00e7i yap\u0131lanmalara kar\u015f\u0131 demokratik reform s\u00fcrecini ba\u015flataca\u011f\u0131z. Bizler t\u00fcrkiye\u2019nin \u00e7ok kimlikli k\u00fclt\u00fcrl\u00fc dilli yap\u0131s\u0131na uygun, insanl\u0131k esasl\u0131 yeni bir anayasay\u0131 hep birlikte yapaca\u011f\u0131z. HDP\u2019nin \u00f6n g\u00f6rd\u00fc\u011f\u00fc anayasa din inan\u00e7 \u00f6zg\u00fcrl\u00fc\u011f\u00fc ile ekonomik sosyal k\u00fclt\u00fcrel b\u00fct\u00fcn temel hak ve \u00f6zg\u00fcrl\u00fcklerini g\u00fcvenceye kavu\u015fturan, ekolojik sivil bir anayasa olacak.<br \/>\nVali dahil b\u00fct\u00fcn yerel y\u00f6neticiler se\u00e7imle i\u015f ba\u015f\u0131na gelecek. Siyasi y\u00f6netime yerelden kat\u0131l\u0131m kanallar\u0131 b\u00f6yle bir d\u00fczenlemeyle sonuna kadar bizlere a\u00e7\u0131lacak. Art\u0131k bizler y\u00f6netilen de\u011fil kendi kendini y\u00f6neten olacak. Demokrasi kavram\u0131 ger\u00e7ek kar\u015f\u0131l\u0131\u011f\u0131na kavu\u015facak. E\u015f ba\u015fbakanl\u0131k sistemini hayata ge\u00e7irece\u011fiz. Yani arkada\u015flar, siyasi iktidar\u0131n ba\u015f\u0131na bir i\u015f daha a\u00e7aca\u011f\u0131z. Daha e\u015f genel ba\u015fkanl\u0131\u011f\u0131 hazmedemediler, biz e\u015f ba\u015fbakanl\u0131k ile bizden bekleneni yapaca\u011f\u0131z.<br \/>\nG\u00f6steri y\u00fcr\u00fcy\u00fc\u015f ifade hakk\u0131 ba\u015fta olmak \u00fczere temel hak ve \u00f6zg\u00fcrl\u00fcklerin \u00f6n\u00fcndeki engeller ve bask\u0131c\u0131 yasalar kald\u0131r\u0131lacak. Her t\u00fcrden i\u015fkence k\u00f6t\u00fc muamele ve insanl\u0131k su\u00e7\u0131u say\u0131lacak ve zaman a\u015f\u0131m\u0131 olmayacak. B\u00fcy\u00fck insanl\u0131k de\u011ferlerini y\u00fccelten b\u00fcy\u00fck insanl\u0131k hareketinin adaletle ve demokrasiyle tesis edilebilece\u011fine inananlar olarak biz b\u00fcy\u00fck bir demokratikle\u015fme hamlesinin \u00f6nc\u00fcs\u00fc olaca\u011f\u0131z.<br \/>\nBizlerin anayasas\u0131nda ba\u015fkanl\u0131k sistemi asla olmayacak. Bunu \u00e7ok s\u0131k s\u00f6yl\u00fcyoruz. Soranlar olur diye s\u00f6yledik. Hala fikrimiz de\u011fi\u015fmedi ve de\u011fi\u015fmeyecek. Bizler siyasi pasrtiler yasas\u0131n\u0131 demokratikle\u015ftirece\u011fiz. Se\u00e7im baraj\u0131n\u0131 kald\u0131raca\u011f\u0131z. Meclis\u2019te b\u00fct\u00fcn partilerin ald\u0131klar\u0131 oy oran\u0131nda temsil edilebilmesinin yolunu a\u00e7aca\u011f\u0131z. En demokratik temsil sistemi olan nisbi temsil sistemini getirece\u011fiz. Bizler baraj\u0131 a\u015fmak suretiyle yasalardan tamamen kald\u0131racak.<br \/>\nK\u00fcrt sorununun \u00e7\u00f6z\u00fcm\u00fcn\u00fc sa\u011flayaca\u011f\u0131z. hi\u00e7bir etnik kimli\u011finin d\u0131\u015flanmad\u0131\u011f\u0131 demokratik yerinden y\u00f6netim modelleri kuraca\u011f\u0131z. K\u00fcrt sorunu ve T\u00fcrkiye\u2019nin temel demokrasi sorunlar\u0131n\u0131n \u00e7\u00f6z\u00fcm\u00fc ad\u0131na ba\u015flayan s\u00fcrecin bir a\u015famas\u0131 olarak a\u00e7\u0131klanan Dolmabah\u00e7e mutabakat\u0131ndaki 10 maddeyi kabul ettik ve savunaca\u011f\u0131z.<\/p>\n<p>Ko\u015fullar ne olursa olsun silahs\u0131z \u00e7\u00f6z\u00fcm ve demokratik siyaseti savunaca\u011f\u0131z. B\u00fct\u00fcn halklar\u0131 bir arada ya\u015fama ko\u015fullar\u0131n\u0131 g\u00f6n\u00fcll\u00fc birlikteli\u011fini e\u015fitli\u011fe dayal\u0131 ya\u015fam\u0131n\u0131 ortak vatan\u0131m\u0131zda sa\u011flayaca\u011f\u0131z.<\/p>\n<p>Demirta\u015f: Adalet bakanl\u0131\u011f\u0131n\u0131n\u0131n HSYK \u00fczerindeki vesayetine son verece\u011fiz. \u0130ddia ve savunma makamlar\u0131n\u0131 e\u015fit hale getirece\u011fiz. Savc\u0131l\u0131k ve savc\u0131lar\u0131n \u00e7al\u0131\u015fma b\u00fcrolar\u0131n\u0131 adliye b\u00fcrolar\u0131 d\u0131\u015f\u0131nda olu\u015fturaca\u011f\u0131z. Savc\u0131l\u0131\u011fa ba\u011fl\u0131 adli kolluk te\u015fkilat\u0131 kuraca\u011f\u0131z. Zorunlu har\u00e7 uygulamas\u0131 kald\u0131r\u0131lacakt\u0131r. Herkese ana dilinde \u00fccretsiz yarg\u0131 hizmetis a\u011flayaca\u011f\u0131z.<br \/>\nCezaevlerinin tamam\u0131n\u0131 sivil denetime a\u00e7aca\u011f\u0131z. Sadece adalet bakanl\u0131\u011f\u0131n\u0131n denetimi yetmez. Cezaevlerini yeniden yap\u0131land\u0131raca\u011f\u0131z. \u0130nfaz yakma yetkisini t\u00fcmden kald\u0131raca\u011f\u0131z. Hasta tutsaklar\u0131n, derhal hemen HDP iktidara geldi\u011fi g\u00fcn serbest kalmas\u0131n\u0131 sa\u011flayaca\u011f\u0131z. insanlar\u0131m\u0131z\u0131n nefret s\u00f6ylemiyle damgalanmas\u0131na, su\u00e7 alg\u0131s\u0131 ve d\u00fc\u015fmanl\u0131k yarat\u0131lmas\u0131na kar\u015f\u0131 duracak, nefret su\u00e7lar\u0131 cezaland\u0131r\u0131lacak.<br \/>\nHi\u00e7 kimse politik g\u00f6r\u00fc\u015fleri ve eylemi nedeniyle su\u00e7lanmayacak. Politik su\u00e7lar su\u00e7 kategorisi olmaktan \u00e7\u0131kar\u0131lacak.<br \/>\nSoyk\u0131r\u0131mlar, katliamlar ve benzeri uygulamalar\u0131n ara\u015ft\u0131r\u0131lmas\u0131 amac\u0131yla hakikat komisyonlar\u0131 kuraca\u011f\u0131z.<br \/>\nGeri d\u00f6n\u00fc\u015fleri ba\u015flataca\u011f\u0131z. Zorla yerinden edinmeler nedeniyle devlet ve yerle\u015fik ki\u015filer taraf\u0131ndan i\u015fgal edilen t\u00fcm m\u00fclkler sahiplerine iade edilecek. K\u00f6ylerine d\u00f6nmek isteyenlere destek sa\u011flanacak.<br \/>\nKoruculuk sistemini kald\u0131raca\u011f\u0131z. Ba\u015fka alanlarda istihdam edilmelerini sa\u011flayaca\u011f\u0131z.<br \/>\n\u0130leti\u015fim ve bili\u015fim \u00f6zg\u00fcrl\u00fc\u011f\u00fcnde taviz vermeyece\u011fiz. Medya kurulu\u015flar\u0131 sahiplerinin ba\u015fka sekt\u00f6rlerde faaliyet g\u00f6stermelerine izin vermeyece\u011fiz. Sadece medya i\u015fiyle u\u011fra\u015facaklar. K\u00fclt\u00fcr ve sanat alan\u0131nda devlet bask\u0131s\u0131n\u0131 ortadan kald\u0131raca\u011f\u0131z. Devlet sanat\u00e7\u0131l\u0131\u011f\u0131 kurumunu kald\u0131raca\u011f\u0131z. K\u00fclt\u00fcr bakanl\u0131\u011f\u0131 ile \u00e7al\u0131\u015facak ve sanat\u00e7\u0131lar taraf\u0131ndan se\u00e7ilen sanat meclisi kuraca\u011f\u0131z.<br \/>\nSosyal medyada, a\u00e7\u0131k kaynak kodlu \u00f6zg\u00fcr yaz\u0131l\u0131m\u0131 destekleyece\u011fiz. \u00d6zg\u00fcrl\u00fc\u011fe hep birlikte bizler sahip \u00e7\u0131kaca\u011f\u0131z.<\/p>\n<p>Y\u00fcksekda\u011f: Din mezhep ayr\u0131m\u0131 yapmaks\u0131z\u0131n t\u00fcm halklar\u0131n kendilerini \u00f6zg\u00fcrce ifade etme haklar\u0131n\u0131 g\u00fcvence alt\u0131na alaca\u011f\u0131z. Bizler \u00f6zg\u00fcrl\u00fck\u00e7\u00fc laiklik anlay\u0131\u015f\u0131n\u0131 ya\u015fama ge\u00e7irece\u011fiz. Zorunlu din dersi uygulamas\u0131na son verece\u011fiz. Din dersleri se\u00e7meli ve iste\u011fe ba\u011fl\u0131u olacak. Alevi \u00e7ocuklar\u0131n\u0131n ve farkl\u0131 inan\u00e7tan \u00f6\u011frencilerinin, zorunlu din dersi politikas\u0131yla dayatmaya u\u011framas\u0131na ve inanc\u0131 onurunun b\u00f6yle m\u00fcdahaleyle kar\u015f\u0131 kar\u015f\u0131ya kalmas\u0131na izin vermeyece\u011fiz.<\/p>\n<p>Diyanet i\u015fleri ba\u015fkanl\u0131\u011f\u0131 kald\u0131r\u0131lacak, devletin din ve inan\u00e7 alan\u0131ndan elini \u00e7ekmesi sa\u011flanacak.<\/p>\n<p>Demirta\u015f: Diyanet i\u015fleri ba\u015fkan\u0131n\u0131n makam arac\u0131n\u0131 ne yapaca\u011f\u0131z, onu konu\u015fmad\u0131k?<\/p>\n<p>Y\u00fcksekda\u011f: Cem evine ba\u011f\u0131\u015flayaca\u011f\u0131z.<\/p>\n<p>Devlet insanlar\u0131n inanc\u0131yla y\u00fcre\u011fiyle ilgili bir alanda d\u00fczenleyici bir bask\u0131 ayg\u0131t\u0131 olmaktan \u00e7\u0131kar\u0131lacak.<\/p>\n<p>E\u015fitlik ilkesi \u00e7er\u00e7evesinde ibadet mekanlar\u0131n\u0131n tamam\u0131na kamusal destek sunulacak. Bu konuda yerel y\u00f6netimlere yetki ve g\u00f6rev verilecek.<\/p>\n<p>Halklara yap\u0131lan soyk\u0131r\u0131m kar\u015f\u0131s\u0131nda halklardan devlet ad\u0131na \u00f6z\u00fcr dilenecek. Devlet taraf\u0131ndan el konulmu\u015f vak\u0131f mallar\u0131 iade edilecek, maddi zararlar tazmin edilecek.<\/p>\n<p>Tercih edilen k\u0131l\u0131k ve k\u0131yafete hi\u00e7bir alanda m\u00fcdahale edilmeyecek. Bir halk\u0131n dinin yada mezhebin di\u011ferine \u00fcst\u00fcnl\u00fc\u011f\u00fcn\u00fc dayatan \u0131rk\u00e7\u0131 milliyet\u00e7i politikalar\u0131 bizler hepimiz bitirece\u011fiz. T\u00fcm kimlik ve k\u00fclt\u00fcrlerin korunmas\u0131 i\u00e7in \u00e7al\u0131\u015faca\u011f\u0131z.<\/p>\n<p>Demirta\u015f: Bar\u0131\u015f\u00e7\u0131l bir d\u0131\u015f politika m\u00fcmk\u00fcnd\u00fcr diyoruz. Ortado\u011fu\u2019da halklar aras\u0131ndaki ekonomik sosyal k\u00fclt\u00fcrel ba\u011flar\u0131n g\u00fc\u00e7lendirilmesini sa\u011flayaca\u011f\u0131z. suriyedeki i\u00e7 sava\u015f\u0131n sona erdirilmesi, \u00e7\u00f6z\u00fcm\u00fcn ortaya \u00e7\u0131kar\u0131lmas\u0131 i\u00e7in \u00e7aba harcayaca\u011f\u0131z. Her yerde b\u00fcy\u00fck insanl\u0131k her yerde bar\u0131\u015f olacak. \u0130srail h\u00fck\u00fcmetlerinin katliamc\u0131 politikalar\u0131na kar\u015f\u0131 duraca\u011f\u0131z. Mazlum filistin halk\u0131n\u0131n ba\u011f\u0131ms\u0131zl\u0131\u011f\u0131 i\u00e7in her t\u00fcrl\u00fc deste\u011fi verece\u011fiz.<\/p>\n<!-- Error, Advert is not available at this time due to schedule\/geolocation restrictions! -->\n<p>K\u0131br\u0131sl\u0131 rum ve t\u00fcrk halklar\u0131n\u0131n adan\u0131n b\u00f6l\u00fcnm\u00fc\u015fl\u00fc\u011f\u00fcne son vermek i\u00e7in \u00e7\u00f6z\u00fcm \u00f6nerilerini destekleyece\u011fiz. Ermenistan \u00fczerinde uygulanan ekonomik ambargoyu kald\u0131racak ermeni halk\u0131yla dostluk k\u00f6pr\u00fclerini kuraca\u011f\u0131z.<\/p>\n<p>T\u00fcrkiye taraf\u0131ndan tek tarafl\u0131 kapat\u0131lan T\u00fcrkiye Ermenistan s\u0131n\u0131r\u0131 ko\u015fulsuz olarak a\u00e7\u0131lacakt\u0131r. Karaba\u011f sorununda \u00e7\u00f6z\u00fcm \u00e7abalar\u0131n\u0131 destekleyece\u011fiz. AB ile tam \u00fcyelik \u00e7al\u0131\u015fmalar\u0131n\u0131 ele alaca\u011f\u0131z. D\u00fcnya genelinde insan ticareti, kad\u0131n \u00e7ocuk s\u00f6m\u00fcr\u00fc\u015f, g\u00f6\u00e7menlik sorunlar\u0131, uyu\u015fturucu ticareti, yabanc\u0131 d\u00fc\u015fmanl\u0131\u011f\u0131, sorunlara y\u00f6nelik \u00e7\u00f6z\u00fcmlerin geli\u015ftirilmesi amac\u0131yla i\u015f birliklerini ba\u015flataca\u011f\u0131z.<\/p>\n<p>Sadece devletlerle de\u011fil d\u00fcnya halklar\u0131yla ili\u015fkiler geli\u015ftirmek i\u00e7in biz geliyoruz.<\/p>\n<p>Y\u00fcksekda\u011f: Bizler do\u011fan\u0131n koruyucusuyuz. Kapitalizme kar\u015f\u0131 t\u00fcm canl\u0131lar\u0131n ya\u015fam hakk\u0131n\u0131 koruyaca\u011f\u0131z. N\u00fckleer enerji yat\u0131r\u0131mlar\u0131n\u0131 durduraca\u011f\u0131z. Siyasi iktidar\u0131n bir taraftan her yerde barajlar HES\u2019ler ve n\u00fckleer santral a\u00e7\u0131l\u0131\u015flar\u0131 yaparken, bu ya\u015fanan elektrik kesintilerini neyle izah ettiklerini merak ediyoruz. HES termik n\u00fckleer gibi enerji projelerine, maden i\u015fletmecili\u011fine, end\u00fcstriyel at\u0131k sonucunda ya\u015fam alanlar\u0131n\u0131n tahribat\u0131na son verece\u011fiz.<\/p>\n<p>Enerjinin yerel halk i\u00e7in yenilenebilir enerjiye son verece\u011fiz. Kentsel d\u00f6n\u00fc\u015f\u00fcmlerine kar\u015f\u0131 yerinde d\u00f6n\u00fc\u015f\u00fcm projelerini destekleyece\u011fiz. Ortak ya\u015fam alanlar\u0131n\u0131n gasb\u0131n\u0131, su at\u0131k su kat\u0131 at\u0131k gibi \u00e7evresel hizmetlerin \u00f6zelle\u015ftirilmesini \u00f6nleyece\u011fiz. Bizler tar\u0131m alanlar\u0131n\u0131n ormanlar\u0131n meralar\u0131n k\u0131y\u0131lar\u0131n ya\u011fmalanmas\u0131na izin vermeyece\u011fiz.<\/p>\n<p>Su kullan\u0131m hakk\u0131 anla\u015fmalar\u0131n\u0131 ekolojik dengelerin y\u0131k\u0131m\u0131na yol a\u00e7abilecek t\u00fcm projeleri iptal edece\u011fiz. Bizler t\u00fcm canl\u0131lar\u0131n ya\u015fam hakk\u0131n\u0131 savunuyoruz. Bizlerin kuraca\u011f\u0131 ya\u015famda hayvanlar\u0131n ticari ama\u00e7l\u0131 deneylerde sirk ve sokak tan\u0131t\u0131mlar\u0131nda kullan\u0131lmas\u0131 engellenecek. Bizler gelecek ku\u015faklar i\u00e7in \u00e7ocuklar\u0131m\u0131zdan \u00f6d\u00fcn\u00e7 ald\u0131\u011f\u0131m\u0131z do\u011fay\u0131 savunmak i\u00e7in hep birlikte m\u00fccadele edece\u011fiz.<\/p>\n<p>Demirta\u015f: Bizler g\u00fcvenceli ya\u015fam ekonomisini kuracak olanlar\u0131z. Temel g\u00fcvence paketiyle her eve ayda 10 metrek\u00fcp su, 180 kilovat saat elektrik \u00fccretsiz verilecek. B\u00fct\u00fcn yoksul ailelere \u0131s\u0131nma deste\u011fi, m\u00fclk\u00fc olmayan kirac\u0131lara ayl\u0131k 250 tl kirac\u0131 deste\u011fi sa\u011flayaca\u011f\u0131z. 18 ya\u015f\u0131na kadar olan b\u00fct\u00fcn \u00e7ocuklar ve gen\u00e7lere engellilerin tamam\u0131na bakmaks\u0131z\u0131n, emeklinin tamam\u0131na toplu ta\u015f\u0131ma her yerde \u00fccretsiz olacak.<\/p>\n<p>Kamusal toplu ta\u015f\u0131ma \u00fclke genelinde kar amac\u0131 g\u00fctmeyecek \u015fekilde yayg\u0131n hizmet olarak sa\u011flanacakt\u0131r.<\/p>\n<p>Hi\u00e7bir yurtta\u015f evsiz a\u00e7 b\u0131rak\u0131lmayacak. \u0130\u015fsizlik fonu amac\u0131na uygun \u015fekilde kullan\u0131lacak. Asgari \u00fccret 1800 tl\u2019ye \u00e7\u0131kar\u0131lacak. 1800 tl asgari \u00fccret, D\u0130SK\u2019in 4 ki\u015filik bir aile i\u00e7in belirledi\u011fi 3600 tl\u2019nin yar\u0131s\u0131d\u0131r. Her asgari \u00fccretli en az 1800 tl net olarak vergiden ar\u0131nd\u0131r\u0131lm\u0131\u015f \u015fekilde cebine koyabilecek. Az kazanandan az, \u00e7ok kazanandan \u00e7ok vergi al\u0131nacak. \u00c7al\u0131\u015fanlar\u0131n ve emek\u00e7ilerin \u00fczerindeki vergi y\u00fck\u00fcn\u00fc azaltaca\u011f\u0131z. Kredi kart\u0131 bor\u00e7lar\u0131n\u0131 yeniden yap\u0131land\u0131raca\u011f\u0131z. Kredi kart\u0131 faiz oranlar\u0131n\u0131 d\u00fc\u015f\u00fcrece\u011fiz.<\/p>\n<p>Savunma ve g\u00fcvenlik harcamalar\u0131n\u0131 azaltacak ve halk\u0131n denetimine a\u00e7aca\u011f\u0131z. Kamu ihalelerini \u015feffaf \u015fekilde tutaca\u011f\u0131z. Yolsuzluk ekonomisini durdurarak yoksullu\u011fu bitirece\u011fiz. \u00d6rt\u00fcl\u00fc \u00f6dene\u011fi tamamen kald\u0131raca\u011f\u0131z, hi\u00e7 kimse almayacak. Bitme noktas\u0131na getirilen tar\u0131m\u0131 yeniden aya\u011fa kald\u0131raca\u011f\u0131z. K\u00f6yleleri canl\u0131 birer ya\u015fam ve \u00fcretim merkezi haline getirece\u011fiz.<\/p>\n<p>Tar\u0131m i\u015f\u00e7ilerinin tamam\u0131 i\u015f yasas\u0131 ve sosyal g\u00fcvence alt\u0131na al\u0131nacak. Su ve elektrik k\u00fc\u00e7\u00fck \u00fcreticilere \u00fccretsiz olarak verilecek. \u00dcretici k\u00fc\u00e7\u00fck k\u00f6yl\u00fclerin \u015fu ana kadar birikmi\u015f elektrik bor\u00e7lar\u0131n\u0131 silece\u011fiz. Mazottan vergi almayaca\u011f\u0131z. GDO\u2019yu t\u00fcmden yasaklaca\u011f\u0131z.<\/p>\n<p>2B orman arazilerinin ranta a\u00e7\u0131lma s\u00fcrecine son verece\u011fiz. 2B orman arazilerinin tar\u0131m i\u00e7in kullan\u0131lmas\u0131i\u00e7in \u00e7ift\u00e7ilere da\u011f\u0131t\u0131lmas\u0131n\u0131 sa\u011flayaca\u011f\u0131z.<\/p>\n<p>Kent meydanlar\u0131n\u0131 parklar\u0131n\u0131 k\u0131y\u0131lar\u0131 koruyaca\u011f\u0131z. Hi\u00e7bir \u00e7\u0131lg\u0131n projeye izin vermeyece\u011fiz. Esnaflar \u00fczerindeki vergi y\u00fck\u00fcn\u00fc azaltaca\u011f\u0131z. Bor\u00e7lar\u0131n\u0131 esnaflar\u0131m\u0131z lehine yap\u0131land\u0131raca\u011f\u0131z. \u015eehir merkezlerine yeni AVM a\u00e7\u0131lmas\u0131na izin ve ruhsat vermeyece\u011fiz.<\/p>\n<p>KOB\u0130\u2019lere sekt\u00f6rel planlama \u00e7er\u00e7evesinde s\u0131f\u0131r faizli finansman deste\u011fi sa\u011flayaca\u011f\u0131z. haks\u0131z rekabete kar\u015f\u0131 koruyacak \u00f6nlemler alaca\u011f\u0131z. T\u00fcm te\u015fvik sistemini, istihdam art\u0131\u015f\u0131n\u0131 ger\u00e7ekle\u015ftirecek \u015fekilde planlayaca\u011f\u0131z.<\/p>\n<p>Y\u00fcksekda\u011f: Bizler i\u015f\u00e7iyiz. Ta\u015feronluk sistemini kademeli olarak ortadan kald\u0131raca\u011f\u0131z. Kamuda ta\u015feron \u00e7al\u0131\u015fanlar, kadrolu hale getirilecek. Ta\u015feron \u00e7al\u0131\u015f\u0131lan d\u00f6neme ait olan k\u0131dem tazminatlar\u0131 \u00f6denecek. \u00d6zel sekt\u00f6rde ise, \u00e7al\u0131\u015fana kar\u015f\u0131 e\u015fit ve ayn\u0131 derecede sorumlu tutulacak. \u00d6zel istihdam b\u00fcrolar\u0131n\u0131, kiral\u0131k i\u015f\u00e7i uygulamalar\u0131n\u0131 ortadan kald\u0131raca\u011f\u0131z.<br \/>\nMadenlerde cinayetleri bizler durduraca\u011f\u0131z. \u0130\u015f\u00e7inin ya\u015fam\u0131n\u0131 bizler koruyaca\u011f\u0131z. \u0130nsanl\u0131\u011f\u0131n sorgulat\u0131ld\u0131\u011f\u0131 ve sermaye odakl\u0131 egemen siyaset taraf\u0131ndan insanl\u0131\u011f\u0131n ayaklar alt\u0131na do\u011fru \u00e7ekildi\u011fi b\u00f6yle bir katliamc\u0131, k\u0131y\u0131c\u0131 d\u00fczeni ortadan kald\u0131raca\u011f\u0131z. Madenlerde g\u00fcvenli \u00fcretim ko\u015fullar\u0131 sa\u011flanana kadar \u00fcretimi durduraca\u011f\u0131z. \u00dccretlerin i\u015f veren taraf\u0131ndan \u00f6denmesi garanti alt\u0131na al\u0131nacak. \u00d6zelle\u015ftirme r\u00f6dovans uygulamas\u0131na derhal son verecek. Can k\u0131yan mekanizmalar\u0131 durduraca\u011f\u0131z. \u015eu anda s\u00fcren cezas\u0131zl\u0131k politikas\u0131na son verilecek. Cinayetten yarg\u0131lanmalar\u0131 sa\u011flanacak. Soma mahkemesinde oldu\u011fu gibi manzaralar bizler iktidara geldi\u011finde asla olmayacak.<br \/>\nKamu emek\u00e7ilerine, toplu s\u00f6zle\u015fme hakk\u0131 verilecek. Hak kay\u0131plar\u0131 telafi edilecek. Kamu hizmetlerinin tamam\u0131nda kadrolu politikalar uygulanacak.<\/p>\n<!-- Error, Advert is not available at this time due to schedule\/geolocation restrictions! -->\n<p>Resmi \u00e7al\u0131\u015fma s\u00fcresi 35 saate d\u00fc\u015f\u00fcr\u00fclecek. Hak grevi, dayan\u0131\u015fma grevi, i\u015f yava\u015flatma gibi temel hak arama bi\u00e7imleri yasal g\u00fcvence alt\u0131na al\u0131nacak. Bizler h\u00fck\u00fcmetin grev erteleme yetkisini kald\u0131racak, grev ertelemenin yolunu yine bizler kapataca\u011f\u0131z. \u0130\u015f\u00e7i sa\u011fl\u0131\u011f\u0131 ve i\u015f g\u00fcvenli\u011finin esas denetleyicisi, \u00e7al\u0131\u015fanlar ve \u00f6z \u00f6rg\u00fct\u00fc sendikalar olacak. Kuzu kurda teslim edilmeyecek.<br \/>\nMevsimlik tar\u0131m i\u015f\u00e7ilerinin \u00f6rg\u00fctlenme \u00f6zg\u00fcrl\u00fc\u011f\u00fc garanti alt\u0131na al\u0131nacak. Arac\u0131l\u0131k uygulamas\u0131na son verilecek. G\u00f6\u00e7men i\u015f\u00e7ilere uygulanan ayr\u0131mc\u0131 politika ve yakla\u015f\u0131mlara da bizler son verece\u011fiz. Bizler eme\u011fin hakk\u0131n\u0131 veren \u00f6zg\u00fcrce ya\u015fam istiyoruz. Bizler halklar\u0131n karde\u015fli\u011fi i\u00e7in 1 May\u0131s\u2019a y\u00fcr\u00fcyoruz.<\/p>\n<p>Demirta\u015f: Dar gelirliyiz bizler, emekliyiz, engelliyiz. Ama bizler insan\u0131z. Bizler sosyal yard\u0131m de\u011fil, sosyal hak diyoruz. sosyal yard\u0131mlar\u0131n oran\u0131n\u0131 mevcut olan 1,4\u2019ten y\u00fczde 3\u2019e y\u00fckseltece\u011fiz. Bu rakam AB ortalamas\u0131n\u0131n \u00fcst\u00fcndeki bir rakamd\u0131r. G\u00fcvenli konutlar \u00fcreterek her yurtta\u015f\u0131n bar\u0131nma hakk\u0131n\u0131 g\u00fcvence alt\u0131na alaca\u011f\u0131z. En d\u00fc\u015f\u00fck emekli maa\u015f\u0131n\u0131 1800 tl\u2019ye \u00e7\u0131karaca\u011f\u0131z. Emekliler i\u00e7in ger\u00e7ek anlamda intibak yasas\u0131 \u00e7\u0131karaca\u011f\u0131z. Sendikal \u00f6rg\u00fctlenme \u00f6zg\u00fcrl\u00fc\u011f\u00fc tan\u0131yaca\u011f\u0131z. \u00c7al\u0131\u015fan emekliden prim kesilmeyecek. T\u00fcm ya\u015fl\u0131 ve engelleri sosyal g\u00fcvenceye kavu\u015fturacak, sa\u011fl\u0131k \u00fccretlerini kar\u015f\u0131layaca\u011f\u0131z. Engelli \u00f6rg\u00fctlerinden olu\u015facak bir konseyin \u00f6nerisiyle \u00e7al\u0131\u015facak, Engelleri kald\u0131rma bakanl\u0131\u011f\u0131 kuraca\u011f\u0131z.<br \/>\n\u0130\u015f yerlerinde engelli kontenjanlar\u0131 art\u0131r\u0131lacak ve h\u0131zla doldurulacak.<br \/>\nE\u011fitim konusunda da devrim yapmaya talibiz. E\u011fitim \u00fccretsiz olacak. Velilerin asla para \u00f6dememesi sa\u011flanacak. E\u011fitim m\u00fcfredat\u0131n\u0131, tek\u00e7i, cinsiyet\u00e7i ve \u015foven i\u00e7erikten ar\u0131nd\u0131raca\u011f\u0131z. E\u011fitim sistemini ana dili temelinde \u00e7ok dilli hale getirece\u011fiz. Bug\u00fcn okullar\u0131 ve \u00e7ocuklar\u0131m\u0131z\u0131 birbirinden ayr\u0131\u015ft\u0131ran 4+4+4 uygulamas\u0131na son verece\u011fiz.<br \/>\nYeteri kadar yeni derslik in\u015fa ederek, sabah\u00e7\u0131 ve \u00f6\u011flenci uygulamas\u0131na son verece\u011fiz. Her \u00f6\u011flen b\u00fct\u00fcn \u00e7ocuklar\u0131m\u0131za \u00fccretsiz yemek imkan\u0131 sunaca\u011f\u0131z. E\u011fitim sistemini en ba\u015ftan ba\u015flayarak, yeniden yap\u0131land\u0131raca\u011f\u0131z. Atamas\u0131 yap\u0131lmayan t\u00fcm \u00f6\u011fretmenlerin atamas\u0131n\u0131 hemen ger\u00e7ekle\u015ftirece\u011fiz. \u0130nsanl\u0131k onurunu zedeleyen \u00fccretli \u00f6\u011fretmenlik uygulamas\u0131 la\u011fvedilecek. E\u011fitim emek\u00e7ilerinin insanca mesle\u011fe yak\u0131\u015f\u0131r bir \u00fccret almalar\u0131 sa\u011flanacak.<br \/>\nT\u00fcm yurtta\u015flar\u0131n ya\u015fad\u0131\u011f\u0131 yerde e\u015fit paras\u0131z sa\u011fl\u0131k hizmetlerinden yararlanmas\u0131n\u0131 sa\u011flamak m\u00fcmk\u00fcnd\u00fcr. Sa\u011fl\u0131k hizmetlerinin planlanmas\u0131 s\u00fcre\u00e7lerinin t\u00fcm\u00fc i\u00e7in halk\u0131n ve sa\u011fl\u0131k emek\u00e7ilerinin kat\u0131laca\u011f\u0131 bir sistem olu\u015fturaca\u011f\u0131z. Prim, d\u00f6ner sermayeye son verece\u011fiz. \u0130lave \u00fccret, katk\u0131 kat\u0131l\u0131m her t\u00fcrl\u00fc cepten \u00f6demeleri kald\u0131raca\u011f\u0131z. Hi\u00e7bir insan\u0131n sosyal haklardan mahrum kalmad\u0131\u011f\u0131 bir d\u00fczeni bizler kuraca\u011f\u0131z. Bu nedenle herkesi HDP\u2019ye evet demeye ve hep birlikte Meclis\u2019e \u00e7a\u011f\u0131r\u0131yoruz.<br \/>\nY\u00fcksekda\u011f: Bu, b\u00fcy\u00fck insanl\u0131\u011f\u0131 aya\u011fa dikmek i\u00e7in yap\u0131lm\u0131\u015f bir \u00e7a\u011fr\u0131. Bizleri s\u00f6m\u00fcr\u00fc alt\u0131nda tutanlara kar\u015f\u0131 birle\u015fme \u00e7a\u011fr\u0131s\u0131. Bu \u00e7a\u011fr\u0131 kobani&#8217;de aya\u011fa dikilen insanl\u0131\u011f\u0131n \u00e7a\u011fr\u0131s\u0131. Bu \u00e7a\u011fr\u0131 diyadin&#8217;de yaral\u0131 askerlere g\u00f6\u011fs\u00fcn\u00fc siper eden halk\u0131m\u0131z\u0131n \u00e7a\u011fr\u0131s\u0131. Bar\u0131\u015f i\u00e7in e\u015fitlik ve \u00f6zg\u00fcrl\u00fck i\u00e7in can alan de\u011fil can verenlerin \u00e7a\u011fr\u0131s\u0131. Bu \u00e7a\u011fr\u0131 Gezi&#8217;de omuz omuza veren, karde\u015fli\u011fi e\u015fitli\u011fi \u00f6zg\u00fcrl\u00fc\u011f\u00fc onuru yani bir b\u00fct\u00fcn olarak insanl\u0131\u011f\u0131m\u0131z\u0131 yeniden aya\u011fa dikenlerin \u00e7a\u011fr\u0131s\u0131. bu \u00e7a\u011fr\u0131 daha ba\u015flang\u0131\u00e7.<br \/>\nDemirta\u015f: E\u011fer halk\u0131m\u0131z \u00f6n\u00fcm\u00fczdeki 45 g\u00fcn boyunca b\u00fct\u00fcn detaylar\u0131yla birer birer anlataca\u011f\u0131m\u0131z bu programa onay verirse, HDP&#8217;yi Meclis&#8217;e ta\u015f\u0131rsa, denizin alt\u0131nda adeta nefessiz kalm\u0131\u015f olanlar i\u015fte o g\u00fcn denizin \u00fcst\u00fcne \u00e7\u0131km\u0131\u015f rahat bir nefes alm\u0131\u015f olacaklar.<br \/>\nHDP&#8217;nin bu programla birlikte g\u00fc\u00e7l\u00fc \u015fekilde yer ald\u0131\u011f\u0131 meclis&#8217;te tek adaml\u0131k yoktur, sultanl\u0131k yoktur, ba\u015fkanl\u0131k yoktur, herkes \u00f6zg\u00fcrce kendi \u00fclkesinde vatan\u0131nda y\u00f6netimin karar sahibidir.<br \/>\nHDP Meclis&#8217;e girmi\u015fse, gri ve siyah bir meclis de\u011fil, rengarenk bir \u00e7i\u00e7ek bah\u00e7esi vard\u0131r art\u0131k. Bu \u00e7i\u00e7ek bah\u00e7esine bir tohum da siz at\u0131n.<\/p>\n<p>Bildirgenin 12 ba\u015fl\u0131\u011f\u0131:<\/p>\n<p>1. B\u0130Z\u2019LER KADINIZ<br \/>\n2. B\u0130Z\u2019LER GENC\u0130Z<br \/>\n3. B\u0130Z\u2019LER G\u00d6KKU\u015eA\u011eIYIZ<br \/>\n4. B\u0130Z\u2019LER \u00c7OCU\u011eUZ<br \/>\n5. B\u0130Z\u2019LER DEMOKRAS\u0130YE \u0130NANANLARIZ<br \/>\n6. B\u0130Z\u2019LER \u0130NSAN HAKLARI SAVUNUCULARIYIZ<br \/>\n7. B\u0130Z\u2019LER HER K\u0130ML\u0130KTEN\u0130Z<br \/>\n8. B\u0130Z\u2019LER \u00d6ZG\u00dcR D\u00dcNYAYI SAVUNANLARIZ<br \/>\n9. B\u0130Z\u2019LER DO\u011eANIN KORUYUCUSUYUZ<br \/>\n10. B\u0130ZLER G\u00dcVENCEL\u0130 YA\u015eAM EKONOM\u0130S\u0130N\u0130 KURACAK OLANLARIZ<br \/>\n11. B\u0130Z\u2019LER \u0130\u015e\u00c7\u0130Y\u0130Z, EMEK\u00c7\u0130Y\u0130Z<br \/>\n12. B\u0130Z\u2019LER SOSYAL HAKLARIN G\u00dcVENCES\u0130Y\u0130Z<\/p>\n<!-- Error, Advert is not available at this time due to schedule\/geolocation restrictions! -->\n","protected":false},"excerpt":{"rendered":"<p>HDP&#8217;nin se\u00e7im bildirgesi E\u015f Genel Ba\u015fkanlar Selahattin Demirta\u015f ve Figen Y\u00fcksekda\u011f taraf\u0131ndan birlikte a\u00e7\u0131kland\u0131. Demirta\u015f ve Y\u00fcksekda\u011f aralarda birbirleriyle at\u0131\u015farak programlar\u0131n\u0131 a\u00e7\u0131klad\u0131.<\/p>\n","protected":false},"author":4,"featured_media":210298,"comment_status":"open","ping_status":"open","sticky":false,"template":"","format":"standard","meta":{"_acf_changed":false,"footnotes":""},"categories":[6155,5005,6202,349,6805],"tags":[171922,146668,11093,188633],"class_list":["post-210296","post","type-post","status-publish","format-standard","has-post-thumbnail","hentry","category-gundem","category-manset","category-politika","category-son-dakika","category-turkiye","tag-figen-yuksekdag","tag-hdp","tag-selahattin-demirtas","tag-selahattin-demirtas-figen-yuksekdag"],"acf":[],"_links":{"self":[{"href":"https:\/\/www.nationalturk.com\/tr\/wp-json\/wp\/v2\/posts\/210296","targetHints":{"allow":["GET"]}}],"collection":[{"href":"https:\/\/www.nationalturk.com\/tr\/wp-json\/wp\/v2\/posts"}],"about":[{"href":"https:\/\/www.nationalturk.com\/tr\/wp-json\/wp\/v2\/types\/post"}],"author":[{"embeddable":true,"href":"https:\/\/www.nationalturk.com\/tr\/wp-json\/wp\/v2\/users\/4"}],"replies":[{"embeddable":true,"href":"https:\/\/www.nationalturk.com\/tr\/wp-json\/wp\/v2\/comments?post=210296"}],"version-history":[{"count":0,"href":"https:\/\/www.nationalturk.com\/tr\/wp-json\/wp\/v2\/posts\/210296\/revisions"}],"wp:featuredmedia":[{"embeddable":true,"href":"https:\/\/www.nationalturk.com\/tr\/wp-json\/wp\/v2\/media\/210298"}],"wp:attachment":[{"href":"https:\/\/www.nationalturk.com\/tr\/wp-json\/wp\/v2\/media?parent=210296"}],"wp:term":[{"taxonomy":"category","embeddable":true,"href":"https:\/\/www.nationalturk.com\/tr\/wp-json\/wp\/v2\/categories?post=210296"},{"taxonomy":"post_tag","embeddable":true,"href":"https:\/\/www.nationalturk.com\/tr\/wp-json\/wp\/v2\/tags?post=210296"}],"curies":[{"name":"wp","href":"https:\/\/api.w.org\/{rel}","templated":true}]}}