{"id":210300,"date":"2015-04-21T15:49:02","date_gmt":"2015-04-21T12:49:02","guid":{"rendered":"http:\/\/www.nationalturk.com\/?p=210300"},"modified":"2015-04-21T15:49:02","modified_gmt":"2015-04-21T12:49:02","slug":"akpli-erdem-bakanlara-ozel-ucak-istedigini-kabul-etti-210300","status":"publish","type":"post","link":"https:\/\/www.nationalturk.com\/tr\/akpli-erdem-bakanlara-ozel-ucak-istedigini-kabul-etti-210300\/","title":{"rendered":"AKP&#8217;li Erdem bakanlara \u00f6zel u\u00e7ak istedi\u011fini kabul etti"},"content":{"rendered":"<p><img loading=\"lazy\" decoding=\"async\" class=\"alignnone size-large wp-image-210301\" src=\"http:\/\/www.nationalturk.com\/tr\/wp-content\/uploads\/2015\/04\/ekrem_erdem-594x360.jpg\" alt=\"Ekrem Erdem\" width=\"610\" height=\"390\" title=\"\"><\/p>\n<h1>AKP Genel Ba\u015fkan Yard\u0131mc\u0131s\u0131 Ekrem Erdem, &#8220;Bakanlar\u0131n da \u00f6zel u\u00e7a\u011f\u0131 olacak&#8221; ba\u015fl\u0131klar\u0131yla yer verilen haberler hakk\u0131nda &#8220;B\u00f6yle verilmi\u015f bir karar yok. Bu bir temennidir, dilektir, bir bak\u0131ma gelece\u011fin T\u00fcrkiyesi \u00fczerine kurdu\u011fumuz bir hayaldir&#8221;\u00a0dedi.<\/h1>\n<p>Se\u00e7im \u00e7al\u0131\u015fmalar\u0131 kapsam\u0131nda partisinin Sanayi Mahallesi \u0130rtibat B\u00fcrosu&#8217;nun a\u00e7\u0131l\u0131\u015f\u0131na kat\u0131lan Erdem, baz\u0131 gazetelerde yer alan haberlere ili\u015fkin AA muhabirine a\u00e7\u0131klamalarda bulundu.<\/p>\n<p>Erdem, d\u00fcn Fatih&#8217;te Dervi\u015f Ali Mahallesi&#8217;ndeki AK Parti irtibat b\u00fcrosu a\u00e7\u0131l\u0131\u015f\u0131nda yapt\u0131\u011f\u0131 konu\u015fmada T\u00fcrkiye&#8217;nin b\u00fcy\u00fcmesinden, geli\u015fmesinden bahsetti\u011fini, bu b\u00fcy\u00fcmenin nas\u0131l sa\u011fland\u0131\u011f\u0131n\u0131 anlatt\u0131\u011f\u0131n\u0131 s\u00f6yledi.<\/p>\n<p>Bu konu\u015fmada, T\u00fcrkiye&#8217;nin daha dinamik bir \u015fekilde b\u00fcy\u00fcmesinde cumhurba\u015fkan\u0131 ve ba\u015fbakan\u0131n yurt d\u0131\u015f\u0131 temaslar\u0131n\u0131n katk\u0131s\u0131n\u0131 g\u00fcndeme getirdi\u011fini belirten Erdem, &#8220;Zaman zaman da bakanlar\u0131m\u0131z\u0131n d\u00fcnyan\u0131n d\u00f6rt bir yan\u0131na en seri \u015fekilde gidip gelmelerinin T\u00fcrkiye\u2019nin ihracat\u0131n\u0131 art\u0131rd\u0131\u011f\u0131n\u0131 ve T\u00fcrkiye\u2019yi b\u00fcy\u00fctt\u00fc\u011f\u00fcn\u00fc ifade ettik. Hayalimizi payla\u015ft\u0131k&#8221; dedi.<\/p>\n<p>&#8220;Biz gelece\u011fin T\u00fcrkiyesini daha b\u00fcy\u00fck g\u00f6rmekteyiz&#8221; ifadesini kullanan Erdem, &#8220;Gelece\u011fin T\u00fcrkiyesinde inan\u0131yorum ki yaln\u0131z cumhurba\u015fkan\u0131n\u0131n, ba\u015fbakan\u0131n de\u011fil, baz\u0131 bakanlar\u0131m\u0131z\u0131n da ayr\u0131 ayr\u0131 olabilece\u011fi gibi birlikte de kullanabilece\u011fi birtak\u0131m u\u00e7aklar\u0131n al\u0131nabilece\u011fini ifade ettim. B\u00f6yle verilmi\u015f bir karar yok. Bu bir temennidir, dilektir, bir bak\u0131ma gelece\u011fin T\u00fcrkiyesi \u00fczerine kurdu\u011fumuz bir hayaldir&#8221; diye konu\u015ftu.<\/p>\n<p>Erdem, ne demek istediklerini milletin \u00e7ok iyi bildi\u011fini ve anlad\u0131\u011f\u0131n\u0131 vurgulayarak, &#8220;Maalesef T\u00fcrkiye&#8217;nin bu geli\u015fmesinden, b\u00fcy\u00fcmesinden rahats\u0131z olan kesimlerin, hizmetlere bir \u015fey diyemedikleri i\u00e7in c\u0131mb\u0131zla konu\u015fmalar\u0131m\u0131zdan birtak\u0131m c\u00fcmleler alarak, bunu partimizin aleyhine kullanma gibi bir gayretleri var ama bo\u015funa bir gayret&#8221; de\u011ferlendirmesinde bulundu.<\/p>\n<p>D\u00fcnk\u00fc a\u00e7\u0131klamalar\u0131yla ilgili haberleri &#8220;paralel yap\u0131&#8221;ya ba\u011flayan Erdem, \u015funlar\u0131 s\u00f6yledi:<\/p>\n<p>&#8220;Paralel yap\u0131, siyonizmin emrinde bir mason yap\u0131lanmas\u0131. \u00dclkeye bug\u00fcn \u00e7ok b\u00fcy\u00fck zararlar veren bir yap\u0131. \u0130n\u015fallah yeni d\u00f6nemde bu t\u00fcr yap\u0131lara da \u00fclkemizde yer olmayacak. Halk\u0131m\u0131z 17-25 Aral\u0131k operasyonlar\u0131ndan sonra yap\u0131lan iki se\u00e7imde onlara gereken dersi verdi. Anla\u015f\u0131lan bununla yetinmediler, \u00e7\u0131rp\u0131nmaya devam ediyorlar. \u0130n\u015fallah 7 Haziran&#8217;da yine bunlar a\u011f\u0131zlar\u0131n\u0131n pay\u0131n\u0131 sand\u0131ktan alacaklar. Sand\u0131ktan AK Parti ve T\u00fcrkiye daha da g\u00fc\u00e7lenerek \u00e7\u0131kacak.&#8221;<\/p>\n<p>AK Parti Sanayi Mahallesi Se\u00e7im \u0130rtibat B\u00fcrosu a\u00e7\u0131l\u0131\u015f\u0131na, Ka\u011f\u0131thane Belediye Ba\u015fkan\u0131 Fazl\u0131 K\u0131l\u0131\u00e7 ve \u0130stanbul 2. B\u00f6lge Milletvekili Aday\u0131 Muharrem Baltac\u0131 da kat\u0131ld\u0131.<\/p>\n<!-- Error, Advert is not available at this time due to schedule\/geolocation restrictions! -->\n","protected":false},"excerpt":{"rendered":"<p>AKP Genel Ba\u015fkan Yard\u0131mc\u0131s\u0131 Ekrem Erdem, &#8220;Bakanlar\u0131n da \u00f6zel u\u00e7a\u011f\u0131 olacak&#8221; ba\u015fl\u0131klar\u0131yla yer verilen haberler hakk\u0131nda &#8220;B\u00f6yle verilmi\u015f bir karar yok. Bu bir temennidir, dilektir, bir bak\u0131ma gelece\u011fin T\u00fcrkiyesi \u00fczerine kurdu\u011fumuz bir hayaldir&#8221; dedi.<\/p>\n","protected":false},"author":4,"featured_media":210302,"comment_status":"open","ping_status":"open","sticky":false,"template":"","format":"standard","meta":{"_acf_changed":false,"footnotes":""},"categories":[6155,5005,6202,349,6805],"tags":[11804],"class_list":["post-210300","post","type-post","status-publish","format-standard","has-post-thumbnail","hentry","category-gundem","category-manset","category-politika","category-son-dakika","category-turkiye","tag-ekrem-erdem"],"acf":[],"_links":{"self":[{"href":"https:\/\/www.nationalturk.com\/tr\/wp-json\/wp\/v2\/posts\/210300","targetHints":{"allow":["GET"]}}],"collection":[{"href":"https:\/\/www.nationalturk.com\/tr\/wp-json\/wp\/v2\/posts"}],"about":[{"href":"https:\/\/www.nationalturk.com\/tr\/wp-json\/wp\/v2\/types\/post"}],"author":[{"embeddable":true,"href":"https:\/\/www.nationalturk.com\/tr\/wp-json\/wp\/v2\/users\/4"}],"replies":[{"embeddable":true,"href":"https:\/\/www.nationalturk.com\/tr\/wp-json\/wp\/v2\/comments?post=210300"}],"version-history":[{"count":0,"href":"https:\/\/www.nationalturk.com\/tr\/wp-json\/wp\/v2\/posts\/210300\/revisions"}],"wp:featuredmedia":[{"embeddable":true,"href":"https:\/\/www.nationalturk.com\/tr\/wp-json\/wp\/v2\/media\/210302"}],"wp:attachment":[{"href":"https:\/\/www.nationalturk.com\/tr\/wp-json\/wp\/v2\/media?parent=210300"}],"wp:term":[{"taxonomy":"category","embeddable":true,"href":"https:\/\/www.nationalturk.com\/tr\/wp-json\/wp\/v2\/categories?post=210300"},{"taxonomy":"post_tag","embeddable":true,"href":"https:\/\/www.nationalturk.com\/tr\/wp-json\/wp\/v2\/tags?post=210300"}],"curies":[{"name":"wp","href":"https:\/\/api.w.org\/{rel}","templated":true}]}}