{"id":210817,"date":"2015-04-30T12:26:11","date_gmt":"2015-04-30T09:26:11","guid":{"rendered":"http:\/\/www.nationalturk.com\/?p=210817"},"modified":"2015-04-30T12:26:11","modified_gmt":"2015-04-30T09:26:11","slug":"cuneyt-ozdemir-baski-altindayiz-objektif-yayindan-cok-korkuluyor-210817","status":"publish","type":"post","link":"https:\/\/www.nationalturk.com\/tr\/cuneyt-ozdemir-baski-altindayiz-objektif-yayindan-cok-korkuluyor-210817\/","title":{"rendered":"C\u00fcneyt \u00d6zdemir: Bask\u0131 alt\u0131nday\u0131z, objektif yay\u0131ndan \u00e7ok korkuluyor!"},"content":{"rendered":"<p><img loading=\"lazy\" decoding=\"async\" class=\"alignnone size-large wp-image-210820\" src=\"http:\/\/www.nationalturk.com\/tr\/wp-content\/uploads\/2015\/04\/cuneyt_ozdemir_kanald-610x343.jpg\" alt=\"C\u00fcneyt \u00d6zdemir\" width=\"610\" height=\"343\" title=\"\" srcset=\"https:\/\/www.nationalturk.com\/tr\/wp-content\/uploads\/2015\/04\/cuneyt_ozdemir_kanald-610x343.jpg 610w, https:\/\/www.nationalturk.com\/tr\/wp-content\/uploads\/2015\/04\/cuneyt_ozdemir_kanald-280x158.jpg 280w, https:\/\/www.nationalturk.com\/tr\/wp-content\/uploads\/2015\/04\/cuneyt_ozdemir_kanald.jpg 640w\" sizes=\"auto, (max-width: 610px) 100vw, 610px\" \/><\/p>\n<h1>Kanal D haber spikeri C\u00fcneyt \u00d6zdemir, objektif yay\u0131ndan \u00e7ok korkuldu\u011funu belirterek se\u00e7im \u00f6ncesi b\u00fcy\u00fck bir bask\u0131 alt\u0131nda olduklar\u0131n\u0131 iddia etti.<\/h1>\n<p>Twitter hesab\u0131ndan a\u00e7\u0131klamada bulunan C\u00fcneyt \u00d6zdemir \u015funlar\u0131 yazd\u0131:<\/p>\n<p>&#8220;Kanal D&#8217;de g\u00f6reve geldi\u011fim ilk g\u00fcnden bu yana tek yapmaya \u00e7al\u0131\u015ft\u0131\u011f\u0131m, objektif, tarafs\u0131z ve her kesime e\u015fit mesafede olmak ama bu bile zor.<\/p>\n<p>M\u00fcthi\u015f bir bask\u0131 alt\u0131nday\u0131z. D\u00f6rt bir koldan maddi manevi g\u00f6zda\u011f\u0131 verilmeye \u00e7al\u0131\u015f\u0131l\u0131yor. Se\u00e7im d\u00f6neminde objektif yay\u0131ndan \u00e7ok korkuluyor!&#8221;<\/p>\n<!-- Error, Advert is not available at this time due to schedule\/geolocation restrictions! -->\n<p>&nbsp;<\/p>\n","protected":false},"excerpt":{"rendered":"<p>Kanal D haber spikeri C\u00fcneyt \u00d6zdemir, objektif yay\u0131ndan \u00e7ok korkuldu\u011funu belirterek se\u00e7im \u00f6ncesi b\u00fcy\u00fck bir bask\u0131 alt\u0131nda olduklar\u0131n\u0131 iddia etti.<\/p>\n","protected":false},"author":4,"featured_media":210821,"comment_status":"open","ping_status":"open","sticky":false,"template":"","format":"standard","meta":{"_acf_changed":false,"footnotes":""},"categories":[6155,5005,6667,6202,6805],"tags":[22827,52145,48055],"class_list":["post-210817","post","type-post","status-publish","format-standard","has-post-thumbnail","hentry","category-gundem","category-manset","category-medya","category-politika","category-turkiye","tag-cuneyt-ozdemir","tag-secim","tag-twitter"],"acf":[],"_links":{"self":[{"href":"https:\/\/www.nationalturk.com\/tr\/wp-json\/wp\/v2\/posts\/210817","targetHints":{"allow":["GET"]}}],"collection":[{"href":"https:\/\/www.nationalturk.com\/tr\/wp-json\/wp\/v2\/posts"}],"about":[{"href":"https:\/\/www.nationalturk.com\/tr\/wp-json\/wp\/v2\/types\/post"}],"author":[{"embeddable":true,"href":"https:\/\/www.nationalturk.com\/tr\/wp-json\/wp\/v2\/users\/4"}],"replies":[{"embeddable":true,"href":"https:\/\/www.nationalturk.com\/tr\/wp-json\/wp\/v2\/comments?post=210817"}],"version-history":[{"count":0,"href":"https:\/\/www.nationalturk.com\/tr\/wp-json\/wp\/v2\/posts\/210817\/revisions"}],"wp:featuredmedia":[{"embeddable":true,"href":"https:\/\/www.nationalturk.com\/tr\/wp-json\/wp\/v2\/media\/210821"}],"wp:attachment":[{"href":"https:\/\/www.nationalturk.com\/tr\/wp-json\/wp\/v2\/media?parent=210817"}],"wp:term":[{"taxonomy":"category","embeddable":true,"href":"https:\/\/www.nationalturk.com\/tr\/wp-json\/wp\/v2\/categories?post=210817"},{"taxonomy":"post_tag","embeddable":true,"href":"https:\/\/www.nationalturk.com\/tr\/wp-json\/wp\/v2\/tags?post=210817"}],"curies":[{"name":"wp","href":"https:\/\/api.w.org\/{rel}","templated":true}]}}