{"id":210981,"date":"2015-05-03T15:20:18","date_gmt":"2015-05-03T12:20:18","guid":{"rendered":"http:\/\/www.nationalturk.com\/?p=210981"},"modified":"2015-05-03T15:20:18","modified_gmt":"2015-05-03T12:20:18","slug":"bisikletcilerden-cumhurbaskani-erdogan-protesto-210981","status":"publish","type":"post","link":"https:\/\/www.nationalturk.com\/tr\/bisikletcilerden-cumhurbaskani-erdogan-protesto-210981\/","title":{"rendered":"Bisiklet\u00e7ilerden Cumhurba\u015fkan\u0131 Erdo\u011fan&#8217;a protesto"},"content":{"rendered":"<h1><img loading=\"lazy\" decoding=\"async\" class=\"aligncenter size-full wp-image-210982\" src=\"http:\/\/www.nationalturk.com\/tr\/wp-content\/uploads\/2015\/05\/mark-cavendish-tayyip-erdogan.jpg\" alt=\"\" width=\"610\" height=\"387\" title=\"\" srcset=\"https:\/\/www.nationalturk.com\/tr\/wp-content\/uploads\/2015\/05\/mark-cavendish-tayyip-erdogan.jpg 610w, https:\/\/www.nationalturk.com\/tr\/wp-content\/uploads\/2015\/05\/mark-cavendish-tayyip-erdogan-280x178.jpg 280w, https:\/\/www.nationalturk.com\/tr\/wp-content\/uploads\/2015\/05\/mark-cavendish-tayyip-erdogan-567x360.jpg 567w\" sizes=\"auto, (max-width: 610px) 100vw, 610px\" \/>51. Cumhurba\u015fkanl\u0131\u011f\u0131 Bisiklet Turu sonras\u0131 podyumdaki sporculardan Mark Cavendish, Cumhurba\u015fkan\u0131 Erdo\u011fan&#8217;a tepki g\u00f6stererek podyumdan inmek istedi.<\/h1>\n<p>Turun bitmesinin ard\u0131ndan podyuma \u00e7\u0131kan sporculara \u00f6d\u00fcllerini vermek \u00fczere gelen Cumhurba\u015fkan\u0131 Recep Tayyip Erdo\u011fan, saatlerce pedal \u00e7evirmi\u015f olan bisiklet\u00e7ilerin yorgunluklar\u0131n\u0131 hi\u00e7e sayarak konu\u015fma yapmaya ba\u015flad\u0131.<\/p>\n<p>Erdo\u011fan&#8217;\u0131n uzun konu\u015fmas\u0131na tepki g\u00f6steren bisiklet\u00e7ilerden Mark Cavendish, podyumdan inmek istedi ancak Erdo\u011fan&#8217;\u0131n korumalar\u0131 Cavendish&#8217;i kolundan tutarak podyuma y\u00f6nledirdi.<\/p>\n<p>Podyumdan inmeye \u00e7al\u0131\u015fan \u00fcnl\u00fc pedal Mark Cavendish, bas\u0131n toplant\u0131s\u0131 s\u0131ras\u0131nda sorulan, &#8220;10 dakikakdan fazla podyumda bekledin, sinirli g\u00f6r\u00fcn\u00fcyorsun&#8221; sorusuna cevap vermedi.<\/p>\n<!-- Error, Advert is not available at this time due to schedule\/geolocation restrictions! -->\n","protected":false},"excerpt":{"rendered":"<p>51. Cumhurba\u015fkanl\u0131\u011f\u0131 Bisiklet Turu sonras\u0131 podyumdaki sporculardan Mark Cavendish, Cumhurba\u015fkan\u0131 Erdo\u011fan&#8217;a tepki g\u00f6stererek podyumdan inmek istedi.<\/p>\n","protected":false},"author":3,"featured_media":210982,"comment_status":"open","ping_status":"open","sticky":false,"template":"","format":"standard","meta":{"_acf_changed":false,"footnotes":""},"categories":[6155,5005,6805],"tags":[31896,128480,787],"class_list":["post-210981","post","type-post","status-publish","format-standard","has-post-thumbnail","hentry","category-gundem","category-manset","category-turkiye","tag-cumhurbaskani","tag-cumhurbaskanligi-bisiklet-turu","tag-recep-tayyip-erdogan"],"acf":[],"_links":{"self":[{"href":"https:\/\/www.nationalturk.com\/tr\/wp-json\/wp\/v2\/posts\/210981","targetHints":{"allow":["GET"]}}],"collection":[{"href":"https:\/\/www.nationalturk.com\/tr\/wp-json\/wp\/v2\/posts"}],"about":[{"href":"https:\/\/www.nationalturk.com\/tr\/wp-json\/wp\/v2\/types\/post"}],"author":[{"embeddable":true,"href":"https:\/\/www.nationalturk.com\/tr\/wp-json\/wp\/v2\/users\/3"}],"replies":[{"embeddable":true,"href":"https:\/\/www.nationalturk.com\/tr\/wp-json\/wp\/v2\/comments?post=210981"}],"version-history":[{"count":0,"href":"https:\/\/www.nationalturk.com\/tr\/wp-json\/wp\/v2\/posts\/210981\/revisions"}],"wp:featuredmedia":[{"embeddable":true,"href":"https:\/\/www.nationalturk.com\/tr\/wp-json\/wp\/v2\/media\/210982"}],"wp:attachment":[{"href":"https:\/\/www.nationalturk.com\/tr\/wp-json\/wp\/v2\/media?parent=210981"}],"wp:term":[{"taxonomy":"category","embeddable":true,"href":"https:\/\/www.nationalturk.com\/tr\/wp-json\/wp\/v2\/categories?post=210981"},{"taxonomy":"post_tag","embeddable":true,"href":"https:\/\/www.nationalturk.com\/tr\/wp-json\/wp\/v2\/tags?post=210981"}],"curies":[{"name":"wp","href":"https:\/\/api.w.org\/{rel}","templated":true}]}}