{"id":211027,"date":"2015-05-04T15:37:23","date_gmt":"2015-05-04T12:37:23","guid":{"rendered":"http:\/\/www.nationalturk.com\/?p=211027"},"modified":"2015-05-04T15:37:23","modified_gmt":"2015-05-04T12:37:23","slug":"kktc-meclisinde-buyuk-kavga-basbakana-saldiri-girisimi-video-211027","status":"publish","type":"post","link":"https:\/\/www.nationalturk.com\/tr\/kktc-meclisinde-buyuk-kavga-basbakana-saldiri-girisimi-video-211027\/","title":{"rendered":"KKTC Meclisi&#8217;nde b\u00fcy\u00fck kavga! Ba\u015fbakana sald\u0131r\u0131 giri\u015fimi (Video)"},"content":{"rendered":"<p><img loading=\"lazy\" decoding=\"async\" class=\"alignnone size-large wp-image-211029\" src=\"http:\/\/www.nationalturk.com\/tr\/wp-content\/uploads\/2015\/05\/kktc_kavga-594x360.jpg\" alt=\"\" width=\"594\" height=\"360\" title=\"\" srcset=\"https:\/\/www.nationalturk.com\/tr\/wp-content\/uploads\/2015\/05\/kktc_kavga-594x360.jpg 594w, https:\/\/www.nationalturk.com\/tr\/wp-content\/uploads\/2015\/05\/kktc_kavga-280x170.jpg 280w, https:\/\/www.nationalturk.com\/tr\/wp-content\/uploads\/2015\/05\/kktc_kavga.jpg 900w\" sizes=\"auto, (max-width: 594px) 100vw, 594px\" \/><\/p>\n<h1>KKTC Meclisi kar\u0131\u015ft\u0131! UBP Genel Ba\u015fkan\u0131 H\u00fcseyin \u00d6zg\u00fcrg\u00fcn, meclis ba\u015fkan\u0131n\u0131 ele\u015ftirdikten sonra Ba\u015fbakan\u00a0\u00d6zkan Yorganc\u0131o\u011flu&#8217;nun \u00fczerine y\u00fcr\u00fcd\u00fc. (Video)<\/h1>\n<p><span style=\"line-height: 1.5;\">Meclis Ba\u015fkan Yard\u0131mc\u0131s\u0131 \u00dcnal \u00dcstel taraf\u0131ndan meclis oturumunun a\u00e7\u0131lmas\u0131 esnas\u0131nda meclisin a\u00e7\u0131lmas\u0131n\u0131 engellemek isteyen UBP genel Ba\u015fkan\u0131 H\u00fcseyin \u00d6zg\u00fcrg\u00fcn ile Ba\u015fbakan \u00d6zkan Yorganc\u0131o\u011flu aras\u0131nda tart\u0131\u015fma \u00e7\u0131kt\u0131. \u00c7\u0131kan tart\u0131\u015fma \u00fczerine, UBP Genel Ba\u015fkan\u0131 H\u00fcseyin \u00d6zg\u00fcrg\u00fcn&#8217;\u00fcn, CTP-BG genel ba\u015fkan\u0131 ve Ba\u015fbakan \u00d6zkan Yorganc\u0131o\u011flu&#8217;nun \u00fczerine y\u00fcr\u00fcmesi \u00fczerine meclis oturumuna ara verildi. <\/span><\/p>\n<h2><span style=\"line-height: 1.5;\">\u0130\u015fte KKTC Meclisi&#8217;ndeki gergin anlar;<\/span><\/h2>\n<div style=\"width: 640px;\" class=\"wp-video\"><video class=\"wp-video-shortcode\" id=\"video-211027-1\" width=\"640\" height=\"360\" preload=\"metadata\" controls=\"controls\"><source type=\"video\/mp4\" src=\"http:\/\/www.nationalturk.com\/tr\/wp-content\/uploads\/2015\/05\/Bilbay-Emino\u011flu-KKTC-MECL\u0130S\u0130NDE-B\u00dcY\u00dcK-KAVGA...-Facebook.mp4?_=1\" \/><a href=\"http:\/\/www.nationalturk.com\/tr\/wp-content\/uploads\/2015\/05\/Bilbay-Emino\u011flu-KKTC-MECL\u0130S\u0130NDE-B\u00dcY\u00dcK-KAVGA...-Facebook.mp4\">http:\/\/www.nationalturk.com\/tr\/wp-content\/uploads\/2015\/05\/Bilbay-Emino\u011flu-KKTC-MECL\u0130S\u0130NDE-B\u00dcY\u00dcK-KAVGA...-Facebook.mp4<\/a><\/video><\/div>\n<!-- Error, Advert is not available at this time due to schedule\/geolocation restrictions! -->\n<p>&nbsp;<\/p>\n","protected":false},"excerpt":{"rendered":"<p>KKTC Meclisi kar\u0131\u015ft\u0131! UBP Genel Ba\u015fkan\u0131 H\u00fcseyin \u00d6zg\u00fcrg\u00fcn, meclis ba\u015fkan\u0131n\u0131 ele\u015ftirdikten sonra Ba\u015fbakan \u00d6zkan Yorganc\u0131o\u011flu&#8217;nun \u00fczerine y\u00fcr\u00fcd\u00fc. (Video)<\/p>\n","protected":false},"author":4,"featured_media":211032,"comment_status":"open","ping_status":"open","sticky":false,"template":"","format":"standard","meta":{"_acf_changed":false,"footnotes":""},"categories":[6155,5005,6202,6805,342],"tags":[8952,189351,2535,2534,160765,160766,51745],"class_list":["post-211027","post","type-post","status-publish","format-standard","has-post-thumbnail","hentry","category-gundem","category-manset","category-politika","category-turkiye","category-video","tag-basbakan","tag-huseyin-ozgurgun","tag-kibris","tag-kktc","tag-kktc-basbakani","tag-ozkan-yorgancioglu","tag-ulusal-birlik-partisi"],"acf":[],"_links":{"self":[{"href":"https:\/\/www.nationalturk.com\/tr\/wp-json\/wp\/v2\/posts\/211027","targetHints":{"allow":["GET"]}}],"collection":[{"href":"https:\/\/www.nationalturk.com\/tr\/wp-json\/wp\/v2\/posts"}],"about":[{"href":"https:\/\/www.nationalturk.com\/tr\/wp-json\/wp\/v2\/types\/post"}],"author":[{"embeddable":true,"href":"https:\/\/www.nationalturk.com\/tr\/wp-json\/wp\/v2\/users\/4"}],"replies":[{"embeddable":true,"href":"https:\/\/www.nationalturk.com\/tr\/wp-json\/wp\/v2\/comments?post=211027"}],"version-history":[{"count":0,"href":"https:\/\/www.nationalturk.com\/tr\/wp-json\/wp\/v2\/posts\/211027\/revisions"}],"wp:featuredmedia":[{"embeddable":true,"href":"https:\/\/www.nationalturk.com\/tr\/wp-json\/wp\/v2\/media\/211032"}],"wp:attachment":[{"href":"https:\/\/www.nationalturk.com\/tr\/wp-json\/wp\/v2\/media?parent=211027"}],"wp:term":[{"taxonomy":"category","embeddable":true,"href":"https:\/\/www.nationalturk.com\/tr\/wp-json\/wp\/v2\/categories?post=211027"},{"taxonomy":"post_tag","embeddable":true,"href":"https:\/\/www.nationalturk.com\/tr\/wp-json\/wp\/v2\/tags?post=211027"}],"curies":[{"name":"wp","href":"https:\/\/api.w.org\/{rel}","templated":true}]}}