{"id":211161,"date":"2015-05-06T15:10:44","date_gmt":"2015-05-06T12:10:44","guid":{"rendered":"http:\/\/www.nationalturk.com\/?p=211161"},"modified":"2015-05-06T15:10:44","modified_gmt":"2015-05-06T12:10:44","slug":"chpden-melih-gokceke-10-kurusluk-dava-211161","status":"publish","type":"post","link":"https:\/\/www.nationalturk.com\/tr\/chpden-melih-gokceke-10-kurusluk-dava-211161\/","title":{"rendered":"CHP&#8217;den Melih G\u00f6k\u00e7ek&#8217;e 10 kuru\u015fluk dava"},"content":{"rendered":"<p><img loading=\"lazy\" decoding=\"async\" class=\"alignnone size-large wp-image-211163\" src=\"http:\/\/www.nationalturk.com\/tr\/wp-content\/uploads\/2015\/05\/melih_gokcek_kursu-509x360.jpg\" alt=\"Melih G\u00f6k\u00e7ek\" width=\"610\" height=\"390\" title=\"\"><\/p>\n<h1>CHP, Ankara B\u00fcy\u00fck\u015fehir Belediye Ba\u015fkan\u0131 Melih G\u00f6k\u00e7ek&#8217;e, bir televizyon kanal\u0131ndaki konu\u015fmas\u0131nda, partinin onur ve itibar\u0131n\u0131 hedef olan a\u00e7\u0131klamalar\u0131 nedeniyle on kuru\u015fluk manevi tazminat davas\u0131 a\u00e7t\u0131.<\/h1>\n<p>Partinin avukat\u0131 Mustafa Kemal \u00c7i\u00e7ek taraf\u0131ndan Ankara Asliye Hukuk Mahkemesi Hakimli\u011fi&#8217;ne verilen dava dilek\u00e7esinde, &#8220;G\u00f6k\u00e7en&#8217;in, kendisini CHP konusunda uzman olarak kabul etti\u011fi, her f\u0131rsatta partinin t\u00fczel ki\u015fili\u011fine, kurucular\u0131na, y\u00f6neticilerine, oy verenlere hakaret ve iftira niteli\u011finde tacizde bulundu\u011fu&#8221; ileri s\u00fcr\u00fcld\u00fc.<\/p>\n<p>G\u00f6k\u00e7ek&#8217;in, 24 Nisan 2015&#8217;de bir televizyon kanal\u0131nda yay\u0131nlanan programda, CHP&#8217;ye y\u00f6nelik mesnetsiz ifadeler kulland\u0131\u011f\u0131 \u00f6ne s\u00fcr\u00fclen dilek\u00e7ede, G\u00f6k\u00e7ek hakk\u0131nda, &#8220;siyasi partinin onur ve itibar\u0131n\u0131 hedef alan, ki\u015filik haklar\u0131na sald\u0131r\u0131 niteli\u011findeki a\u00e7\u0131klamalar\u0131&#8221; nedeni ile on kuru\u015fluk manevi tazminat \u00f6demesi talep edildi.<\/p>\n<!-- Error, Advert is not available at this time due to schedule\/geolocation restrictions! -->\n","protected":false},"excerpt":{"rendered":"<p>CHP, Ankara B\u00fcy\u00fck\u015fehir Belediye Ba\u015fkan\u0131 Melih G\u00f6k\u00e7ek&#8217;e, bir televizyon kanal\u0131ndaki konu\u015fmas\u0131nda, partinin onur ve itibar\u0131n\u0131 hedef olan a\u00e7\u0131klamalar\u0131 nedeniyle on kuru\u015fluk manevi tazminat davas\u0131 a\u00e7t\u0131.<\/p>\n","protected":false},"author":4,"featured_media":211164,"comment_status":"open","ping_status":"open","sticky":false,"template":"","format":"standard","meta":{"_acf_changed":false,"footnotes":""},"categories":[6155,5005,6202,6805],"tags":[8723,13480],"class_list":["post-211161","post","type-post","status-publish","format-standard","has-post-thumbnail","hentry","category-gundem","category-manset","category-politika","category-turkiye","tag-chp","tag-melih-gokcek"],"acf":[],"_links":{"self":[{"href":"https:\/\/www.nationalturk.com\/tr\/wp-json\/wp\/v2\/posts\/211161","targetHints":{"allow":["GET"]}}],"collection":[{"href":"https:\/\/www.nationalturk.com\/tr\/wp-json\/wp\/v2\/posts"}],"about":[{"href":"https:\/\/www.nationalturk.com\/tr\/wp-json\/wp\/v2\/types\/post"}],"author":[{"embeddable":true,"href":"https:\/\/www.nationalturk.com\/tr\/wp-json\/wp\/v2\/users\/4"}],"replies":[{"embeddable":true,"href":"https:\/\/www.nationalturk.com\/tr\/wp-json\/wp\/v2\/comments?post=211161"}],"version-history":[{"count":0,"href":"https:\/\/www.nationalturk.com\/tr\/wp-json\/wp\/v2\/posts\/211161\/revisions"}],"wp:featuredmedia":[{"embeddable":true,"href":"https:\/\/www.nationalturk.com\/tr\/wp-json\/wp\/v2\/media\/211164"}],"wp:attachment":[{"href":"https:\/\/www.nationalturk.com\/tr\/wp-json\/wp\/v2\/media?parent=211161"}],"wp:term":[{"taxonomy":"category","embeddable":true,"href":"https:\/\/www.nationalturk.com\/tr\/wp-json\/wp\/v2\/categories?post=211161"},{"taxonomy":"post_tag","embeddable":true,"href":"https:\/\/www.nationalturk.com\/tr\/wp-json\/wp\/v2\/tags?post=211161"}],"curies":[{"name":"wp","href":"https:\/\/api.w.org\/{rel}","templated":true}]}}