{"id":211293,"date":"2015-05-08T11:11:44","date_gmt":"2015-05-08T08:11:44","guid":{"rendered":"http:\/\/www.nationalturk.com\/?p=211293"},"modified":"2015-05-08T11:11:44","modified_gmt":"2015-05-08T08:11:44","slug":"hirsizlar-yuzunden-akpyi-savunamiyoruz-dedi-yanit-sov-gec-oldu-video-211293","status":"publish","type":"post","link":"https:\/\/www.nationalturk.com\/tr\/hirsizlar-yuzunden-akpyi-savunamiyoruz-dedi-yanit-sov-gec-oldu-video-211293\/","title":{"rendered":"&#8220;H\u0131rs\u0131zlar y\u00fcz\u00fcnden AKP&#8217;yi savunam\u0131yoruz&#8221; dedi, yan\u0131t &#8220;s\u00f6v ge\u00e7&#8221; oldu (Video)"},"content":{"rendered":"<p><img loading=\"lazy\" decoding=\"async\" class=\"alignleft size-medium wp-image-211295\" src=\"http:\/\/www.nationalturk.com\/tr\/wp-content\/uploads\/2015\/05\/hirsiz-280x152.jpg\" alt=\"\" width=\"280\" height=\"152\" title=\"\" srcset=\"https:\/\/www.nationalturk.com\/tr\/wp-content\/uploads\/2015\/05\/hirsiz-280x152.jpg 280w, https:\/\/www.nationalturk.com\/tr\/wp-content\/uploads\/2015\/05\/hirsiz.jpg 373w\" sizes=\"auto, (max-width: 280px) 100vw, 280px\" \/><\/p>\n<h1>Cumhurba\u015fkan\u0131 Recep Tayyip Erdo\u011fan&#8217;\u0131n AKP&#8217;den milletvekili aday\u0131 olan damad\u0131 Berat Albayrak bir partilinin yolsuzluklarla ilgili tepkisiyle kar\u015f\u0131la\u015ft\u0131. (Video)<\/h1>\n<p>\u00dcmraniye Belediyesinin d\u00fczenledi\u011fi programda AKP&#8217;li bir vatanda\u015f belediye ba\u015fkan\u0131 ve Berat Albayrak&#8217;a hitaben &#8220;AKP&#8217;yi h\u0131rs\u0131zl\u0131klar y\u00fcz\u00fcnden savunam\u0131yoruz. Hala bize h\u0131rs\u0131z diye hitap ediyorlar. Ben Ak Partiliyim ve Erdo\u011fan hayran\u0131y\u0131m. Parti ba\u015far\u0131s\u0131z olursa vebali onlar\u0131n \u00fczerinedir. H\u0131rs\u0131zl\u0131k yapanlar halktan \u00f6z\u00fcr dilemeli&#8221; diye konu\u015ftu.<\/p>\n<p>Erdo\u011fan&#8217;\u0131n damad\u0131 Berat Albayarak AKP&#8217;li vatanda\u015f\u0131n tepkisine \u0130mam-\u0131 Azam \u00fczerinden kendince cevap vermeye \u00e7al\u0131\u015ft\u0131. Bunun \u00fczerine salondaki ba\u015fka bir AKP&#8217;li vatanda\u015f da &#8220;s\u00f6v ge\u00e7 ya, s\u00f6v ge\u00e7 ya&#8221; yan\u0131t\u0131n\u0131 verdi. Bu yan\u0131t salonda co\u015fkuyla! alk\u0131\u015fland\u0131.<\/p>\n<div style=\"width: 640px;\" class=\"wp-video\"><video class=\"wp-video-shortcode\" id=\"video-211293-1\" width=\"640\" height=\"360\" preload=\"metadata\" controls=\"controls\"><source type=\"video\/mp4\" src=\"http:\/\/www.nationalturk.com\/tr\/wp-content\/uploads\/2015\/05\/Erdo\u011fan\u0131n-damad\u0131na-H\u0131rs\u0131z-\u015foku.mp4?_=1\" \/><a href=\"http:\/\/www.nationalturk.com\/tr\/wp-content\/uploads\/2015\/05\/Erdo\u011fan\u0131n-damad\u0131na-H\u0131rs\u0131z-\u015foku.mp4\">http:\/\/www.nationalturk.com\/tr\/wp-content\/uploads\/2015\/05\/Erdo\u011fan\u0131n-damad\u0131na-H\u0131rs\u0131z-\u015foku.mp4<\/a><\/video><\/div>\n<!-- Error, Advert is not available at this time due to schedule\/geolocation restrictions! -->\n","protected":false},"excerpt":{"rendered":"<p>Cumhurba\u015fkan\u0131 Recep Tayyip Erdo\u011fan&#8217;\u0131n AKP&#8217;den milletvekili aday\u0131 olan damad\u0131 Berat Albayrak bir partilinin yolsuzluklarla ilgili tepkisiyle kar\u015f\u0131la\u015ft\u0131. (Video)<\/p>\n","protected":false},"author":4,"featured_media":211299,"comment_status":"open","ping_status":"open","sticky":false,"template":"","format":"standard","meta":{"_acf_changed":false,"footnotes":""},"categories":[6155,5005,6202,349,6805,342],"tags":[9476,151423,13913],"class_list":["post-211293","post","type-post","status-publish","format-standard","has-post-thumbnail","hentry","category-gundem","category-manset","category-politika","category-son-dakika","category-turkiye","category-video","tag-akp","tag-berat-albayrak","tag-umraniye"],"acf":[],"_links":{"self":[{"href":"https:\/\/www.nationalturk.com\/tr\/wp-json\/wp\/v2\/posts\/211293","targetHints":{"allow":["GET"]}}],"collection":[{"href":"https:\/\/www.nationalturk.com\/tr\/wp-json\/wp\/v2\/posts"}],"about":[{"href":"https:\/\/www.nationalturk.com\/tr\/wp-json\/wp\/v2\/types\/post"}],"author":[{"embeddable":true,"href":"https:\/\/www.nationalturk.com\/tr\/wp-json\/wp\/v2\/users\/4"}],"replies":[{"embeddable":true,"href":"https:\/\/www.nationalturk.com\/tr\/wp-json\/wp\/v2\/comments?post=211293"}],"version-history":[{"count":0,"href":"https:\/\/www.nationalturk.com\/tr\/wp-json\/wp\/v2\/posts\/211293\/revisions"}],"wp:featuredmedia":[{"embeddable":true,"href":"https:\/\/www.nationalturk.com\/tr\/wp-json\/wp\/v2\/media\/211299"}],"wp:attachment":[{"href":"https:\/\/www.nationalturk.com\/tr\/wp-json\/wp\/v2\/media?parent=211293"}],"wp:term":[{"taxonomy":"category","embeddable":true,"href":"https:\/\/www.nationalturk.com\/tr\/wp-json\/wp\/v2\/categories?post=211293"},{"taxonomy":"post_tag","embeddable":true,"href":"https:\/\/www.nationalturk.com\/tr\/wp-json\/wp\/v2\/tags?post=211293"}],"curies":[{"name":"wp","href":"https:\/\/api.w.org\/{rel}","templated":true}]}}