{"id":211412,"date":"2015-05-11T14:17:47","date_gmt":"2015-05-11T11:17:47","guid":{"rendered":"http:\/\/www.nationalturk.com\/?p=211412"},"modified":"2015-05-11T14:17:47","modified_gmt":"2015-05-11T11:17:47","slug":"merkel-ve-putin-turk-cocuklarla-fotograf-cektirdi-video-211412","status":"publish","type":"post","link":"https:\/\/www.nationalturk.com\/tr\/merkel-ve-putin-turk-cocuklarla-fotograf-cektirdi-video-211412\/","title":{"rendered":"Merkel ve Putin T\u00fcrk \u00e7ocuklarla foto\u011fraf \u00e7ektirdi (Video)"},"content":{"rendered":"<p><img loading=\"lazy\" decoding=\"async\" class=\"alignnone size-large wp-image-211414\" src=\"http:\/\/www.nationalturk.com\/tr\/wp-content\/uploads\/2015\/05\/putin_merkel-540x360.jpg\" alt=\"Putin Merkel\" width=\"610\" height=\"390\" title=\"\"><\/p>\n<h1>Moskova&#8217;y\u0131 ziyaret eden Almanya Ba\u015fbakan\u0131 Angela Merkel, <a href=\"http:\/\/www.wts.com.tr\/rusya-turlari.htm\" target=\"_blank\" rel=\"noopener\">Rusya<\/a> Devlet Ba\u015fkan\u0131 Vladimir Putin ile Kremlin&#8217;e y\u00fcr\u00fcrken T\u00fcrk \u00e7ocuklar\u0131yla hat\u0131ra foto\u011fraf\u0131 \u00e7ektirdi. (Video)<\/h1>\n<p>Rusya Devlet Ba\u015fkan\u0131 Vladimir Putin Rus \u00e7ocuklar\u0131yla sohbet ederken Merkel ise 2 \u00e7ocu\u011fu daha yanlar\u0131na \u00e7a\u011f\u0131rd\u0131.\u00a0Merkel&#8217;in &#8220;nerelisiniz&#8221; diye sordu\u011fu \u00e7ocuklar T\u00fcrkiye yan\u0131t\u0131n\u0131 verdi.\u00a0Merkel ve Putin, \u201cTurkey\u201d diye g\u00fcl\u00fcmseyerek onlar\u0131 kucaklayarak hat\u0131ra foto\u011fraf\u0131 \u00e7ektirdi.<\/p>\n<p>O s\u0131rada Ege isimli bir T\u00fcrk kad\u0131n\u0131 da Putin\u2019in elinden tutarak foto\u011fraf \u00e7ektirirken sevin\u00e7ten heyecanland\u0131. Foto\u011fraf\u0131 \u00e7eken di\u011fer T\u00fcrk turistler, \u201cEge d\u00f6n! Ege ..d\u00f6n!\u201d diye Putin\u2019le poz vermesi i\u00e7in bir ka\u00e7 kez uyard\u0131.<\/p>\n<div style=\"width: 640px;\" class=\"wp-video\"><video class=\"wp-video-shortcode\" id=\"video-211412-1\" width=\"640\" height=\"360\" preload=\"metadata\" controls=\"controls\"><source type=\"video\/mp4\" src=\"http:\/\/www.nationalturk.com\/tr\/wp-content\/uploads\/2015\/05\/Putin-ve-Merkel-T\u00fcrk-\u00e7ocuklar-ve-turistlerle-foto\u011fraf-\u00e7ekti.mp4?_=1\" \/><a href=\"http:\/\/www.nationalturk.com\/tr\/wp-content\/uploads\/2015\/05\/Putin-ve-Merkel-T\u00fcrk-\u00e7ocuklar-ve-turistlerle-foto\u011fraf-\u00e7ekti.mp4\">http:\/\/www.nationalturk.com\/tr\/wp-content\/uploads\/2015\/05\/Putin-ve-Merkel-T\u00fcrk-\u00e7ocuklar-ve-turistlerle-foto\u011fraf-\u00e7ekti.mp4<\/a><\/video><\/div>\n<!-- Error, Advert is not available at this time due to schedule\/geolocation restrictions! -->\n","protected":false},"excerpt":{"rendered":"<p>Moskova&#8217;y\u0131 ziyaret eden Almanya Ba\u015fbakan\u0131 Angela Merkel, Rusya Devlet Ba\u015fkan\u0131 Vladimir Putin ile Kremlin&#8217;e y\u00fcr\u00fcrken T\u00fcrk \u00e7ocuklar\u0131yla hat\u0131ra foto\u011fraf\u0131 \u00e7ektirdi. (Video)<\/p>\n","protected":false},"author":4,"featured_media":211415,"comment_status":"open","ping_status":"open","sticky":false,"template":"","format":"standard","meta":{"_acf_changed":false,"footnotes":""},"categories":[6770,6665,6155,5005,6202,342],"tags":[2517,159915,1238,721,8581,1530],"class_list":["post-211412","post","type-post","status-publish","format-standard","has-post-thumbnail","hentry","category-avrupa","category-dunya","category-gundem","category-manset","category-politika","category-video","tag-angela-merkel","tag-merkel-putin","tag-moskova","tag-rusya","tag-video","tag-vladimir-putin"],"acf":[],"_links":{"self":[{"href":"https:\/\/www.nationalturk.com\/tr\/wp-json\/wp\/v2\/posts\/211412","targetHints":{"allow":["GET"]}}],"collection":[{"href":"https:\/\/www.nationalturk.com\/tr\/wp-json\/wp\/v2\/posts"}],"about":[{"href":"https:\/\/www.nationalturk.com\/tr\/wp-json\/wp\/v2\/types\/post"}],"author":[{"embeddable":true,"href":"https:\/\/www.nationalturk.com\/tr\/wp-json\/wp\/v2\/users\/4"}],"replies":[{"embeddable":true,"href":"https:\/\/www.nationalturk.com\/tr\/wp-json\/wp\/v2\/comments?post=211412"}],"version-history":[{"count":0,"href":"https:\/\/www.nationalturk.com\/tr\/wp-json\/wp\/v2\/posts\/211412\/revisions"}],"wp:featuredmedia":[{"embeddable":true,"href":"https:\/\/www.nationalturk.com\/tr\/wp-json\/wp\/v2\/media\/211415"}],"wp:attachment":[{"href":"https:\/\/www.nationalturk.com\/tr\/wp-json\/wp\/v2\/media?parent=211412"}],"wp:term":[{"taxonomy":"category","embeddable":true,"href":"https:\/\/www.nationalturk.com\/tr\/wp-json\/wp\/v2\/categories?post=211412"},{"taxonomy":"post_tag","embeddable":true,"href":"https:\/\/www.nationalturk.com\/tr\/wp-json\/wp\/v2\/tags?post=211412"}],"curies":[{"name":"wp","href":"https:\/\/api.w.org\/{rel}","templated":true}]}}