{"id":211668,"date":"2015-05-16T08:56:26","date_gmt":"2015-05-16T05:56:26","guid":{"rendered":"http:\/\/www.nationalturk.com\/?p=211668"},"modified":"2015-05-16T08:56:26","modified_gmt":"2015-05-16T05:56:26","slug":"abd-ve-kuba-arasindaki-gorusmeler-211668","status":"publish","type":"post","link":"https:\/\/www.nationalturk.com\/tr\/abd-ve-kuba-arasindaki-gorusmeler-211668\/","title":{"rendered":"ABD ve K\u00fcba aras\u0131ndaki g\u00f6r\u00fc\u015fmeler gelecek hafta da devam edecek"},"content":{"rendered":"<h1><img loading=\"lazy\" decoding=\"async\" class=\"aligncenter size-full wp-image-211670\" src=\"http:\/\/www.nationalturk.com\/tr\/wp-content\/uploads\/2015\/05\/abd-kuba-buyukelcilik.jpg\" alt=\"\" width=\"610\" height=\"361\" title=\"\" srcset=\"https:\/\/www.nationalturk.com\/tr\/wp-content\/uploads\/2015\/05\/abd-kuba-buyukelcilik.jpg 610w, https:\/\/www.nationalturk.com\/tr\/wp-content\/uploads\/2015\/05\/abd-kuba-buyukelcilik-280x166.jpg 280w, https:\/\/www.nationalturk.com\/tr\/wp-content\/uploads\/2015\/05\/abd-kuba-buyukelcilik-608x360.jpg 608w\" sizes=\"auto, (max-width: 610px) 100vw, 610px\" \/>ABD ve K\u00fcba, iki \u00fclke b\u00fcy\u00fckel\u00e7iliklerinin Washington ve Havana&#8217;da yeniden a\u00e7\u0131lmas\u0131n\u0131n \u00f6n\u00fcndeki engellerin kald\u0131r\u0131lmas\u0131 i\u00e7in gelecek hafta g\u00f6r\u00fc\u015fmeler yapacak.<\/h1>\n<p>\u0130ki \u00fclke d\u0131\u015fi\u015fleri bakanl\u0131klar\u0131ndan ayr\u0131 ayr\u0131 yap\u0131lan a\u00e7\u0131klamalarda, yeni tur g\u00f6r\u00fc\u015fmelerin, 21 May\u0131s&#8217;ta Washington&#8217;da olaca\u011f\u0131 belirtildi.<\/p>\n<p>ABD ve K\u00fcba, Ba\u015fkan Barack Obama ve Devlet Ba\u015fkan\u0131 Raul Castro&#8217;nun a\u00e7\u0131klad\u0131\u011f\u0131 anla\u015fma uyar\u0131nca, 1961&#8217;de kesilen diplomatik ili\u015fkileri yeniden tesis etmenin ko\u015fullar\u0131 \u00fczerinde yakla\u015f\u0131k be\u015f ayd\u0131r g\u00f6r\u00fc\u015fmeler yap\u0131yor. Bu kapsam da iki lider 11 Nisan&#8217;da Panama\u2019daki Amerika Zirvesi\u2019nde y\u00fcz y\u00fcze g\u00f6r\u00fc\u015fm\u00fc\u015ft\u00fc.<\/p>\n<p>Obama y\u00f6netimi, 14 Nisan&#8217;da da K\u00fcba&#8217;y\u0131 ter\u00f6re destek veren \u00fclkeler listesinden \u00e7\u0131karma karar\u0131 alm\u0131\u015ft\u0131.<\/p>\n<!-- Error, Advert is not available at this time due to schedule\/geolocation restrictions! -->\n","protected":false},"excerpt":{"rendered":"<p>ABD ve K\u00fcba, iki \u00fclke b\u00fcy\u00fckel\u00e7iliklerinin Washington ve Havana&#8217;da yeniden a\u00e7\u0131lmas\u0131n\u0131n \u00f6n\u00fcndeki engellerin kald\u0131r\u0131lmas\u0131 i\u00e7in gelecek hafta g\u00f6r\u00fc\u015fmeler yapacak.<\/p>\n","protected":false},"author":3,"featured_media":211670,"comment_status":"open","ping_status":"open","sticky":false,"template":"","format":"standard","meta":{"_acf_changed":false,"footnotes":""},"categories":[6768,6665,6155,6771,5005,6202],"tags":[2509,140523,7222,156,106020,14,7703,81881,16957,180735,148486,96965,20001,148485],"class_list":["post-211668","post","type-post","status-publish","format-standard","has-post-thumbnail","hentry","category-amerika","category-dunya","category-gundem","category-latin-amerika","category-manset","category-politika","tag-barack-obama","tag-barack-obama-amerika","tag-barack-obama-kuba","tag-havana","tag-havana-kuba","tag-kuba","tag-kuba-abd","tag-kuba-amerika","tag-raul-castro","tag-raul-castro-amerika","tag-raul-castro-barack-obama","tag-raul-castro-havana","tag-raul-castro-kuba","tag-raul-castro-obama"],"acf":[],"_links":{"self":[{"href":"https:\/\/www.nationalturk.com\/tr\/wp-json\/wp\/v2\/posts\/211668","targetHints":{"allow":["GET"]}}],"collection":[{"href":"https:\/\/www.nationalturk.com\/tr\/wp-json\/wp\/v2\/posts"}],"about":[{"href":"https:\/\/www.nationalturk.com\/tr\/wp-json\/wp\/v2\/types\/post"}],"author":[{"embeddable":true,"href":"https:\/\/www.nationalturk.com\/tr\/wp-json\/wp\/v2\/users\/3"}],"replies":[{"embeddable":true,"href":"https:\/\/www.nationalturk.com\/tr\/wp-json\/wp\/v2\/comments?post=211668"}],"version-history":[{"count":0,"href":"https:\/\/www.nationalturk.com\/tr\/wp-json\/wp\/v2\/posts\/211668\/revisions"}],"wp:featuredmedia":[{"embeddable":true,"href":"https:\/\/www.nationalturk.com\/tr\/wp-json\/wp\/v2\/media\/211670"}],"wp:attachment":[{"href":"https:\/\/www.nationalturk.com\/tr\/wp-json\/wp\/v2\/media?parent=211668"}],"wp:term":[{"taxonomy":"category","embeddable":true,"href":"https:\/\/www.nationalturk.com\/tr\/wp-json\/wp\/v2\/categories?post=211668"},{"taxonomy":"post_tag","embeddable":true,"href":"https:\/\/www.nationalturk.com\/tr\/wp-json\/wp\/v2\/tags?post=211668"}],"curies":[{"name":"wp","href":"https:\/\/api.w.org\/{rel}","templated":true}]}}