{"id":211806,"date":"2015-05-18T20:27:59","date_gmt":"2015-05-18T17:27:59","guid":{"rendered":"http:\/\/www.nationalturk.com\/?p=211806"},"modified":"2015-05-18T20:27:59","modified_gmt":"2015-05-18T17:27:59","slug":"sampiyonlar-ligi-finali-cuneyt-cakir-211806","status":"publish","type":"post","link":"https:\/\/www.nationalturk.com\/tr\/sampiyonlar-ligi-finali-cuneyt-cakir-211806\/","title":{"rendered":"\u015eampiyonlar Ligi finalinde C\u00fcneyt \u00c7ak\u0131r d\u00fcd\u00fck \u00e7alacak!"},"content":{"rendered":"<h1><img loading=\"lazy\" decoding=\"async\" class=\"aligncenter size-full wp-image-211809\" src=\"http:\/\/www.nationalturk.com\/tr\/wp-content\/uploads\/2015\/05\/cuneyt-cakir-sampiyonl-ligi-final.jpg\" alt=\"\" width=\"610\" height=\"370\" title=\"\" srcset=\"https:\/\/www.nationalturk.com\/tr\/wp-content\/uploads\/2015\/05\/cuneyt-cakir-sampiyonl-ligi-final.jpg 610w, https:\/\/www.nationalturk.com\/tr\/wp-content\/uploads\/2015\/05\/cuneyt-cakir-sampiyonl-ligi-final-280x170.jpg 280w, https:\/\/www.nationalturk.com\/tr\/wp-content\/uploads\/2015\/05\/cuneyt-cakir-sampiyonl-ligi-final-594x360.jpg 594w\" sizes=\"auto, (max-width: 610px) 100vw, 610px\" \/>Kul\u00fcpler baz\u0131nda Avrupa&#8217;n\u0131n 1 numaral\u0131 futbol organizasyonu olan UEFA \u015eampiyonlar Ligi finalinde, C\u00fcneyt \u00c7ak\u0131r d\u00fcd\u00fck \u00e7alacak.<\/h1>\n<p>Juventus ile Barcelona aras\u0131nda 6 Haziran&#8217;da Almanya&#8217;n\u0131n ba\u015fkenti Berlin&#8217;de oynanacak UEFA \u015eampiyonlar Ligi final ma\u00e7\u0131n\u0131, T\u00fcrk hakem C\u00fcneyt \u00c7ak\u0131r y\u00f6netecek.<\/p>\n<p>2014 D\u00fcnya Kupas\u0131&#8217;nda da g\u00f6rev alan C\u00fcneyt \u00c7ak\u0131r&#8217;\u0131n UEFA \u015eampiyonlar Ligi finaline atanmas\u0131, T\u00fcrk hakemli\u011finin geldi\u011fi en \u00fcst nokta olarak kabul ediliyor.<\/p>\n<p>UEFA&#8217;n\u0131n resmi internet sitesinde yap\u0131lan a\u00e7\u0131klamaya g\u00f6re, 38 ya\u015f\u0131ndaki ba\u015far\u0131l\u0131 hakemimizin yard\u0131mc\u0131l\u0131klar\u0131n\u0131 Bahattin Duran ve Tar\u0131k Ongun yapacak.<\/p>\n<p>D\u00f6rd\u00fcnc\u00fc hakemli\u011fini \u0130sve\u00e7li hakem Jonas Eriksson&#8217;un yapaca\u011f\u0131 dev finalin 5. hakemi H\u00fcseyin G\u00f6\u00e7ek, 6. hakemi ise Bar\u0131\u015f \u015eim\u015fek olacak. Yedek asistan hakem ise Mustafa Emre Eyisoy olarak a\u00e7\u0131kland\u0131.<\/p>\n<p><iframe loading=\"lazy\" src=\"https:\/\/www.youtube.com\/embed\/yZJm_kz6WoI\" width=\"610\" height=\"360\" frameborder=\"0\" allowfullscreen=\"allowfullscreen\"><\/iframe><\/p>\n<!-- Error, Advert is not available at this time due to schedule\/geolocation restrictions! -->\n","protected":false},"excerpt":{"rendered":"<p>Kul\u00fcpler baz\u0131nda Avrupa&#8217;n\u0131n 1 numaral\u0131 futbol organizasyonu olan UEFA \u015eampiyonlar Ligi finalinde, C\u00fcneyt \u00c7ak\u0131r d\u00fcd\u00fck \u00e7alacak.<\/p>\n","protected":false},"author":3,"featured_media":211809,"comment_status":"open","ping_status":"open","sticky":false,"template":"","format":"standard","meta":{"_acf_changed":false,"footnotes":""},"categories":[6774,5005,349,6194],"tags":[12376,190129,22187,828,188852,130546,161307,1482,97391,44578,7468],"class_list":["post-211806","post","type-post","status-publish","format-standard","has-post-thumbnail","hentry","category-futbol","category-manset","category-son-dakika","category-spor","tag-cuneyt-cakir","tag-cuneyt-cakir-sampiyonlar-ligi-final","tag-cuneyt-cakir-uefa","tag-sampiyonlar-ligi","tag-sampiyonlar-ligi-2015","tag-sampiyonlar-ligi-cuneyt-cakir","tag-sampiyonlar-ligi-final-mac-turu","tag-sampiyonlar-ligi-finali","tag-sampiyonlar-ligi-mac-turu","tag-sampiyonlar-ligi-maclari","tag-uefa-sampiyonlar-ligi"],"acf":[],"_links":{"self":[{"href":"https:\/\/www.nationalturk.com\/tr\/wp-json\/wp\/v2\/posts\/211806","targetHints":{"allow":["GET"]}}],"collection":[{"href":"https:\/\/www.nationalturk.com\/tr\/wp-json\/wp\/v2\/posts"}],"about":[{"href":"https:\/\/www.nationalturk.com\/tr\/wp-json\/wp\/v2\/types\/post"}],"author":[{"embeddable":true,"href":"https:\/\/www.nationalturk.com\/tr\/wp-json\/wp\/v2\/users\/3"}],"replies":[{"embeddable":true,"href":"https:\/\/www.nationalturk.com\/tr\/wp-json\/wp\/v2\/comments?post=211806"}],"version-history":[{"count":0,"href":"https:\/\/www.nationalturk.com\/tr\/wp-json\/wp\/v2\/posts\/211806\/revisions"}],"wp:featuredmedia":[{"embeddable":true,"href":"https:\/\/www.nationalturk.com\/tr\/wp-json\/wp\/v2\/media\/211809"}],"wp:attachment":[{"href":"https:\/\/www.nationalturk.com\/tr\/wp-json\/wp\/v2\/media?parent=211806"}],"wp:term":[{"taxonomy":"category","embeddable":true,"href":"https:\/\/www.nationalturk.com\/tr\/wp-json\/wp\/v2\/categories?post=211806"},{"taxonomy":"post_tag","embeddable":true,"href":"https:\/\/www.nationalturk.com\/tr\/wp-json\/wp\/v2\/tags?post=211806"}],"curies":[{"name":"wp","href":"https:\/\/api.w.org\/{rel}","templated":true}]}}