{"id":211853,"date":"2015-05-20T10:39:08","date_gmt":"2015-05-20T07:39:08","guid":{"rendered":"http:\/\/www.nationalturk.com\/?p=211853"},"modified":"2015-05-20T10:39:08","modified_gmt":"2015-05-20T07:39:08","slug":"vartoda-biri-uzman-onbasi-2-kisi-kayip-211853","status":"publish","type":"post","link":"https:\/\/www.nationalturk.com\/tr\/vartoda-biri-uzman-onbasi-2-kisi-kayip-211853\/","title":{"rendered":"Varto&#8217;da biri uzman onba\u015f\u0131 2 ki\u015fi kay\u0131p!"},"content":{"rendered":"<p><img loading=\"lazy\" decoding=\"async\" class=\"alignleft size-medium wp-image-211855\" src=\"http:\/\/www.nationalturk.com\/tr\/wp-content\/uploads\/2015\/05\/flash-haber8-245x220.jpg\" alt=\"\" width=\"245\" height=\"220\" title=\"\" srcset=\"https:\/\/www.nationalturk.com\/tr\/wp-content\/uploads\/2015\/05\/flash-haber8-245x220.jpg 245w, https:\/\/www.nationalturk.com\/tr\/wp-content\/uploads\/2015\/05\/flash-haber8-401x360.jpg 401w, https:\/\/www.nationalturk.com\/tr\/wp-content\/uploads\/2015\/05\/flash-haber8.jpg 900w\" sizes=\"auto, (max-width: 245px) 100vw, 245px\" \/><\/p>\n<h1>Mu\u015f&#8217;un Varto il\u00e7esinde bir uzman onba\u015f\u0131 ve saha \u00e7al\u0131\u015fmas\u0131na \u00e7\u0131kan uydu kontrol\u00fc personelinden haber al\u0131nam\u0131yor.<\/h1>\n<p>Mu\u015f Valili\u011fi&#8217;nden yap\u0131lan yaz\u0131l\u0131 a\u00e7\u0131klamada, d\u00fcn saha \u00e7al\u0131\u015fmas\u0131na \u00e7\u0131kan bir uydu personeline ula\u015f\u0131lamad\u0131\u011f\u0131 bilgisi \u0130l Jandarma Komutanl\u0131\u011f\u0131&#8217;na bildirildi.<\/p>\n<p>Ayr\u0131ca bu personelin yan\u0131nda \u00e7ocukluk arkada\u015f\u0131 oldu\u011fu \u00f6\u011frenilen bir uzman onba\u015f\u0131n\u0131n da bulundu\u011fu ve ikisinden de haber al\u0131namad\u0131\u011f\u0131n\u0131n bildirilmesi \u00fczerine jandarma ekipleri b\u00f6lgede arama \u00e7al\u0131\u015fmas\u0131 ba\u015flatt\u0131.<\/p>\n<p>A\u00e7\u0131klamada, &#8220;Yap\u0131lan \u00e7al\u0131\u015fmalarda \u015fah\u0131slar\u0131n 18 May\u0131s tarihinde Erzurum&#8217;un H\u0131n\u0131s il\u00e7esinden Mu\u015f&#8217;a saha \u00e7al\u0131\u015fmas\u0131 yapmak i\u00e7in 25 AV 528 plakal\u0131 ara\u00e7la yola \u00e7\u0131kt\u0131klar\u0131 ve bir daha kendilerinden haber al\u0131namad\u0131\u011f\u0131 tespit edilmi\u015ftir. Uzman onba\u015f\u0131n\u0131n Mardin&#8217;den izinli olarak Erzurum&#8217;a geldi\u011fi ve \u00e7ocukluk arkada\u015f\u0131 olan uydu g\u00f6revlisiyle k\u0131rsalda radyolink saha \u00e7al\u0131\u015fmas\u0131na kat\u0131ld\u0131\u011f\u0131 anla\u015f\u0131lm\u0131\u015ft\u0131r. \u015eah\u0131slar\u0131n PKK ter\u00f6r \u00f6rg\u00fct\u00fc mensuplar\u0131nca ka\u00e7\u0131r\u0131lm\u0131\u015f olabilecekleri de\u011ferlendirilmekte olup ilimiz genelinde bulunmalar\u0131na y\u00f6nelik her t\u00fcrl\u00fc arama, tarama ve yol kontrol\u00fc faaliyetleri devam etmektedir&#8221; ifadeleri yer ald\u0131.<\/p>\n<!-- Error, Advert is not available at this time due to schedule\/geolocation restrictions! -->\n","protected":false},"excerpt":{"rendered":"<p>Mu\u015f&#8217;un Varto il\u00e7esinde bir uzman onba\u015f\u0131 ve saha \u00e7al\u0131\u015fmas\u0131na \u00e7\u0131kan uydu kontrol\u00fc personelinden haber al\u0131nam\u0131yor.<\/p>\n","protected":false},"author":4,"featured_media":211860,"comment_status":"open","ping_status":"open","sticky":false,"template":"","format":"standard","meta":{"_acf_changed":false,"footnotes":""},"categories":[6155,349,6805],"tags":[7918,190171],"class_list":["post-211853","post","type-post","status-publish","format-standard","has-post-thumbnail","hentry","category-gundem","category-son-dakika","category-turkiye","tag-mus","tag-varto"],"acf":[],"_links":{"self":[{"href":"https:\/\/www.nationalturk.com\/tr\/wp-json\/wp\/v2\/posts\/211853","targetHints":{"allow":["GET"]}}],"collection":[{"href":"https:\/\/www.nationalturk.com\/tr\/wp-json\/wp\/v2\/posts"}],"about":[{"href":"https:\/\/www.nationalturk.com\/tr\/wp-json\/wp\/v2\/types\/post"}],"author":[{"embeddable":true,"href":"https:\/\/www.nationalturk.com\/tr\/wp-json\/wp\/v2\/users\/4"}],"replies":[{"embeddable":true,"href":"https:\/\/www.nationalturk.com\/tr\/wp-json\/wp\/v2\/comments?post=211853"}],"version-history":[{"count":0,"href":"https:\/\/www.nationalturk.com\/tr\/wp-json\/wp\/v2\/posts\/211853\/revisions"}],"wp:featuredmedia":[{"embeddable":true,"href":"https:\/\/www.nationalturk.com\/tr\/wp-json\/wp\/v2\/media\/211860"}],"wp:attachment":[{"href":"https:\/\/www.nationalturk.com\/tr\/wp-json\/wp\/v2\/media?parent=211853"}],"wp:term":[{"taxonomy":"category","embeddable":true,"href":"https:\/\/www.nationalturk.com\/tr\/wp-json\/wp\/v2\/categories?post=211853"},{"taxonomy":"post_tag","embeddable":true,"href":"https:\/\/www.nationalturk.com\/tr\/wp-json\/wp\/v2\/tags?post=211853"}],"curies":[{"name":"wp","href":"https:\/\/api.w.org\/{rel}","templated":true}]}}