{"id":212365,"date":"2015-05-29T10:18:39","date_gmt":"2015-05-29T07:18:39","guid":{"rendered":"http:\/\/www.nationalturk.com\/?p=212365"},"modified":"2015-05-29T10:18:39","modified_gmt":"2015-05-29T07:18:39","slug":"rusvet-operasyonu-abd-rusya-iliskilerini-etkilemez-212365","status":"publish","type":"post","link":"https:\/\/www.nationalturk.com\/tr\/rusvet-operasyonu-abd-rusya-iliskilerini-etkilemez-212365\/","title":{"rendered":"&#8220;R\u00fc\u015fvet operasyonu ABD-Rusya ili\u015fkilerini etkilemez&#8221;"},"content":{"rendered":"<h1><img loading=\"lazy\" decoding=\"async\" class=\"aligncenter size-full wp-image-212366\" src=\"http:\/\/www.nationalturk.com\/tr\/wp-content\/uploads\/2015\/05\/fifa-rusvet-abd-rusya.jpg\" alt=\"\" width=\"610\" height=\"384\" title=\"\" srcset=\"https:\/\/www.nationalturk.com\/tr\/wp-content\/uploads\/2015\/05\/fifa-rusvet-abd-rusya.jpg 610w, https:\/\/www.nationalturk.com\/tr\/wp-content\/uploads\/2015\/05\/fifa-rusvet-abd-rusya-280x176.jpg 280w, https:\/\/www.nationalturk.com\/tr\/wp-content\/uploads\/2015\/05\/fifa-rusvet-abd-rusya-572x360.jpg 572w\" sizes=\"auto, (max-width: 610px) 100vw, 610px\" \/>ABD D\u0131\u015fi\u015fleri Bakanl\u0131\u011f\u0131 S\u00f6zc\u00fcs\u00fc Jeff Rathke, FIFA\u2019da devam eden r\u00fc\u015fvet operasyonunun ABD ile Rusya aras\u0131ndaki ili\u015fkileri etkilemeyece\u011fini s\u00f6yledi.<\/h1>\n<p>S\u00f6zc\u00fc Jeff Rathke\u2019ye, g\u00fcnl\u00fck bas\u0131n brifinginde, Rusya Devlet Ba\u015fkan\u0131 Vladimir Putin\u2019in, r\u00fc\u015fvet operasyonuna ili\u015fkin \u201cABD&#8217;nin kendi yarg\u0131s\u0131n\u0131 ba\u015fka \u00fclkelerde yaymaya \u00e7al\u0131\u015fmas\u0131n\u0131n bariz bir giri\u015fimi\u201d nitelendirmesinde bulundu\u011fu hat\u0131rlat\u0131larak, operasyonun Washington-Moskova ili\u015fkilerini etkileyip etkilemeyece\u011fi soruldu.<\/p>\n<p>Rathke, soruya, \u201cBunun ili\u015fkilerde etkisi olaca\u011f\u0131n\u0131 d\u00fc\u015f\u00fcnm\u00fcyoruz\u201d yan\u0131t\u0131n\u0131 verdi.<\/p>\n<p>Putin\u2019in, ABD\u2019nin FIFA Ba\u015fkan\u0131 Sepp Blatter\u2019in yeniden ba\u015fkan se\u00e7ilmesini bloke etmek i\u00e7in di\u011fer \u00fclkeleri etkilemeye \u00e7al\u0131\u015ft\u0131\u011f\u0131 iddias\u0131nda da bulundu\u011funun y\u00f6neltilmesi \u00fczerine Rathke, \u201cBu do\u011fru de\u011fil, bu bizim yapt\u0131\u011f\u0131m\u0131z bir \u015fey de\u011fil ve b\u00f6yle bir \u015fey yapm\u0131yoruz\u201d diye konu\u015ftu.<\/p>\n<p>Vladimir Putin, Moskova&#8217;da gazetecilerin sorusuna verdi\u011fi cevapta, \u00fcst d\u00fczey FIFA yetkililerinin ABD&#8217;nin iste\u011fi \u00fczerine g\u00f6zalt\u0131na al\u0131nmas\u0131n\u0131n olduk\u00e7a garip oldu\u011funu belirterek, &#8220;Belki onlardan baz\u0131lar\u0131 bir \u015feyleri ihlal etmi\u015f olabilir, bunu bilmiyorum. Ama bu yetkililer ABD vatanda\u015f\u0131 de\u011fil, e\u011fer bir \u015feyler ya\u015fand\u0131ysa bile, bu Amerika s\u0131n\u0131rlar\u0131 d\u0131\u015f\u0131nda oldu ve ABD&#8217;nin bununla alakas\u0131 yok. Bu olay, ABD&#8217;nin kendi yarg\u0131s\u0131n\u0131 ba\u015fka \u00fclkelerde yaymaya \u00e7al\u0131\u015fmas\u0131n\u0131n bariz bir giri\u015fimidir&#8221; de\u011ferlendirmesinde bulunmu\u015ftu.<\/p>\n<!-- Error, Advert is not available at this time due to schedule\/geolocation restrictions! -->\n","protected":false},"excerpt":{"rendered":"<p>ABD D\u0131\u015fi\u015fleri Bakanl\u0131\u011f\u0131 S\u00f6zc\u00fcs\u00fc Jeff Rathke, FIFA\u2019da devam eden r\u00fc\u015fvet operasyonunun ABD ile Rusya aras\u0131ndaki ili\u015fkileri etkilemeyece\u011fini s\u00f6yledi.<\/p>\n","protected":false},"author":3,"featured_media":212366,"comment_status":"open","ping_status":"open","sticky":false,"template":"","format":"standard","meta":{"_acf_changed":false,"footnotes":""},"categories":[6768,6665,6155,5005,6202],"tags":[1887,77543,51749,7469,69637,1238,721,38016,1530,163807,188761,93631],"class_list":["post-212365","post","type-post","status-publish","format-standard","has-post-thumbnail","hentry","category-amerika","category-dunya","category-gundem","category-manset","category-politika","tag-abd","tag-abd-disisleri-bakanligi","tag-abd-rusya","tag-fifa","tag-fifa-rusvet","tag-moskova","tag-rusya","tag-rusya-devlet-baskani","tag-vladimir-putin","tag-vladimir-putin-amerika","tag-vladimir-putin-moskova","tag-vladimir-putin-rusya"],"acf":[],"_links":{"self":[{"href":"https:\/\/www.nationalturk.com\/tr\/wp-json\/wp\/v2\/posts\/212365","targetHints":{"allow":["GET"]}}],"collection":[{"href":"https:\/\/www.nationalturk.com\/tr\/wp-json\/wp\/v2\/posts"}],"about":[{"href":"https:\/\/www.nationalturk.com\/tr\/wp-json\/wp\/v2\/types\/post"}],"author":[{"embeddable":true,"href":"https:\/\/www.nationalturk.com\/tr\/wp-json\/wp\/v2\/users\/3"}],"replies":[{"embeddable":true,"href":"https:\/\/www.nationalturk.com\/tr\/wp-json\/wp\/v2\/comments?post=212365"}],"version-history":[{"count":0,"href":"https:\/\/www.nationalturk.com\/tr\/wp-json\/wp\/v2\/posts\/212365\/revisions"}],"wp:featuredmedia":[{"embeddable":true,"href":"https:\/\/www.nationalturk.com\/tr\/wp-json\/wp\/v2\/media\/212366"}],"wp:attachment":[{"href":"https:\/\/www.nationalturk.com\/tr\/wp-json\/wp\/v2\/media?parent=212365"}],"wp:term":[{"taxonomy":"category","embeddable":true,"href":"https:\/\/www.nationalturk.com\/tr\/wp-json\/wp\/v2\/categories?post=212365"},{"taxonomy":"post_tag","embeddable":true,"href":"https:\/\/www.nationalturk.com\/tr\/wp-json\/wp\/v2\/tags?post=212365"}],"curies":[{"name":"wp","href":"https:\/\/api.w.org\/{rel}","templated":true}]}}