{"id":212558,"date":"2015-06-01T17:28:12","date_gmt":"2015-06-01T14:28:12","guid":{"rendered":"http:\/\/www.nationalturk.com\/?p=212558"},"modified":"2015-06-01T17:28:12","modified_gmt":"2015-06-01T14:28:12","slug":"chpden-saray-davetine-yanit-kilicdaroglu-kacak-saraya-gitmeyecek-212558","status":"publish","type":"post","link":"https:\/\/www.nationalturk.com\/tr\/chpden-saray-davetine-yanit-kilicdaroglu-kacak-saraya-gitmeyecek-212558\/","title":{"rendered":"CHP&#8217;den saray davetine yan\u0131t: K\u0131l\u0131\u00e7daro\u011flu ka\u00e7ak saraya gitmeyecek"},"content":{"rendered":"<p><img loading=\"lazy\" decoding=\"async\" class=\"alignnone size-large wp-image-212559\" src=\"http:\/\/www.nationalturk.com\/tr\/wp-content\/uploads\/2015\/06\/erdogan_ak_saray-540x360.jpg\" alt=\"\" width=\"610\" height=\"390\" title=\"\"><\/p>\n<h1>CHP Genel Sekreteri G\u00fcrsel Tekin, iddialar\u0131na ili\u015fkin inceleme yapmak \u00fczere Cumhurba\u015fkanl\u0131\u011f\u0131 Saray\u0131&#8217;na davet edilen Genel Ba\u015fkan K\u0131l\u0131\u00e7daro\u011flu&#8217;nun, saraya gitmeyece\u011fini bildirdi.<\/h1>\n<p>Cumhurba\u015fkanl\u0131\u011f\u0131 Genel Sekreteri Fahri Kas\u0131rga, CHP Genel Ba\u015fkan\u0131 Kemal K\u0131l\u0131\u00e7daro\u011flu&#8217;nu, iddialar\u0131na ili\u015fkin inceleme yapmak \u00fczere Cumhurba\u015fkanl\u0131\u011f\u0131 Saray\u0131&#8217;na davet etmi\u015fti.<\/p>\n<p>CHP Bas\u0131n Biriminden yap\u0131lan a\u00e7\u0131klamada, Tekin&#8217;in, Cumhurba\u015fkanl\u0131\u011f\u0131 Genel Sekreteri Fahri Kas\u0131rga&#8217;n\u0131n resmi yaz\u0131s\u0131n\u0131 yan\u0131tlad\u0131\u011f\u0131 bildirildi.<\/p>\n<p>Buna g\u00f6re Tekin, yaz\u0131s\u0131nda \u015funlar\u0131 kaydetti:<\/p>\n<p>&#8220;Hukukun \u00fcst\u00fcnl\u00fc\u011f\u00fcne inanan ve yarg\u0131 kararlar\u0131na asgari sayg\u0131s\u0131 olan bir Cumhurba\u015fkan\u0131 ka\u00e7ak sarayda oturmaz. Hukukun \u00fcst\u00fcnl\u00fc\u011f\u00fc ilkesini i\u00e7selle\u015ftirmi\u015f, helal ve haram kavramlar\u0131n\u0131 vicdan\u0131n\u0131n ve ahlak\u0131n\u0131n temel \u00f6l\u00e7\u00fcs\u00fc haline getirmi\u015f Cumhuriyet Halk Partisi Genel Ba\u015fkan\u0131 Say\u0131n Kemal K\u0131l\u0131\u00e7daro\u011flu&#8217;nun ka\u00e7ak saraya gitmesi s\u00f6z konusu dahi de\u011fildir.&#8221;<\/p>\n<!-- Error, Advert is not available at this time due to schedule\/geolocation restrictions! -->\n","protected":false},"excerpt":{"rendered":"<p>CHP Genel Sekreteri Tekin, iddialar\u0131na ili\u015fkin inceleme yapmak \u00fczere Cumhurba\u015fkanl\u0131\u011f\u0131 Saray\u0131&#8217;na davet edilen Genel Ba\u015fkan K\u0131l\u0131\u00e7daro\u011flu&#8217;nun, saraya gitmeyece\u011fini bildirdi.<\/p>\n","protected":false},"author":4,"featured_media":212560,"comment_status":"open","ping_status":"open","sticky":false,"template":"","format":"standard","meta":{"_acf_changed":false,"footnotes":""},"categories":[6155,5005,6202,349,6805],"tags":[176570,190846,1709,5115],"class_list":["post-212558","post","type-post","status-publish","format-standard","has-post-thumbnail","hentry","category-gundem","category-manset","category-politika","category-son-dakika","category-turkiye","tag-cumhurbaskanligi-sarayi","tag-fahri-kasirga","tag-gursel-tekin","tag-kemal-kilicdaroglu"],"acf":[],"_links":{"self":[{"href":"https:\/\/www.nationalturk.com\/tr\/wp-json\/wp\/v2\/posts\/212558","targetHints":{"allow":["GET"]}}],"collection":[{"href":"https:\/\/www.nationalturk.com\/tr\/wp-json\/wp\/v2\/posts"}],"about":[{"href":"https:\/\/www.nationalturk.com\/tr\/wp-json\/wp\/v2\/types\/post"}],"author":[{"embeddable":true,"href":"https:\/\/www.nationalturk.com\/tr\/wp-json\/wp\/v2\/users\/4"}],"replies":[{"embeddable":true,"href":"https:\/\/www.nationalturk.com\/tr\/wp-json\/wp\/v2\/comments?post=212558"}],"version-history":[{"count":0,"href":"https:\/\/www.nationalturk.com\/tr\/wp-json\/wp\/v2\/posts\/212558\/revisions"}],"wp:featuredmedia":[{"embeddable":true,"href":"https:\/\/www.nationalturk.com\/tr\/wp-json\/wp\/v2\/media\/212560"}],"wp:attachment":[{"href":"https:\/\/www.nationalturk.com\/tr\/wp-json\/wp\/v2\/media?parent=212558"}],"wp:term":[{"taxonomy":"category","embeddable":true,"href":"https:\/\/www.nationalturk.com\/tr\/wp-json\/wp\/v2\/categories?post=212558"},{"taxonomy":"post_tag","embeddable":true,"href":"https:\/\/www.nationalturk.com\/tr\/wp-json\/wp\/v2\/tags?post=212558"}],"curies":[{"name":"wp","href":"https:\/\/api.w.org\/{rel}","templated":true}]}}