{"id":212562,"date":"2015-06-01T18:05:36","date_gmt":"2015-06-01T15:05:36","guid":{"rendered":"http:\/\/www.nationalturk.com\/?p=212562"},"modified":"2015-06-01T18:05:36","modified_gmt":"2015-06-01T15:05:36","slug":"federer-murray-ve-ferrer-ceyrek-finalde-212562","status":"publish","type":"post","link":"https:\/\/www.nationalturk.com\/tr\/federer-murray-ve-ferrer-ceyrek-finalde-212562\/","title":{"rendered":"Federer, Murray ve Ferrer \u00e7eyrek finalde"},"content":{"rendered":"<p><img loading=\"lazy\" decoding=\"async\" class=\"alignnone size-large wp-image-212563\" src=\"http:\/\/www.nationalturk.com\/tr\/wp-content\/uploads\/2015\/06\/federer_fransa-489x360.jpg\" alt=\"Federer\" width=\"610\" height=\"410\" title=\"\"><\/p>\n<h1>Fransa A\u00e7\u0131k Tenis Turnuvas\u0131nda Roger Federer, Andy Murray ve David Ferrer rakiplerini ma\u011flup ederek \u00e7eyrek finale y\u00fckseldi.<\/h1>\n<p>Sezonun ikinci grand slam tenis turnuvas\u0131 Fransa A\u00e7\u0131k&#8217;ta (Roland Garros) tek erkeklerin 2 numaral\u0131 seri ba\u015f\u0131 Roger Federer, 13 numaral\u0131 seri ba\u015f\u0131 Gael Monfils&#8217;i, 3 numaral\u0131 seri ba\u015f\u0131 Andy Murray, Jeremy Chardy&#8217;yi, 7 numaral\u0131 seri ba\u015f\u0131 David Ferrer de 9 numaral\u0131 seri ba\u015f\u0131 Marin Cilic&#8217;i yenerek \u00e7eyrek finale y\u00fckseldi.<\/p>\n<p>Fransa&#8217;n\u0131n ba\u015fkenti Paris&#8217;te d\u00fczenlenen turnuvada, 1-1&#8217;ken yar\u0131da kalan tek erkekler 4. tur ma\u00e7\u0131nda 2009 \u015fampiyonu \u0130svi\u00e7reli Roger Federer, 2008&#8217;de yar\u0131 final oynayan Frans\u0131z Gael Monfils kar\u015f\u0131s\u0131nda fazla zorlanmad\u0131 ve 6-4, 6-1 ald\u0131\u011f\u0131 setlerle sahadan 3-1 galip ayr\u0131ld\u0131.<\/p>\n<p>2011 ve 2014&#8217;te yar\u0131 finale kadar y\u00fckselen B\u00fcy\u00fck Britanyal\u0131 Andy Murray, ev sahibi \u00fclkeden d\u00fcnya 45 numaras\u0131 Jeremy Chardy&#8217;yi 6-4, 3-6, 6-3 ve 6-2&#8217;lik setlerle 3-1 ma\u011flup ederek \u00e7eyrek finalin yolunu tuttu. Murray b\u00f6ylece bu sezon toprak kortta oynad\u0131\u011f\u0131 14. kar\u015f\u0131la\u015fmay\u0131 da kazand\u0131.<\/p>\n<p>2013 finalisti \u0130spanyol David Ferrer de 9 numaral\u0131 seri ba\u015f\u0131 H\u0131rvat Marin Cilic&#8217;i 3-0 (6-2, 6-2, 6-4) ile ge\u00e7ti ve son 8&#8217;e kalmay\u0131 ba\u015fard\u0131.<\/p>\n<p>Tek kad\u0131nlarda ise 17 numaral\u0131 seri ba\u015f\u0131 \u0130talyan Sara Errani, d\u00fcnya s\u0131ralamas\u0131n\u0131n 72. basama\u011f\u0131ndaki Alman Julia Goerges&#8217;i 6-2&#8217;lik setlerle 2-0 yenerek \u00e7eyrek finale \u00e7\u0131kt\u0131.<\/p>\n<!-- Error, Advert is not available at this time due to schedule\/geolocation restrictions! -->\n","protected":false},"excerpt":{"rendered":"<p>Fransa A\u00e7\u0131k Tenis Turnuvas\u0131nda Roger Federer, Andy Murray ve David Ferrer rakiplerini ma\u011flup ederek \u00e7eyrek finale y\u00fckseldi.<\/p>\n","protected":false},"author":4,"featured_media":212564,"comment_status":"open","ping_status":"open","sticky":false,"template":"","format":"standard","meta":{"_acf_changed":false,"footnotes":""},"categories":[6194,6778],"tags":[49567,60899,60689,13232,151191,163380,13227,163382,190602],"class_list":["post-212562","post","type-post","status-publish","format-standard","has-post-thumbnail","hentry","category-spor","category-tenis","tag-andy-murray","tag-ceyrek-final","tag-david-ferrer","tag-federer","tag-ferrer","tag-fransa-tenis-turnuvasi","tag-roger-federer","tag-roger-federer-fransa","tag-roger-federer-fransa-acik"],"acf":[],"_links":{"self":[{"href":"https:\/\/www.nationalturk.com\/tr\/wp-json\/wp\/v2\/posts\/212562","targetHints":{"allow":["GET"]}}],"collection":[{"href":"https:\/\/www.nationalturk.com\/tr\/wp-json\/wp\/v2\/posts"}],"about":[{"href":"https:\/\/www.nationalturk.com\/tr\/wp-json\/wp\/v2\/types\/post"}],"author":[{"embeddable":true,"href":"https:\/\/www.nationalturk.com\/tr\/wp-json\/wp\/v2\/users\/4"}],"replies":[{"embeddable":true,"href":"https:\/\/www.nationalturk.com\/tr\/wp-json\/wp\/v2\/comments?post=212562"}],"version-history":[{"count":0,"href":"https:\/\/www.nationalturk.com\/tr\/wp-json\/wp\/v2\/posts\/212562\/revisions"}],"wp:featuredmedia":[{"embeddable":true,"href":"https:\/\/www.nationalturk.com\/tr\/wp-json\/wp\/v2\/media\/212564"}],"wp:attachment":[{"href":"https:\/\/www.nationalturk.com\/tr\/wp-json\/wp\/v2\/media?parent=212562"}],"wp:term":[{"taxonomy":"category","embeddable":true,"href":"https:\/\/www.nationalturk.com\/tr\/wp-json\/wp\/v2\/categories?post=212562"},{"taxonomy":"post_tag","embeddable":true,"href":"https:\/\/www.nationalturk.com\/tr\/wp-json\/wp\/v2\/tags?post=212562"}],"curies":[{"name":"wp","href":"https:\/\/api.w.org\/{rel}","templated":true}]}}