{"id":212615,"date":"2015-06-02T13:53:57","date_gmt":"2015-06-02T10:53:57","guid":{"rendered":"http:\/\/www.nationalturk.com\/?p=212615"},"modified":"2015-06-02T15:43:28","modified_gmt":"2015-06-02T12:43:28","slug":"irandan-iddia-yemende-turk-istihbaratcilar-yakalandi-212615","status":"publish","type":"post","link":"https:\/\/www.nationalturk.com\/tr\/irandan-iddia-yemende-turk-istihbaratcilar-yakalandi-212615\/","title":{"rendered":"\u0130ran&#8217;dan iddia: Yemen&#8217;de T\u00fcrk istihbarat\u00e7\u0131lar yakaland\u0131"},"content":{"rendered":"<p><img loading=\"lazy\" decoding=\"async\" class=\"alignnone size-large wp-image-212616\" src=\"http:\/\/www.nationalturk.com\/tr\/wp-content\/uploads\/2015\/06\/yemen_husiler_harekat-541x360.jpg\" alt=\"Yemen\" width=\"610\" height=\"390\" title=\"\"><\/p>\n<p>\u0130ran&#8217;\u0131n yar\u0131 resmi haber ajans\u0131 Fars&#8217;a konu\u015fan Ensarullah Hareketi liderlerinden Rezzak Hamit el Amcadi, Yemen&#8217;de yakalanan 8 ajan\u0131n aras\u0131nda T\u00fcrk istihbarat\u00e7\u0131lar\u0131n\u0131n da oldu\u011funu iddia etti.<\/p>\n<p>Fars, Suudi Arabistan \u00f6nc\u00fcl\u00fc\u011f\u00fcndeki Arap koalisyonunun 68 g\u00fcnd\u00fcr bombalad\u0131\u011f\u0131 Yemen\u2019de aralar\u0131nda T\u00fcrk istihbarat servisi i\u00e7in \u00e7al\u0131\u015ft\u0131\u011f\u0131 \u00f6ne s\u00fcr\u00fclen ki\u015filerin de bulundu\u011fu sekiz ajan\u0131n yakaland\u0131\u011f\u0131n\u0131 iddia etti. Ensarullah Hareketi liderlerinden Rezzak Hamit el Amcadi, sekiz casusun yakalad\u0131\u011f\u0131n\u0131 \u00f6ne s\u00fcrd\u00fc.<\/p>\n<p>\u0130ran ajans\u0131na konu\u015fan El Amcadi, yakalanan ki\u015filerin T\u00fcrkiye ve Katar istihbarat servisleri i\u00e7in \u00e7al\u0131\u015ft\u0131\u011f\u0131n\u0131 iddia etti. El Amcadi, casuslukla su\u00e7lanan ki\u015filerin ayr\u0131nt\u0131l\u0131 sorgulama i\u00e7in g\u00fcvenlik g\u00fc\u00e7lerine teslim edildi\u011fini bildirdi. Casuslukla su\u00e7lananlardan birinin Sudan vatanda\u015f\u0131 oldu\u011funu aktaran ajans, di\u011fer ki\u015filerin uyruklar\u0131 konusunda bilgi vermedi.<\/p>\n<!-- Error, Advert is not available at this time due to schedule\/geolocation restrictions! -->\n","protected":false},"excerpt":{"rendered":"<p>\u0130ran&#8217;\u0131n yar\u0131 resmi haber ajans\u0131 Fars&#8217;a konu\u015fan Ensarullah Hareketi liderlerinden Rezzak Hamit el Amcadi, Yemen&#8217;de yakalanan 8 ajan\u0131n aras\u0131nda T\u00fcrk istihbarat\u00e7\u0131lar\u0131n\u0131n da oldu\u011funu iddia etti. Fars, Suudi Arabistan \u00f6nc\u00fcl\u00fc\u011f\u00fcndeki Arap koalisyonunun 68 g\u00fcnd\u00fcr bombalad\u0131\u011f\u0131 Yemen\u2019de aralar\u0131nda T\u00fcrk istihbarat servisi i\u00e7in \u00e7al\u0131\u015ft\u0131\u011f\u0131 \u00f6ne s\u00fcr\u00fclen ki\u015filerin de bulundu\u011fu sekiz ajan\u0131n yakaland\u0131\u011f\u0131n\u0131 iddia etti. Ensarullah Hareketi liderlerinden Rezzak &hellip;<\/p>\n","protected":false},"author":4,"featured_media":212633,"comment_status":"open","ping_status":"open","sticky":false,"template":"","format":"standard","meta":{"_acf_changed":false,"footnotes":""},"categories":[6665,6155,5005,6772,6202,349],"tags":[86542,8076,8512,4788,195938,13734],"class_list":["post-212615","post","type-post","status-publish","format-standard","has-post-thumbnail","hentry","category-dunya","category-gundem","category-manset","category-ortadogu","category-politika","category-son-dakika","tag-fars","tag-mit","tag-sudan","tag-suudi-arabistan","tag-turkiye","tag-yemen"],"acf":[],"_links":{"self":[{"href":"https:\/\/www.nationalturk.com\/tr\/wp-json\/wp\/v2\/posts\/212615","targetHints":{"allow":["GET"]}}],"collection":[{"href":"https:\/\/www.nationalturk.com\/tr\/wp-json\/wp\/v2\/posts"}],"about":[{"href":"https:\/\/www.nationalturk.com\/tr\/wp-json\/wp\/v2\/types\/post"}],"author":[{"embeddable":true,"href":"https:\/\/www.nationalturk.com\/tr\/wp-json\/wp\/v2\/users\/4"}],"replies":[{"embeddable":true,"href":"https:\/\/www.nationalturk.com\/tr\/wp-json\/wp\/v2\/comments?post=212615"}],"version-history":[{"count":0,"href":"https:\/\/www.nationalturk.com\/tr\/wp-json\/wp\/v2\/posts\/212615\/revisions"}],"wp:featuredmedia":[{"embeddable":true,"href":"https:\/\/www.nationalturk.com\/tr\/wp-json\/wp\/v2\/media\/212633"}],"wp:attachment":[{"href":"https:\/\/www.nationalturk.com\/tr\/wp-json\/wp\/v2\/media?parent=212615"}],"wp:term":[{"taxonomy":"category","embeddable":true,"href":"https:\/\/www.nationalturk.com\/tr\/wp-json\/wp\/v2\/categories?post=212615"},{"taxonomy":"post_tag","embeddable":true,"href":"https:\/\/www.nationalturk.com\/tr\/wp-json\/wp\/v2\/tags?post=212615"}],"curies":[{"name":"wp","href":"https:\/\/api.w.org\/{rel}","templated":true}]}}