{"id":212757,"date":"2015-06-04T11:16:12","date_gmt":"2015-06-04T08:16:12","guid":{"rendered":"http:\/\/www.nationalturk.com\/?p=212757"},"modified":"2015-06-04T11:16:12","modified_gmt":"2015-06-04T08:16:12","slug":"meksikada-ogretmenlerden-secime-boykot-cagrisi-212757","status":"publish","type":"post","link":"https:\/\/www.nationalturk.com\/tr\/meksikada-ogretmenlerden-secime-boykot-cagrisi-212757\/","title":{"rendered":"Meksika&#8217;da \u00f6\u011fretmenlerden se\u00e7ime boykot \u00e7a\u011fr\u0131s\u0131"},"content":{"rendered":"<p><img loading=\"lazy\" decoding=\"async\" class=\"alignnone size-full wp-image-212761\" src=\"http:\/\/www.nationalturk.com\/tr\/wp-content\/uploads\/2015\/06\/meksika_eylem_ogretmenler.jpg\" alt=\"Meksika\" width=\"600\" height=\"400\" title=\"\" srcset=\"https:\/\/www.nationalturk.com\/tr\/wp-content\/uploads\/2015\/06\/meksika_eylem_ogretmenler.jpg 600w, https:\/\/www.nationalturk.com\/tr\/wp-content\/uploads\/2015\/06\/meksika_eylem_ogretmenler-180x120.jpg 180w, https:\/\/www.nationalturk.com\/tr\/wp-content\/uploads\/2015\/06\/meksika_eylem_ogretmenler-280x187.jpg 280w, https:\/\/www.nationalturk.com\/tr\/wp-content\/uploads\/2015\/06\/meksika_eylem_ogretmenler-540x360.jpg 540w\" sizes=\"auto, (max-width: 600px) 100vw, 600px\" \/><\/p>\n<h1>Meksika&#8217;da e\u011fitim reformunu protesto eden \u00f6\u011fretmenler, havaalan\u0131 i\u015fgal ederek hafta sonu yap\u0131lacak ara se\u00e7imleri boykot \u00e7a\u011fr\u0131s\u0131nda bulundu.<\/h1>\n<p>Oaxaca de Juares kentindeki Uluslararas\u0131 Santa Cruz Xoxocotlan Havaalan\u0131&#8217;nda seferlerin aksamas\u0131na neden olan g\u00f6steri s\u0131ras\u0131nda herhangi bir \u015fiddet olay\u0131 meydana gelmedi.<\/p>\n<p>\u00d6\u011fretmenler, devlet okullar\u0131 reform yasas\u0131na eklenmesi \u00f6ng\u00f6r\u00fclen h\u00fck\u00fcmleri, do\u011frudan i\u00e7i\u015fleri, e\u011fitim ve maliye bakanl\u0131klar\u0131yla m\u00fczakere etmeyi talep ediyor. Reform yasas\u0131na ilave edilmesi planlanan h\u00fck\u00fcmler aras\u0131nda, \u00f6\u011fretmenlerin bu y\u0131ldan itibaren zorunlu s\u0131nava tabi tutulmas\u0131 bulunuyor. \u00dc\u00e7 kez de\u011ferlendirme s\u0131nav\u0131n\u0131 ge\u00e7emeyen \u00f6\u011fretmenlerin i\u015flerine son verilmesi \u00f6ng\u00f6r\u00fcl\u00fcyor.<\/p>\n<p>Meksika \u00e7ap\u0131nda 100 bin civar\u0131nda \u00fcyesi bulunan e\u011fitim \u00e7al\u0131\u015fanlar\u0131 sendikas\u0131 CNTE, pazartesi g\u00fcn\u00fc s\u00fcresiz grev karar\u0131 ald\u0131\u011f\u0131n\u0131 duyurmu\u015ftu. G\u00f6stericiler, pazartesi g\u00fcn\u00fcnden bu yana Guerrero, Oaxaca ve Chiapas eyaletlerinde h\u00fck\u00fcmet binalar\u0131na zarar verdi ve se\u00e7im belgelerini yakt\u0131.<\/p>\n<p>Reform yasas\u0131n\u0131n yan\u0131 s\u0131ra yolsuzlu\u011fu da protesto eden \u00f6\u011fretmenler, Kongre&#8217;nin 500 \u00fcyesinin, 9 valinin ve y\u00fczlerce belediye ba\u015fkan\u0131n\u0131n belirlenece\u011fi, 7 Haziran&#8217;da yap\u0131lacak ara se\u00e7imleri boykot etme \u00e7a\u011fr\u0131s\u0131 yapt\u0131.<\/p>\n<p>Ulusal Se\u00e7im Kurumu Ba\u015fkan\u0131 Lorenzo Cordova, CNTE&#8217;nin, Oaxaca eyaletinde 11 se\u00e7im merkezini i\u015fgal etti\u011fini a\u00e7\u0131klad\u0131. Guerrero, Oaxaca ve Michoacan, Meksika&#8217;da ara se\u00e7imlerde kaos ya\u015fanmas\u0131 en muhtemel eyaletler olarak g\u00f6steriliyor.<\/p>\n<!-- Error, Advert is not available at this time due to schedule\/geolocation restrictions! -->\n","protected":false},"excerpt":{"rendered":"<p>Meksika&#8217;da e\u011fitim reformunu protesto eden \u00f6\u011fretmenler, havaalan\u0131 i\u015fgal ederek hafta sonu yap\u0131lacak ara se\u00e7imleri boykot \u00e7a\u011fr\u0131s\u0131nda bulundu.<\/p>\n","protected":false},"author":4,"featured_media":212761,"comment_status":"open","ping_status":"open","sticky":false,"template":"","format":"standard","meta":{"_acf_changed":false,"footnotes":""},"categories":[6665,6155,6771,5005,6202],"tags":[81238,827],"class_list":["post-212757","post","type-post","status-publish","format-standard","has-post-thumbnail","hentry","category-dunya","category-gundem","category-latin-amerika","category-manset","category-politika","tag-guerrero","tag-meksika"],"acf":[],"_links":{"self":[{"href":"https:\/\/www.nationalturk.com\/tr\/wp-json\/wp\/v2\/posts\/212757","targetHints":{"allow":["GET"]}}],"collection":[{"href":"https:\/\/www.nationalturk.com\/tr\/wp-json\/wp\/v2\/posts"}],"about":[{"href":"https:\/\/www.nationalturk.com\/tr\/wp-json\/wp\/v2\/types\/post"}],"author":[{"embeddable":true,"href":"https:\/\/www.nationalturk.com\/tr\/wp-json\/wp\/v2\/users\/4"}],"replies":[{"embeddable":true,"href":"https:\/\/www.nationalturk.com\/tr\/wp-json\/wp\/v2\/comments?post=212757"}],"version-history":[{"count":0,"href":"https:\/\/www.nationalturk.com\/tr\/wp-json\/wp\/v2\/posts\/212757\/revisions"}],"wp:featuredmedia":[{"embeddable":true,"href":"https:\/\/www.nationalturk.com\/tr\/wp-json\/wp\/v2\/media\/212761"}],"wp:attachment":[{"href":"https:\/\/www.nationalturk.com\/tr\/wp-json\/wp\/v2\/media?parent=212757"}],"wp:term":[{"taxonomy":"category","embeddable":true,"href":"https:\/\/www.nationalturk.com\/tr\/wp-json\/wp\/v2\/categories?post=212757"},{"taxonomy":"post_tag","embeddable":true,"href":"https:\/\/www.nationalturk.com\/tr\/wp-json\/wp\/v2\/tags?post=212757"}],"curies":[{"name":"wp","href":"https:\/\/api.w.org\/{rel}","templated":true}]}}