{"id":212847,"date":"2015-06-05T11:28:17","date_gmt":"2015-06-05T08:28:17","guid":{"rendered":"http:\/\/www.nationalturk.com\/?p=212847"},"modified":"2015-06-05T11:28:17","modified_gmt":"2015-06-05T08:28:17","slug":"futbol-dunyasini-sarsan-iddia-irina-shayk-ve-sepp-blatter-212847","status":"publish","type":"post","link":"https:\/\/www.nationalturk.com\/tr\/futbol-dunyasini-sarsan-iddia-irina-shayk-ve-sepp-blatter-212847\/","title":{"rendered":"Futbol d\u00fcnyas\u0131n\u0131 sarsan iddia! Irina Shayk ve Sepp Blatter"},"content":{"rendered":"<p><img loading=\"lazy\" decoding=\"async\" class=\"alignnone size-large wp-image-212848\" src=\"http:\/\/www.nationalturk.com\/tr\/wp-content\/uploads\/2015\/06\/sepp_blatter_936111-610x320.jpg\" alt=\"Sepp Blatter\" width=\"610\" height=\"320\" title=\"\" srcset=\"https:\/\/www.nationalturk.com\/tr\/wp-content\/uploads\/2015\/06\/sepp_blatter_936111-610x320.jpg 610w, https:\/\/www.nationalturk.com\/tr\/wp-content\/uploads\/2015\/06\/sepp_blatter_936111-280x147.jpg 280w, https:\/\/www.nationalturk.com\/tr\/wp-content\/uploads\/2015\/06\/sepp_blatter_936111-900x473.jpg 900w, https:\/\/www.nationalturk.com\/tr\/wp-content\/uploads\/2015\/06\/sepp_blatter_936111.jpg 1200w\" sizes=\"auto, (max-width: 610px) 100vw, 610px\" \/><\/p>\n<h1>R\u00fc\u015fvet ve yolsuzluk operasyonuyla sars\u0131lan FIFA ve futbol d\u00fcnyas\u0131nda yeni bir bomba iddia ortaya at\u0131ld\u0131. \u0130ddiaya g\u00f6re Cristiano Ronaldo&#8217;nun eski sevgilisi Irina Shayk ile FIFA Ba\u015fkan\u0131 Sepp Blatter ili\u015fki ya\u015fad\u0131.<\/h1>\n<p>Real Madrid\u2019in y\u0131ld\u0131z\u0131 Cristiano Ronaldo\u2019nun eski sevgilisi Irina Shayk ve FIFA Ba\u015fkan\u0131 Sepp Blatter\u2019in aras\u0131nda ili\u015fki oldu\u011fu iddias\u0131 ortal\u0131\u011f\u0131 kar\u0131\u015ft\u0131rd\u0131.<\/p>\n<p>\u0130spanya\u2019n\u0131n \u00fcnl\u00fc gazetelerinden El Mundo Deportivo, 28 ya\u015f\u0131ndaki \u00fcnl\u00fc mankenin 79 ya\u015f\u0131ndaki FIFA Ba\u015fkan\u0131 Sepp Blatter ile ili\u015fki ya\u015fad\u0131\u011f\u0131n\u0131 ileri s\u00fcrd\u00fc. Irina\u00a0Shayk, Ronaldo\u2019dan ayr\u0131ld\u0131ktan sonra Hollywood\u2019un \u00fcnl\u00fc akt\u00f6r\u00fc Bradley Cooper ile birlikte olmaya ba\u015flam\u0131\u015ft\u0131.<\/p>\n<!-- Error, Advert is not available at this time due to schedule\/geolocation restrictions! -->\n","protected":false},"excerpt":{"rendered":"<p>R\u00fc\u015fvet ve yolsuzluk operasyonuyla sars\u0131lan FIFA ve futbol d\u00fcnyas\u0131nda yeni bir bomba iddia ortaya at\u0131ld\u0131. \u0130ddiaya g\u00f6re Cristiano Ronaldo&#8217;nun eski sevgilisi Irina Shayk ile FIFA Ba\u015fkan\u0131 Sepp Blatter ili\u015fki ya\u015fad\u0131.<\/p>\n","protected":false},"author":4,"featured_media":212850,"comment_status":"open","ping_status":"open","sticky":false,"template":"","format":"standard","meta":{"_acf_changed":false,"footnotes":""},"categories":[6774,6232,5005,6194],"tags":[144248,7469,86868,34721,73773,15,2617,58669],"class_list":["post-212847","post","type-post","status-publish","format-standard","has-post-thumbnail","hentry","category-futbol","category-magazin","category-manset","category-spor","tag-el-mundo-deportivo","tag-fifa","tag-fifa-yolsuzluk","tag-irina-shayk","tag-irina-shayk-ronaldo","tag-ispanya","tag-ronaldo","tag-sepp-blatter"],"acf":[],"_links":{"self":[{"href":"https:\/\/www.nationalturk.com\/tr\/wp-json\/wp\/v2\/posts\/212847","targetHints":{"allow":["GET"]}}],"collection":[{"href":"https:\/\/www.nationalturk.com\/tr\/wp-json\/wp\/v2\/posts"}],"about":[{"href":"https:\/\/www.nationalturk.com\/tr\/wp-json\/wp\/v2\/types\/post"}],"author":[{"embeddable":true,"href":"https:\/\/www.nationalturk.com\/tr\/wp-json\/wp\/v2\/users\/4"}],"replies":[{"embeddable":true,"href":"https:\/\/www.nationalturk.com\/tr\/wp-json\/wp\/v2\/comments?post=212847"}],"version-history":[{"count":0,"href":"https:\/\/www.nationalturk.com\/tr\/wp-json\/wp\/v2\/posts\/212847\/revisions"}],"wp:featuredmedia":[{"embeddable":true,"href":"https:\/\/www.nationalturk.com\/tr\/wp-json\/wp\/v2\/media\/212850"}],"wp:attachment":[{"href":"https:\/\/www.nationalturk.com\/tr\/wp-json\/wp\/v2\/media?parent=212847"}],"wp:term":[{"taxonomy":"category","embeddable":true,"href":"https:\/\/www.nationalturk.com\/tr\/wp-json\/wp\/v2\/categories?post=212847"},{"taxonomy":"post_tag","embeddable":true,"href":"https:\/\/www.nationalturk.com\/tr\/wp-json\/wp\/v2\/tags?post=212847"}],"curies":[{"name":"wp","href":"https:\/\/api.w.org\/{rel}","templated":true}]}}