{"id":213033,"date":"2015-06-08T12:39:40","date_gmt":"2015-06-08T09:39:40","guid":{"rendered":"http:\/\/www.nationalturk.com\/?p=213033"},"modified":"2015-06-08T12:39:40","modified_gmt":"2015-06-08T09:39:40","slug":"arinc-gokcekle-ilgili-konusmadi-daha-bugun-8-haziran-8-haziran-sonrasi-degil-213033","status":"publish","type":"post","link":"https:\/\/www.nationalturk.com\/tr\/arinc-gokcekle-ilgili-konusmadi-daha-bugun-8-haziran-8-haziran-sonrasi-degil-213033\/","title":{"rendered":"Ar\u0131n\u00e7 G\u00f6k\u00e7ek&#8217;le ilgili konu\u015fmad\u0131! &#8220;Daha bug\u00fcn 8 Haziran, 8 Haziran sonras\u0131 de\u011fil&#8221;"},"content":{"rendered":"<p><img loading=\"lazy\" decoding=\"async\" class=\"alignnone size-large wp-image-213035\" src=\"http:\/\/www.nationalturk.com\/tr\/wp-content\/uploads\/2015\/06\/bulent_arinc_8888-558x360.jpg\" alt=\"B\u00fclent Ar\u0131n\u00e7\" width=\"610\" height=\"390\" title=\"\"><\/p>\n<h1>Ba\u015fbakan Yard\u0131mc\u0131s\u0131 B\u00fclent Ar\u0131n\u00e7 se\u00e7im sonu\u00e7lar\u0131n\u0131 de\u011ferlendirirken &#8216;G\u00f6k\u00e7ek&#8217;le ilgili 8 Haziran&#8217;dan sonra konu\u015faca\u011f\u0131m&#8217; s\u00f6zlerinin hat\u0131rlat\u0131lmas\u0131 \u00fczerine &#8216;Daha bug\u00fcn 8 Haziran, 8 Haziran&#8217;dan sonras\u0131 de\u011fil&#8217; dedi.<\/h1>\n<p>AKP&#8217;li B\u00fclent Ar\u0131n\u00e7, se\u00e7im sonu\u00e7lar\u0131n\u0131 de\u011ferlendirdi. Ba\u015fbakan Ahmet Davuto\u011flu&#8217;yla yapaca\u011f\u0131 toplant\u0131 \u00f6ncesi AKP Genel Merkezi \u00f6n\u00fcnde bas\u0131na a\u00e7\u0131klamalarda bulunan B\u00fclent Ar\u0131n\u00e7, se\u00e7imlerin HDP i\u00e7in ba\u015far\u0131l\u0131 oldu\u011funu s\u00f6yleyerek &#8220;HDP, AK Parti iktidar\u0131n\u0131 y\u0131kmak i\u00e7in bir ko\u00e7ba\u015f\u0131 olarak kullan\u0131lm\u0131\u015ft\u0131r&#8221; dedi.<\/p>\n<p>B\u00fclent Ar\u0131n\u00e7, &#8220;G\u00f6k\u00e7ek ile ilgili 100 konuyu 8 Haziran&#8217;dan itibaren \u00f6mr\u00fcm vefa ederse konu\u015fmak isterim&#8221; s\u00f6zlerinin hat\u0131rlat\u0131lmas\u0131 \u00fczerine &#8220;Bir\u00e7ok a\u00e7\u0131klama yapaca\u011f\u0131m\u0131 s\u00f6ylemi\u015ftim. Ama daha bug\u00fcn 8 Haziran. 8 Haziran&#8217;dan sonras\u0131 de\u011fil&#8221; diye konu\u015ftu.<\/p>\n<p>Ar\u0131n\u00e7 se\u00e7im sonu\u00e7lar\u0131yla ilgili ise \u015funlar\u0131 s\u00f6yledi:<\/p>\n<p>&#8220;Ben bu partinin kurucusuyum 13 y\u0131ld\u0131r bu partide zafer g\u00f6rd\u00fcm. D\u00fcn ak\u015fam da siyasi hayat\u0131m bitti. D\u00fcn de zaferle bitsin isterdim HDP i\u00e7in ba\u015far\u0131 oldu\u011funu kabul etmeliyiz. Bir sonu\u00e7 \u00e7\u0131karmal\u0131y\u0131z. Ba\u015far\u0131l\u0131 olan HDP&#8217;dir CHP ve MHP ba\u015far\u0131l\u0131 de\u011fildir.<\/p>\n<p>AK Parti iktidarlara al\u0131\u015fm\u0131\u015ft\u0131. Bu a\u00e7\u0131dan bakt\u0131\u011f\u0131m\u0131zda sonu\u00e7lar\u0131 de\u011ferlendirmemiz laz\u0131m. Ancak yi\u011fit d\u00fc\u015ft\u00fc\u011f\u00fc yerden kalkar. \u00dcz\u00fcc\u00fc bir sonu\u00e7 elde ettik. Bu se\u00e7imde AK Parti&#8217;yi d\u00fc\u015f\u00fcrmek i\u00e7in HDP kullan\u0131lm\u0131\u015ft\u0131r. MHP, HDP&#8217;ye maddi destek sa\u011flam\u0131\u015f olabilir. HDP, AK Parti iktidar\u0131n\u0131 y\u0131kmak i\u00e7in bir ko\u00e7ba\u015f\u0131 olarak kullan\u0131lm\u0131\u015ft\u0131r. HDP bir projedir. Eserleriyle nas\u0131l \u00f6v\u00fcnd\u00fckleri ortadad\u0131r. Se\u00e7im meydanlar\u0131nda da MHP HDP aleyhine HDP de MHP alyehine konu\u015fmam\u0131\u015ft\u0131r. Aralar\u0131nda a\u00e7\u0131k ve gizli bir ittifak vard\u0131r.\u00a0Koalisyon i\u00e7in \u00f6nerim MHP, CHP ve HDP kurmal\u0131d\u0131r. Eseriniz ortada.&#8221;<\/p>\n<!-- Error, Advert is not available at this time due to schedule\/geolocation restrictions! -->\n","protected":false},"excerpt":{"rendered":"<p>Ba\u015fbakan Yard\u0131mc\u0131s\u0131 B\u00fclent Ar\u0131n\u00e7 se\u00e7im sonu\u00e7lar\u0131n\u0131 de\u011ferlendirirken &#8216;G\u00f6k\u00e7ek&#8217;le ilgili 8 Haziran&#8217;dan sonra konu\u015faca\u011f\u0131m&#8217; s\u00f6zlerinin hat\u0131rlat\u0131lmas\u0131 \u00fczerine &#8216;Daha bug\u00fcn 8 Haziran, 8 Haziran&#8217;dan sonras\u0131 de\u011fil&#8217; dedi.<\/p>\n","protected":false},"author":4,"featured_media":213036,"comment_status":"open","ping_status":"open","sticky":false,"template":"","format":"standard","meta":{"_acf_changed":false,"footnotes":""},"categories":[6155,5005,6202,349,6805],"tags":[191315,4208,13480,53497],"class_list":["post-213033","post","type-post","status-publish","format-standard","has-post-thumbnail","hentry","category-gundem","category-manset","category-politika","category-son-dakika","category-turkiye","tag-arinc-gokcek","tag-bulent-arinc","tag-melih-gokcek","tag-secim-sonuclari"],"acf":[],"_links":{"self":[{"href":"https:\/\/www.nationalturk.com\/tr\/wp-json\/wp\/v2\/posts\/213033","targetHints":{"allow":["GET"]}}],"collection":[{"href":"https:\/\/www.nationalturk.com\/tr\/wp-json\/wp\/v2\/posts"}],"about":[{"href":"https:\/\/www.nationalturk.com\/tr\/wp-json\/wp\/v2\/types\/post"}],"author":[{"embeddable":true,"href":"https:\/\/www.nationalturk.com\/tr\/wp-json\/wp\/v2\/users\/4"}],"replies":[{"embeddable":true,"href":"https:\/\/www.nationalturk.com\/tr\/wp-json\/wp\/v2\/comments?post=213033"}],"version-history":[{"count":0,"href":"https:\/\/www.nationalturk.com\/tr\/wp-json\/wp\/v2\/posts\/213033\/revisions"}],"wp:featuredmedia":[{"embeddable":true,"href":"https:\/\/www.nationalturk.com\/tr\/wp-json\/wp\/v2\/media\/213036"}],"wp:attachment":[{"href":"https:\/\/www.nationalturk.com\/tr\/wp-json\/wp\/v2\/media?parent=213033"}],"wp:term":[{"taxonomy":"category","embeddable":true,"href":"https:\/\/www.nationalturk.com\/tr\/wp-json\/wp\/v2\/categories?post=213033"},{"taxonomy":"post_tag","embeddable":true,"href":"https:\/\/www.nationalturk.com\/tr\/wp-json\/wp\/v2\/tags?post=213033"}],"curies":[{"name":"wp","href":"https:\/\/api.w.org\/{rel}","templated":true}]}}