{"id":213084,"date":"2015-06-09T10:06:12","date_gmt":"2015-06-09T07:06:12","guid":{"rendered":"http:\/\/www.nationalturk.com\/?p=213084"},"modified":"2015-06-09T10:06:12","modified_gmt":"2015-06-09T07:06:12","slug":"turk-sanatci-new-york-sergi-213084","status":"publish","type":"post","link":"https:\/\/www.nationalturk.com\/tr\/turk-sanatci-new-york-sergi-213084\/","title":{"rendered":"T\u00fcrk sanat\u00e7\u0131dan New York&#8217;ta sergi"},"content":{"rendered":"<h1><img loading=\"lazy\" decoding=\"async\" class=\"aligncenter size-full wp-image-213086\" src=\"http:\/\/www.nationalturk.com\/tr\/wp-content\/uploads\/2015\/06\/julide-mardin-new-york.jpg\" alt=\"\" width=\"610\" height=\"377\" title=\"\" srcset=\"https:\/\/www.nationalturk.com\/tr\/wp-content\/uploads\/2015\/06\/julide-mardin-new-york.jpg 610w, https:\/\/www.nationalturk.com\/tr\/wp-content\/uploads\/2015\/06\/julide-mardin-new-york-280x173.jpg 280w, https:\/\/www.nationalturk.com\/tr\/wp-content\/uploads\/2015\/06\/julide-mardin-new-york-582x360.jpg 582w\" sizes=\"auto, (max-width: 610px) 100vw, 610px\" \/>T\u00fcrk sanat\u00e7\u0131 J\u00fclide Mardin, ABD&#8217;nin New York kentindeki &#8220;Bushwick A\u00e7\u0131k St\u00fcdyolar&#8221; sanat festivali kapsam\u0131nda sergi a\u00e7t\u0131.<\/h1>\n<p>Grammy \u00d6d\u00fcll\u00fc T\u00fcrk m\u00fczik yap\u0131mc\u0131s\u0131 Arif Mardin&#8217;in k\u0131z\u0131 J\u00fclide Mardin, New York&#8217;un y\u00fckselen sanat b\u00f6lgelerinden biri haline gelen Bushwick&#8217;te bulunan st\u00fcdyosunda &#8220;Yeni Eski \u00c7al\u0131\u015fmalar, De\u011fi\u015ftirilmi\u015f Kataloglar ve Paket A\u00e7ma&#8221; adl\u0131 sergi d\u00fczenledi.<\/p>\n<p>New York ve \u0130stanbul&#8217;da ya\u015fayan Mardin, AA muhabirine yapt\u0131\u011f\u0131 a\u00e7\u0131klamada, \u00f6nce babas\u0131n\u0131, ard\u0131ndan annesini kaybetmesiyle her zaman ta\u015f\u0131nmaya mahkum olmas\u0131ndan olumsuz etkiledi\u011fini belirtti. Mardin, b\u00f6ylece sergi kataloglar\u0131n\u0131 keserek farkl\u0131 bir forma d\u00f6n\u00fc\u015ft\u00fcr\u00fcp yeni eserler yapmaya ba\u015flad\u0131\u011f\u0131n\u0131 ifade etti.<\/p>\n<p>Sergisindeki eserleriyle, \u015fiddet ve sava\u015f kadar b\u00fcrokrasiyi de ele\u015ftirdi\u011fini ifade eden Mardin, st\u00fcdyosunda foto\u011fraf, kolaj, k\u00fc\u00e7\u00fck heykeller ve video yerle\u015ftirme sanat\u0131n\u0131 sergiledi.<\/p>\n<p>J\u00fclide Mardin, medyadaki s\u0131n\u0131rlama, sava\u015f ve \u015fiddet ba\u015fta olmak \u00fczere t\u00fcm dayatmalar\u0131 yeniden tan\u0131mlad\u0131\u011f\u0131n\u0131, eserleriyle toplumun \u015fiddet do\u011fas\u0131 ve oyuncaklar arac\u0131l\u0131\u011f\u0131yla sava\u015f\u0131n metala\u015ft\u0131r\u0131lmas\u0131na kar\u015f\u0131 \u00e7\u0131kt\u0131\u011f\u0131n\u0131 ifade etti.<\/p>\n<!-- Error, Advert is not available at this time due to schedule\/geolocation restrictions! -->\n","protected":false},"excerpt":{"rendered":"<p>T\u00fcrk sanat\u00e7\u0131 J\u00fclide Mardin, ABD&#8217;nin New York kentindeki &#8220;Bushwick A\u00e7\u0131k St\u00fcdyolar&#8221; sanat festivali kapsam\u0131nda sergi a\u00e7t\u0131.<\/p>\n","protected":false},"author":3,"featured_media":213086,"comment_status":"open","ping_status":"open","sticky":false,"template":"","format":"standard","meta":{"_acf_changed":false,"footnotes":""},"categories":[6221,6670,6662],"tags":[2230,79948],"class_list":["post-213084","post","type-post","status-publish","format-standard","has-post-thumbnail","hentry","category-kultur","category-sanat","category-yasam","tag-new-york","tag-new-york-amerika"],"acf":[],"_links":{"self":[{"href":"https:\/\/www.nationalturk.com\/tr\/wp-json\/wp\/v2\/posts\/213084","targetHints":{"allow":["GET"]}}],"collection":[{"href":"https:\/\/www.nationalturk.com\/tr\/wp-json\/wp\/v2\/posts"}],"about":[{"href":"https:\/\/www.nationalturk.com\/tr\/wp-json\/wp\/v2\/types\/post"}],"author":[{"embeddable":true,"href":"https:\/\/www.nationalturk.com\/tr\/wp-json\/wp\/v2\/users\/3"}],"replies":[{"embeddable":true,"href":"https:\/\/www.nationalturk.com\/tr\/wp-json\/wp\/v2\/comments?post=213084"}],"version-history":[{"count":0,"href":"https:\/\/www.nationalturk.com\/tr\/wp-json\/wp\/v2\/posts\/213084\/revisions"}],"wp:featuredmedia":[{"embeddable":true,"href":"https:\/\/www.nationalturk.com\/tr\/wp-json\/wp\/v2\/media\/213086"}],"wp:attachment":[{"href":"https:\/\/www.nationalturk.com\/tr\/wp-json\/wp\/v2\/media?parent=213084"}],"wp:term":[{"taxonomy":"category","embeddable":true,"href":"https:\/\/www.nationalturk.com\/tr\/wp-json\/wp\/v2\/categories?post=213084"},{"taxonomy":"post_tag","embeddable":true,"href":"https:\/\/www.nationalturk.com\/tr\/wp-json\/wp\/v2\/tags?post=213084"}],"curies":[{"name":"wp","href":"https:\/\/api.w.org\/{rel}","templated":true}]}}