{"id":213190,"date":"2015-06-10T12:48:05","date_gmt":"2015-06-10T09:48:05","guid":{"rendered":"http:\/\/www.nationalturk.com\/?p=213190"},"modified":"2022-08-26T11:29:35","modified_gmt":"2022-08-26T08:29:35","slug":"kulupler-birligi-ve-3-buyukler-yildirim-demiroren-dedi-213190","status":"publish","type":"post","link":"https:\/\/www.nationalturk.com\/tr\/kulupler-birligi-ve-3-buyukler-yildirim-demiroren-dedi-213190\/","title":{"rendered":"Kul\u00fcpler Birli\u011fi ve 3 b\u00fcy\u00fckler &#8220;Y\u0131ld\u0131r\u0131m Demir\u00f6ren&#8221; dedi!"},"content":{"rendered":"<p><img loading=\"lazy\" decoding=\"async\" class=\"alignnone size-full wp-image-213191\" src=\"http:\/\/www.nationalturk.com\/tr\/wp-content\/uploads\/2015\/06\/demiroren_839292222.jpg\" alt=\"Demir\u00f6ren\" width=\"600\" height=\"338\" title=\"\" srcset=\"https:\/\/www.nationalturk.com\/tr\/wp-content\/uploads\/2015\/06\/demiroren_839292222.jpg 600w, https:\/\/www.nationalturk.com\/tr\/wp-content\/uploads\/2015\/06\/demiroren_839292222-280x158.jpg 280w\" sizes=\"auto, (max-width: 600px) 100vw, 600px\" \/><\/p>\n<h1>Kul\u00fcpler Birli\u011fi Vakf\u0131&#8217;n\u0131n toplant\u0131s\u0131nda, 3 b\u00fcy\u00fcklerin de aralar\u0131nda oldu\u011fu 14 kul\u00fcp ba\u015fkan\u0131 TFF se\u00e7imlerinde mevcut ba\u015fkan Y\u0131ld\u0131r\u0131m Demir\u00f6ren&#8217;i destekleme karar\u0131 ald\u0131.<\/h1>\n<p>Kul\u00fcpler Birli\u011fi Vakf\u0131 Ba\u015fkan\u0131 G\u00f6ksel G\u00fcm\u00fc\u015fda\u011f, T\u00fcrkiye Futbol Federasyonu (TFF) ba\u015fkanl\u0131k se\u00e7iminde 14 kul\u00fcb\u00fcn mevcut ba\u015fkan Y\u0131ld\u0131r\u0131m Demir\u00f6ren&#8217;i destekledi\u011fini, 4 kul\u00fcb\u00fcn de \u00e7ekimser kald\u0131\u011f\u0131 a\u00e7\u0131klad\u0131.<\/p>\n<p>Vakf\u0131n Hali\u00e7 Kongre Merkezi&#8217;nde ger\u00e7ekle\u015ftirilen toplant\u0131s\u0131n\u0131n ard\u0131ndan a\u00e7\u0131klamalarda bulunan G\u00fcm\u00fc\u015fda\u011f, &#8220;Mevcut Ba\u015fkan Y\u0131ld\u0131r\u0131m Demir\u00f6ren&#8217;e destek veren tak\u0131mlar, Galatasaray, Fenerbah\u00e7e, Be\u015fikta\u015f, \u0130stanbul Ba\u015fak\u015fehir Spor, Bursaspor, Konyaspor, Gaziantepspor, Eski\u015fehirspor, Akhisar Belediyespor, \u00c7aykur Rizespor, Sivasspor, Kayserispor, Antalyaspor, Mersin \u0130dmanyurduspor. \u00c7ekimser kalan tak\u0131mlar Trabzonspor, Gen\u00e7lerbirli\u011fi, Kas\u0131mpa\u015fa ve Osmanl\u0131spor. Onlar\u0131nda kararlar\u0131na sayg\u0131 duyuyoruz&#8221; ifadesini kulland\u0131.<\/p>\n<span style=\"font-weight: bold; color: #f00;\">Error, group does not exist! Check your syntax! (ID: 62)<\/span>\n","protected":false},"excerpt":{"rendered":"<p>Kul\u00fcpler Birli\u011fi Vakf\u0131&#8217;n\u0131n toplant\u0131s\u0131nda, 3 b\u00fcy\u00fcklerin de aralar\u0131nda oldu\u011fu 14 kul\u00fcp ba\u015fkan\u0131 TFF se\u00e7imlerinde mevcut ba\u015fkan Y\u0131ld\u0131r\u0131m Demir\u00f6ren&#8217;i destekleme karar\u0131 ald\u0131.<\/p>\n","protected":false},"author":4,"featured_media":213191,"comment_status":"open","ping_status":"open","sticky":false,"template":"","format":"standard","meta":{"_acf_changed":false,"footnotes":""},"categories":[6774,5005,6194],"tags":[1748,849,93638,4114,6477,74177,93579,72845,2269],"class_list":["post-213190","post","type-post","status-publish","format-standard","has-post-thumbnail","hentry","category-futbol","category-manset","category-spor","tag-besiktas","tag-fenerbahce","tag-fenerbahce-yildirim-demiroren-destek","tag-galatasaray","tag-tff","tag-tff-secim","tag-tff-secimi","tag-tff-secimleri","tag-yildirim-demiroren"],"acf":[],"_links":{"self":[{"href":"https:\/\/www.nationalturk.com\/tr\/wp-json\/wp\/v2\/posts\/213190","targetHints":{"allow":["GET"]}}],"collection":[{"href":"https:\/\/www.nationalturk.com\/tr\/wp-json\/wp\/v2\/posts"}],"about":[{"href":"https:\/\/www.nationalturk.com\/tr\/wp-json\/wp\/v2\/types\/post"}],"author":[{"embeddable":true,"href":"https:\/\/www.nationalturk.com\/tr\/wp-json\/wp\/v2\/users\/4"}],"replies":[{"embeddable":true,"href":"https:\/\/www.nationalturk.com\/tr\/wp-json\/wp\/v2\/comments?post=213190"}],"version-history":[{"count":0,"href":"https:\/\/www.nationalturk.com\/tr\/wp-json\/wp\/v2\/posts\/213190\/revisions"}],"wp:featuredmedia":[{"embeddable":true,"href":"https:\/\/www.nationalturk.com\/tr\/wp-json\/wp\/v2\/media\/213191"}],"wp:attachment":[{"href":"https:\/\/www.nationalturk.com\/tr\/wp-json\/wp\/v2\/media?parent=213190"}],"wp:term":[{"taxonomy":"category","embeddable":true,"href":"https:\/\/www.nationalturk.com\/tr\/wp-json\/wp\/v2\/categories?post=213190"},{"taxonomy":"post_tag","embeddable":true,"href":"https:\/\/www.nationalturk.com\/tr\/wp-json\/wp\/v2\/tags?post=213190"}],"curies":[{"name":"wp","href":"https:\/\/api.w.org\/{rel}","templated":true}]}}