{"id":213522,"date":"2015-06-15T12:08:09","date_gmt":"2015-06-15T09:08:09","guid":{"rendered":"http:\/\/www.nationalturk.com\/?p=213522"},"modified":"2015-06-15T13:49:59","modified_gmt":"2015-06-15T10:49:59","slug":"pkk-adiyamanda-is-makinelerini-yakti-213522","status":"publish","type":"post","link":"https:\/\/www.nationalturk.com\/tr\/pkk-adiyamanda-is-makinelerini-yakti-213522\/","title":{"rendered":"PKK Ad\u0131yaman&#8217;da i\u015f makinelerini yakt\u0131"},"content":{"rendered":"<p><img loading=\"lazy\" decoding=\"async\" class=\"alignnone size-large wp-image-213532\" src=\"http:\/\/www.nationalturk.com\/tr\/wp-content\/uploads\/2015\/06\/is_makineleri_yakildi_pkk-540x360.jpg\" alt=\"\" width=\"610\" height=\"390\" title=\"\"><\/p>\n<h1>\u00c7elikhan il\u00e7esinde yap\u0131m\u0131 s\u00fcren baraj in\u015faat\u0131ndaki 5 i\u015f makinesi, ter\u00f6r \u00f6rg\u00fct\u00fc PKK mensuplar\u0131 taraf\u0131ndan ate\u015fe verildi.<\/h1>\n<p>AA muhabirinin ald\u0131\u011f\u0131 bilgiye g\u00f6re, gece ge\u00e7 saatlerde il\u00e7eye ba\u011fl\u0131 Do\u011fanl\u0131 k\u00f6y\u00fcnde yap\u0131m\u0131 devam eden Ko\u00e7ali Baraj\u0131 in\u015faat\u0131na gelen ve ter\u00f6r \u00f6rg\u00fct\u00fc PKK \u00fcyesi olduklar\u0131 belirtilen 6 ki\u015fi, 2 kamyon ve 3 i\u015f makinesini ate\u015fe vererek ka\u00e7t\u0131.<\/p>\n<p>Sabah saatlerinde olay yerine giden firma yetkillierinin durumu haber vermesi \u00fczerine b\u00f6lgeye jandarma sevk edildi.<\/p>\n<p>Ko\u00e7ali Baraj\u0131&#8217;n\u0131n yap\u0131m\u0131na 2,5 ay \u00f6nce ba\u015flanm\u0131\u015ft\u0131.<\/p>\n<!-- Error, Advert is not available at this time due to schedule\/geolocation restrictions! -->\n","protected":false},"excerpt":{"rendered":"<p>\u00c7elikhan il\u00e7esinde yap\u0131m\u0131 s\u00fcren baraj in\u015faat\u0131ndaki 5 i\u015f makinesi, ter\u00f6r \u00f6rg\u00fct\u00fc PKK mensuplar\u0131 taraf\u0131ndan ate\u015fe verildi.<\/p>\n","protected":false},"author":4,"featured_media":213525,"comment_status":"open","ping_status":"open","sticky":false,"template":"","format":"standard","meta":{"_acf_changed":false,"footnotes":""},"categories":[6155,5005,349,6805],"tags":[2306],"class_list":["post-213522","post","type-post","status-publish","format-standard","has-post-thumbnail","hentry","category-gundem","category-manset","category-son-dakika","category-turkiye","tag-adiyaman"],"acf":[],"_links":{"self":[{"href":"https:\/\/www.nationalturk.com\/tr\/wp-json\/wp\/v2\/posts\/213522","targetHints":{"allow":["GET"]}}],"collection":[{"href":"https:\/\/www.nationalturk.com\/tr\/wp-json\/wp\/v2\/posts"}],"about":[{"href":"https:\/\/www.nationalturk.com\/tr\/wp-json\/wp\/v2\/types\/post"}],"author":[{"embeddable":true,"href":"https:\/\/www.nationalturk.com\/tr\/wp-json\/wp\/v2\/users\/4"}],"replies":[{"embeddable":true,"href":"https:\/\/www.nationalturk.com\/tr\/wp-json\/wp\/v2\/comments?post=213522"}],"version-history":[{"count":0,"href":"https:\/\/www.nationalturk.com\/tr\/wp-json\/wp\/v2\/posts\/213522\/revisions"}],"wp:featuredmedia":[{"embeddable":true,"href":"https:\/\/www.nationalturk.com\/tr\/wp-json\/wp\/v2\/media\/213525"}],"wp:attachment":[{"href":"https:\/\/www.nationalturk.com\/tr\/wp-json\/wp\/v2\/media?parent=213522"}],"wp:term":[{"taxonomy":"category","embeddable":true,"href":"https:\/\/www.nationalturk.com\/tr\/wp-json\/wp\/v2\/categories?post=213522"},{"taxonomy":"post_tag","embeddable":true,"href":"https:\/\/www.nationalturk.com\/tr\/wp-json\/wp\/v2\/tags?post=213522"}],"curies":[{"name":"wp","href":"https:\/\/api.w.org\/{rel}","templated":true}]}}