{"id":213764,"date":"2015-06-18T14:24:56","date_gmt":"2015-06-18T11:24:56","guid":{"rendered":"http:\/\/www.nationalturk.com\/?p=213764"},"modified":"2023-04-05T15:38:08","modified_gmt":"2023-04-05T12:38:08","slug":"erdal-alkis-adayliktan-cekildi","status":"publish","type":"post","link":"https:\/\/www.nationalturk.com\/tr\/erdal-alkis-adayliktan-cekildi\/","title":{"rendered":"Erdal Alk\u0131\u015f adayl\u0131ktan \u00e7ekildi"},"content":{"rendered":"<p><img loading=\"lazy\" decoding=\"async\" class=\"alignnone size-large wp-image-213765\" src=\"http:\/\/www.nationalturk.com\/tr\/wp-content\/uploads\/2015\/06\/erdal_alkis-610x343.jpg\" alt=\"Erdal Alk\u0131\u015f\" width=\"610\" height=\"343\" title=\"\" srcset=\"https:\/\/www.nationalturk.com\/tr\/wp-content\/uploads\/2015\/06\/erdal_alkis-610x343.jpg 610w, https:\/\/www.nationalturk.com\/tr\/wp-content\/uploads\/2015\/06\/erdal_alkis-280x158.jpg 280w, https:\/\/www.nationalturk.com\/tr\/wp-content\/uploads\/2015\/06\/erdal_alkis-900x506.jpg 900w, https:\/\/www.nationalturk.com\/tr\/wp-content\/uploads\/2015\/06\/erdal_alkis.jpg 1600w\" sizes=\"auto, (max-width: 610px) 100vw, 610px\" \/><\/p>\n<h1>\u0130\u015f adam\u0131 Erdal Alk\u0131\u015f, T\u00fcrkiye Futbol Federasyonu (TFF) ba\u015fkan adayl\u0131\u011f\u0131ndan \u00e7ekildi\u011fini a\u00e7\u0131klad\u0131.<\/h1>\n<p>Alk\u0131\u015f, yaz\u0131l\u0131 a\u00e7\u0131klamas\u0131nda, adayl\u0131\u011f\u0131n\u0131n \u00f6n\u00fcne engel \u00e7\u0131kar\u0131lmas\u0131 i\u00e7in delegelere bask\u0131 yap\u0131ld\u0131\u011f\u0131n\u0131 savundu. Adaylar aras\u0131nda haks\u0131z rekabet ortam\u0131n\u0131n bulundu\u011funu iddia eden Alk\u0131\u015f, 41 delegenin imzas\u0131n\u0131 toplad\u0131\u011f\u0131n\u0131 bildirdi.<\/p>\n<p>TFF ve Kul\u00fcpler Birli\u011fi Vakf\u0131 aras\u0131nda S\u00fcper Lig A\u015e&#8217;nin kurulmas\u0131 i\u00e7in imzalanan iyi niyet protokol\u00fc ile se\u00e7im \u00f6ncesi 1, 2, ve 3. lig temsilcilerine kar\u015f\u0131 alg\u0131 olu\u015fturulmaya \u00e7al\u0131\u015f\u0131ld\u0131\u011f\u0131n\u0131 ileri s\u00fcren Alk\u0131\u015f, \u015f\u00f6yle devam etti:<\/p>\n<figure id=\"attachment_288115\" aria-describedby=\"caption-attachment-288115\" style=\"width: 1024px\" class=\"wp-caption alignnone\"><a title=\"Yunanistan Kira Garantili Golden Visa\" href=\"https:\/\/www.yurtdisiemlak.com\/golden-visa\/\" target=\"_blank\" rel=\"noopener\"><img loading=\"lazy\" decoding=\"async\" class=\"wp-image-288115 size-large\" src=\"https:\/\/www.nationalturk.com\/wp-content\/uploads\/2023\/03\/Golden-Visa-Yunanistan-Yurt-Disi-Emlak-1024x576.jpeg\" alt=\"Golden Visa Yunanistan Selanik\" width=\"1024\" height=\"576\" title=\"\"><\/a><figcaption id=\"caption-attachment-288115\" class=\"wp-caption-text\">SELAN\u0130K K\u0130RA GARANT\u0130L\u0130 GOLDEN V\u0130SA PROJES\u0130 FIRSATINI KA\u00c7IRMAYIN<\/figcaption><\/figure>\n<p>&#8220;Ortaya \u00e7\u0131kar\u0131lan, bir ill\u00fczyondan ba\u015fka bir \u015fey de\u011fildir. Bu durum ayn\u0131 zamanda demokratik olan se\u00e7im s\u00fcrecini di\u011fer ba\u015fkan adaylar\u0131 a\u00e7\u0131s\u0131ndan antidemokratik bir duruma getirmektedir. Ayr\u0131ca kul\u00fcplerimize ve kamuoyuna do\u011fru anlat\u0131lmad\u0131\u011f\u0131n\u0131 biliyoruz. Yap\u0131lmak istenen, b\u00fct\u00fcn kul\u00fcplerimizi nefessiz b\u0131rakarak, S\u00fcper Lig A\u015e&#8217;nin vicdan\u0131na mahkum etme projesinden ba\u015fka bir \u015fey de\u011fildir. Hi\u00e7bir matematiksel hesaba uymad\u0131\u011f\u0131 halde yap\u0131lmak istenen bu proje, zaten k\u00f6t\u00fc y\u00f6netilen T\u00fcrk futbolunu k\u0131sa zamanda bitirecektir.&#8221;<\/p>\n<p>Alk\u0131\u015f, S\u00fcper Lig A\u015e projesinin payla\u015f\u0131lmayan k\u0131s\u0131mlar\u0131n\u0131 ve di\u011fer detaylar\u0131n\u0131 Cumhurba\u015fkan\u0131 Recep Tayyip Erdo\u011fan&#8217;a en k\u0131sa zamanda anlataca\u011f\u0131n\u0131 kaydetti.<\/p>\n<p>Fenerbah\u00e7e Kul\u00fcb\u00fc Ba\u015fkan\u0131 Aziz Y\u0131ld\u0131r\u0131m ve T\u00fcrkiye Futbol Direkt\u00f6r\u00fc Fatih Terim&#8217;in, T\u00fcrk futbolunun en b\u00fcy\u00fck iki problemi oldu\u011funu iddia eden Alk\u0131\u015f, &#8220;Say\u0131n Y\u0131ld\u0131r\u0131m Demir\u00f6ren&#8217;in se\u00e7im stratejilerinden anlad\u0131\u011f\u0131m\u0131z, bu ki\u015filerin s\u00f6zc\u00fcl\u00fc\u011f\u00fcnden ba\u015fka bir g\u00f6rev icra edemeyece\u011fidir. Bana destek veren t\u00fcm destek\u00e7ilerimizin aff\u0131na s\u0131\u011f\u0131narak adayl\u0131ktan bu maksatla \u00e7ekildi\u011fimi ancak T\u00fcrk futbolunun bekas\u0131 i\u00e7in her an m\u00fccadeleye devam edece\u011fimi kamuoyuna sayg\u0131yla arz ediyorum&#8221; ifadelerini kulland\u0131.<\/p>\n<h2><a title=\"YUNAN\u0130STAN K\u0130RA GARANT\u0130L\u0130 GOLDEN V\u0130SA PROJES\u0130\" href=\"https:\/\/www.yurtdisiemlak.com\/golden-visa\/\" target=\"_blank\" rel=\"noopener\">YUNAN\u0130STAN K\u0130RA GARANT\u0130L\u0130 GOLDEN V\u0130SA PROJES\u0130<\/a><\/h2>\n<p><!--more--><\/p>\n<div class=\"page\" title=\"Page 1\">\n<div class=\"layoutArea\">\n<div class=\"column\"><\/div>\n<\/div>\n<\/div>\n<p><a title=\"Yunanistan Kira Garantili Golden Visa\" href=\"https:\/\/www.yurtdisiemlak.com\/golden-visa\/\" target=\"_blank\" rel=\"noopener\"><img loading=\"lazy\" decoding=\"async\" class=\"alignnone wp-image-288111\" src=\"https:\/\/www.nationalturk.com\/wp-content\/uploads\/2023\/03\/yunanistan-golden-visa-yurt-disi-emlak-600x180.jpeg\" alt=\"Yunanistan Kira Garantili Golden Visa Program\u0131 Sat\u0131l\u0131k Gayrimenkul\" width=\"1068\" height=\"320\" title=\"\"><\/a><\/p>\n<!-- Error, Advert is not available at this time due to schedule\/geolocation restrictions! -->\n","protected":false},"excerpt":{"rendered":"<p>\u0130\u015f adam\u0131 Erdal Alk\u0131\u015f, T\u00fcrkiye Futbol Federasyonu (TFF) ba\u015fkan adayl\u0131\u011f\u0131ndan \u00e7ekildi\u011fini a\u00e7\u0131klad\u0131.<\/p>\n","protected":false},"author":4,"featured_media":213766,"comment_status":"open","ping_status":"open","sticky":false,"template":"","format":"standard","meta":{"_acf_changed":false,"footnotes":""},"categories":[6774,6194],"tags":[93162,93163,93166,93164,6477,93165,93167,74168,74177,2269],"class_list":["post-213764","post","type-post","status-publish","format-standard","has-post-thumbnail","hentry","category-futbol","category-spor","tag-erdal-alkis","tag-erdal-alkis-kimdir","tag-erdal-alkis-tff-baskan-adayi","tag-erdal-alkis-tff-baskani","tag-tff","tag-tff-baskan-adaylari","tag-tff-baskanlik-secimi","tag-tff-genel-kurul","tag-tff-secim","tag-yildirim-demiroren"],"acf":[],"_links":{"self":[{"href":"https:\/\/www.nationalturk.com\/tr\/wp-json\/wp\/v2\/posts\/213764","targetHints":{"allow":["GET"]}}],"collection":[{"href":"https:\/\/www.nationalturk.com\/tr\/wp-json\/wp\/v2\/posts"}],"about":[{"href":"https:\/\/www.nationalturk.com\/tr\/wp-json\/wp\/v2\/types\/post"}],"author":[{"embeddable":true,"href":"https:\/\/www.nationalturk.com\/tr\/wp-json\/wp\/v2\/users\/4"}],"replies":[{"embeddable":true,"href":"https:\/\/www.nationalturk.com\/tr\/wp-json\/wp\/v2\/comments?post=213764"}],"version-history":[{"count":0,"href":"https:\/\/www.nationalturk.com\/tr\/wp-json\/wp\/v2\/posts\/213764\/revisions"}],"wp:featuredmedia":[{"embeddable":true,"href":"https:\/\/www.nationalturk.com\/tr\/wp-json\/wp\/v2\/media\/213766"}],"wp:attachment":[{"href":"https:\/\/www.nationalturk.com\/tr\/wp-json\/wp\/v2\/media?parent=213764"}],"wp:term":[{"taxonomy":"category","embeddable":true,"href":"https:\/\/www.nationalturk.com\/tr\/wp-json\/wp\/v2\/categories?post=213764"},{"taxonomy":"post_tag","embeddable":true,"href":"https:\/\/www.nationalturk.com\/tr\/wp-json\/wp\/v2\/tags?post=213764"}],"curies":[{"name":"wp","href":"https:\/\/api.w.org\/{rel}","templated":true}]}}